{"id":121679,"date":"2023-06-23T21:38:37","date_gmt":"2023-06-24T00:38:37","guid":{"rendered":"https:\/\/fluency.io\/br\/blog\/ciclo-de-vida-do-produto-na-industria-da-moda-tendencias-e-transformacoes\/"},"modified":"2023-07-31T16:47:10","modified_gmt":"2023-07-31T19:47:10","slug":"ciclo-de-vida-do-produto-na-industria-da-moda-tendencias-e-transformacoes","status":"publish","type":"post","link":"https:\/\/homolog.fluency.io\/br\/blog\/ciclo-de-vida-do-produto-na-industria-da-moda-tendencias-e-transformacoes\/","title":{"rendered":"Ciclo de Vida do Produto na Ind\u00fastria da Moda: Tend\u00eancias e Transforma\u00e7\u00f5es"},"content":{"rendered":"<p><!DOCTYPE html><br \/>\n<html lang=\"en\"><br \/>\n<head><br \/>\n  <meta charset=\"UTF-8\"><br \/>\n  <meta http-equiv=\"X-UA-Compatible\" content=\"IE=edge\"><br \/>\n  <meta name=\"viewport\" content=\"width=device-width, initial-scale=1.0\"><br \/>\n  <title>Transforma\u00e7\u00f5es Sustent\u00e1veis no Ciclo de Vida do Produto de Moda<\/title><br \/>\n<\/head><br \/>\n<body><\/p>\n<h2>Transforma\u00e7\u00f5es Sustent\u00e1veis no Ciclo de Vida do Produto de Moda<\/h2>\n<p>Com um novo olhar voltado para a sustentabilidade, a ind\u00fastria da moda tem buscado cada vez mais transforma\u00e7\u00f5es no ciclo de vida do produto de moda. Diversas a\u00e7\u00f5es e estrat\u00e9gias t\u00eam sido implementadas para reduzir o impacto ambiental e social dessa ind\u00fastria.<\/p>\n<h3>Ado\u00e7\u00e3o de pr\u00e1ticas de produ\u00e7\u00e3o mais respons\u00e1veis<\/h3>\n<p>Uma das principais transforma\u00e7\u00f5es sustent\u00e1veis no ciclo de vida do produto de moda \u00e9 a ado\u00e7\u00e3o de pr\u00e1ticas de produ\u00e7\u00e3o mais respons\u00e1veis. Isso inclui o uso de materiais org\u00e2nicos, reciclados ou de baixo impacto ambiental, bem como a redu\u00e7\u00e3o do consumo de \u00e1gua e energia durante o processo produtivo.<\/p>\n<h3>Reciclagem e reutiliza\u00e7\u00e3o de roupas<\/h3>\n<p>Al\u00e9m disso, existem iniciativas para promover a reciclagem e a reutiliza\u00e7\u00e3o de roupas, incentivando os consumidores a doarem suas pe\u00e7as usadas ou a comprarem roupas de segunda m\u00e3o. Essas a\u00e7\u00f5es contribuem para reduzir a quantidade de res\u00edduos t\u00eaxteis e o descarte inadequado de roupas.<\/p>\n<h3>Cadeia de fornecimento mais \u00e9tica e transparente<\/h3>\n<p>Outra transforma\u00e7\u00e3o importante \u00e9 a busca por uma cadeia de fornecimento mais \u00e9tica e transparente. Isso implica na melhoria das condi\u00e7\u00f5es de trabalho nas f\u00e1bricas de produ\u00e7\u00e3o, garantindo sal\u00e1rios justos e respeito aos direitos dos trabalhadores. Al\u00e9m disso, as empresas t\u00eam investido em certifica\u00e7\u00f5es que atestam o compromisso com pr\u00e1ticas socialmente respons\u00e1veis.<\/p>\n<h3>Educa\u00e7\u00e3o e conscientiza\u00e7\u00e3o dos consumidores<\/h3>\n<p>A educa\u00e7\u00e3o e conscientiza\u00e7\u00e3o dos consumidores tamb\u00e9m desempenham um papel fundamental na transforma\u00e7\u00e3o sustent\u00e1vel do ciclo de vida do produto de moda. Com informa\u00e7\u00f5es sobre os impactos negativos da ind\u00fastria da moda e alternativas sustent\u00e1veis dispon\u00edveis, os consumidores podem fazer escolhas mais conscientes e respons\u00e1veis na hora de adquirir roupas.<\/p>\n<h2>Import\u00e2ncia do Ciclo de Vida do Produto na Ind\u00fastria da Moda<\/h2>\n<p>O ciclo de vida do produto na ind\u00fastria da moda \u00e9 uma importante ferramenta para identificar os impactos ambientais e sociais de uma roupa ao longo de todo seu ciclo, desde a extra\u00e7\u00e3o de mat\u00e9ria-prima at\u00e9 o descarte.<\/p>\n<p>Muitas vezes, ao comprar uma roupa, n\u00e3o consideramos todo o processo que envolve sua produ\u00e7\u00e3o. No entanto, desde a produ\u00e7\u00e3o do algod\u00e3o at\u00e9 a confec\u00e7\u00e3o e transporte da roupa, existem diversos impactos negativos no meio ambiente, como o consumo de \u00e1gua e energia, a polui\u00e7\u00e3o do ar e a gera\u00e7\u00e3o de res\u00edduos.<\/p>\n<p>Por isso, \u00e9 essencial que as empresas da ind\u00fastria da moda adotem uma abordagem mais sustent\u00e1vel ao longo de todo o ciclo de vida do produto. Isso significa buscar solu\u00e7\u00f5es para minimizar os impactos negativos, como a redu\u00e7\u00e3o do uso de recursos naturais, o desenvolvimento de materiais mais sustent\u00e1veis e a implementa\u00e7\u00e3o de processos de produ\u00e7\u00e3o mais eficientes.<\/p>\n<p>Al\u00e9m disso, a considera\u00e7\u00e3o do ciclo de vida do produto permite \u00e0s empresas identificar oportunidades para inovar e criar solu\u00e7\u00f5es sustent\u00e1veis. Isso inclui o desenvolvimento de novas tecnologias e materiais que causem menos impacto ambiental, bem como a cria\u00e7\u00e3o de modelos de neg\u00f3cios baseados na economia circular, que buscam prolongar a vida \u00fatil das roupas.<\/p>\n<p>A import\u00e2ncia do ciclo de vida do produto na ind\u00fastria da moda vai al\u00e9m das quest\u00f5es ambientais. Tamb\u00e9m \u00e9 crucial considerar os aspectos sociais, como os direitos dos trabalhadores, a remunera\u00e7\u00e3o justa e o combate ao trabalho escravo. A transpar\u00eancia ao longo de toda a cadeia de produ\u00e7\u00e3o \u00e9 fundamental para garantir que as roupas sejam produzidas de forma \u00e9tica e respons\u00e1vel.<\/p>\n<p>Em conclus\u00e3o, as transforma\u00e7\u00f5es sustent\u00e1veis no ciclo de vida do produto de moda s\u00e3o essenciais para reduzir os impactos negativos da ind\u00fastria da moda no meio ambiente e na sociedade. A ado\u00e7\u00e3o de pr\u00e1ticas mais respons\u00e1veis, a busca por uma cadeia de fornecimento \u00e9tica e transparente, a conscientiza\u00e7\u00e3o dos consumidores e a considera\u00e7\u00e3o do ciclo de vida do produto s\u00e3o aspectos fundamentais para promover uma moda mais sustent\u00e1vel. A ind\u00fastria da moda tem o desafio de buscar solu\u00e7\u00f5es inovadoras e transformar seus processos para contribuir para um futuro mais sustent\u00e1vel.<\/p>\n<p>Desenvolva a sua carreira hoje mesmo! Conhe\u00e7a a <a href=\"https:\/\/fluency.io\/br\/blog\/?utm_source=blog\">Awari<\/a>.<\/p>\n<p>A Awari \u00e9 uma plataforma de ensino completa que conta com mentorias individuais, cursos com aulas ao vivo e suporte de carreira para voc\u00ea dar seu pr\u00f3ximo passo profissional. Quer aprender mais sobre as t\u00e9cnicas necess\u00e1rias para se tornar um profissional de relev\u00e2ncia e sucesso?<\/p>\n<p>Conhe\u00e7a <a href=\"https:\/\/fluency.io\/br\/blog\/cursos?utm_source=blog\">nossos cursos<\/a> e desenvolva compet\u00eancias essenciais com jornada personalizada, para desenvolver e evoluir seu curr\u00edculo, o seu pessoal e materiais complementares desenvolvidos por especialistas no mercado!<\/p>\n<p><\/body><br \/>\n<\/html><\/p>\n","protected":false},"excerpt":{"rendered":"<p>Transforma\u00e7\u00f5es sustent\u00e1veis no ciclo de vida do produto de moda s\u00e3o essenciais para uma ind\u00fastria mais respons\u00e1vel. A ado\u00e7\u00e3o de pr\u00e1ticas respons\u00e1veis, a busca por uma cadeia de fornecimento \u00e9tica, a conscientiza\u00e7\u00e3o dos consumidores e a considera\u00e7\u00e3o do ciclo de vida do produto s\u00e3o aspectos fundamentais para promover uma moda mais sustent\u00e1vel. Saiba mais no artigo! #ciclodevidadoprodutodemoda<\/p>\n","protected":false},"author":9,"featured_media":0,"comment_status":"open","ping_status":"open","sticky":false,"template":"","format":[186],"meta":{"inline_featured_image":false,"footnotes":""},"categories":[229],"tags":[],"trilha":[],"class_list":["post-121679","post","type-post","status-publish","format-standard","hentry","category-skills","format-artigos"],"acf":[],"yoast_head":"<!-- This site is optimized with the Yoast SEO plugin v27.4 - https:\/\/yoast.com\/product\/yoast-seo-wordpress\/ -->\n<title>Ciclo de Vida do Produto na Ind\u00fastria da Moda: Tend\u00eancias e Transforma\u00e7\u00f5es - Fluency.io Brasil<\/title>\n<meta name=\"description\" content=\"Transforma\u00e7\u00f5es sustent\u00e1veis no ciclo de vida do produto de moda s\u00e3o essenciais para uma ind\u00fastria mais respons\u00e1vel. A ado\u00e7\u00e3o de pr\u00e1ticas respons\u00e1veis, a bu...\" \/>\n<meta name=\"robots\" content=\"noindex, follow, max-snippet:-1, max-image-preview:large, max-video-preview:-1\" \/>\n<meta property=\"og:locale\" content=\"pt_BR\" \/>\n<meta property=\"og:type\" content=\"article\" \/>\n<meta property=\"og:title\" content=\"Ciclo de Vida do Produto na Ind\u00fastria da Moda: Tend\u00eancias e Transforma\u00e7\u00f5es - Fluency.io Brasil\" \/>\n<meta property=\"og:description\" content=\"Transforma\u00e7\u00f5es sustent\u00e1veis no ciclo de vida do produto de moda s\u00e3o essenciais para uma ind\u00fastria mais respons\u00e1vel. A ado\u00e7\u00e3o de pr\u00e1ticas respons\u00e1veis, a bu...\" \/>\n<meta property=\"og:url\" content=\"https:\/\/homolog.fluency.io\/br\/blog\/ciclo-de-vida-do-produto-na-industria-da-moda-tendencias-e-transformacoes\/\" \/>\n<meta property=\"og:site_name\" content=\"Fluency.io Brasil\" \/>\n<meta property=\"article:published_time\" content=\"2023-06-24T00:38:37+00:00\" \/>\n<meta property=\"article:modified_time\" content=\"2023-07-31T19:47:10+00:00\" \/>\n<meta name=\"twitter:card\" content=\"summary_large_image\" \/>\n<meta name=\"twitter:label1\" content=\"Escrito por\" \/>\n\t<meta name=\"twitter:data1\" content=\"kaue\" \/>\n\t<meta name=\"twitter:label2\" content=\"Est. tempo de leitura\" \/>\n\t<meta name=\"twitter:data2\" content=\"4 minutos\" \/>\n<script type=\"application\/ld+json\" class=\"yoast-schema-graph\">{\"@context\":\"https:\\\/\\\/schema.org\",\"@graph\":[{\"@type\":\"Article\",\"@id\":\"https:\\\/\\\/homolog.fluency.io\\\/br\\\/blog\\\/ciclo-de-vida-do-produto-na-industria-da-moda-tendencias-e-transformacoes\\\/#article\",\"isPartOf\":{\"@id\":\"https:\\\/\\\/homolog.fluency.io\\\/br\\\/blog\\\/ciclo-de-vida-do-produto-na-industria-da-moda-tendencias-e-transformacoes\\\/\"},\"author\":{\"name\":\"kaue\",\"@id\":\"https:\\\/\\\/homolog.fluency.io\\\/br\\\/#\\\/schema\\\/person\\\/7b3b2b50ba17b7f2ad0cce0a40bfa00a\"},\"headline\":\"Ciclo de Vida do Produto na Ind\u00fastria da Moda: Tend\u00eancias e Transforma\u00e7\u00f5es\",\"datePublished\":\"2023-06-24T00:38:37+00:00\",\"dateModified\":\"2023-07-31T19:47:10+00:00\",\"mainEntityOfPage\":{\"@id\":\"https:\\\/\\\/homolog.fluency.io\\\/br\\\/blog\\\/ciclo-de-vida-do-produto-na-industria-da-moda-tendencias-e-transformacoes\\\/\"},\"wordCount\":846,\"commentCount\":0,\"articleSection\":[\"Skills\"],\"inLanguage\":\"pt-BR\",\"potentialAction\":[{\"@type\":\"CommentAction\",\"name\":\"Comment\",\"target\":[\"https:\\\/\\\/homolog.fluency.io\\\/br\\\/blog\\\/ciclo-de-vida-do-produto-na-industria-da-moda-tendencias-e-transformacoes\\\/#respond\"]}]},{\"@type\":\"WebPage\",\"@id\":\"https:\\\/\\\/homolog.fluency.io\\\/br\\\/blog\\\/ciclo-de-vida-do-produto-na-industria-da-moda-tendencias-e-transformacoes\\\/\",\"url\":\"https:\\\/\\\/homolog.fluency.io\\\/br\\\/blog\\\/ciclo-de-vida-do-produto-na-industria-da-moda-tendencias-e-transformacoes\\\/\",\"name\":\"Ciclo de Vida do Produto na Ind\u00fastria da Moda: Tend\u00eancias e Transforma\u00e7\u00f5es - Fluency.io Brasil\",\"isPartOf\":{\"@id\":\"https:\\\/\\\/homolog.fluency.io\\\/br\\\/#website\"},\"datePublished\":\"2023-06-24T00:38:37+00:00\",\"dateModified\":\"2023-07-31T19:47:10+00:00\",\"author\":{\"@id\":\"https:\\\/\\\/homolog.fluency.io\\\/br\\\/#\\\/schema\\\/person\\\/7b3b2b50ba17b7f2ad0cce0a40bfa00a\"},\"description\":\"Transforma\u00e7\u00f5es sustent\u00e1veis no ciclo de vida do produto de moda s\u00e3o essenciais para uma ind\u00fastria mais respons\u00e1vel. A ado\u00e7\u00e3o de pr\u00e1ticas respons\u00e1veis, a bu...\",\"breadcrumb\":{\"@id\":\"https:\\\/\\\/homolog.fluency.io\\\/br\\\/blog\\\/ciclo-de-vida-do-produto-na-industria-da-moda-tendencias-e-transformacoes\\\/#breadcrumb\"},\"inLanguage\":\"pt-BR\",\"potentialAction\":[{\"@type\":\"ReadAction\",\"target\":[\"https:\\\/\\\/homolog.fluency.io\\\/br\\\/blog\\\/ciclo-de-vida-do-produto-na-industria-da-moda-tendencias-e-transformacoes\\\/\"]}]},{\"@type\":\"BreadcrumbList\",\"@id\":\"https:\\\/\\\/homolog.fluency.io\\\/br\\\/blog\\\/ciclo-de-vida-do-produto-na-industria-da-moda-tendencias-e-transformacoes\\\/#breadcrumb\",\"itemListElement\":[{\"@type\":\"ListItem\",\"position\":1,\"name\":\"In\u00edcio\",\"item\":\"https:\\\/\\\/homolog.fluency.io\\\/br\\\/\"},{\"@type\":\"ListItem\",\"position\":2,\"name\":\"Ciclo de Vida do Produto na Ind\u00fastria da Moda: Tend\u00eancias e Transforma\u00e7\u00f5es\"}]},{\"@type\":\"WebSite\",\"@id\":\"https:\\\/\\\/homolog.fluency.io\\\/br\\\/#website\",\"url\":\"https:\\\/\\\/homolog.fluency.io\\\/br\\\/\",\"name\":\"Fluency.io Brasil\",\"description\":\"\",\"potentialAction\":[{\"@type\":\"SearchAction\",\"target\":{\"@type\":\"EntryPoint\",\"urlTemplate\":\"https:\\\/\\\/homolog.fluency.io\\\/br\\\/?s={search_term_string}\"},\"query-input\":{\"@type\":\"PropertyValueSpecification\",\"valueRequired\":true,\"valueName\":\"search_term_string\"}}],\"inLanguage\":\"pt-BR\"},{\"@type\":\"Person\",\"@id\":\"https:\\\/\\\/homolog.fluency.io\\\/br\\\/#\\\/schema\\\/person\\\/7b3b2b50ba17b7f2ad0cce0a40bfa00a\",\"name\":\"kaue\",\"image\":{\"@type\":\"ImageObject\",\"inLanguage\":\"pt-BR\",\"@id\":\"https:\\\/\\\/secure.gravatar.com\\\/avatar\\\/bdd3958fa53019cfd8f789c0a49a730e7ba40a1d20cb42c9ced7646285842479?s=96&d=mm&r=g\",\"url\":\"https:\\\/\\\/secure.gravatar.com\\\/avatar\\\/bdd3958fa53019cfd8f789c0a49a730e7ba40a1d20cb42c9ced7646285842479?s=96&d=mm&r=g\",\"contentUrl\":\"https:\\\/\\\/secure.gravatar.com\\\/avatar\\\/bdd3958fa53019cfd8f789c0a49a730e7ba40a1d20cb42c9ced7646285842479?s=96&d=mm&r=g\",\"caption\":\"kaue\"},\"url\":\"https:\\\/\\\/homolog.fluency.io\\\/br\\\/author\\\/kaue\\\/\"}]}<\/script>\n<!-- \/ Yoast SEO plugin. -->","yoast_head_json":{"title":"Ciclo de Vida do Produto na Ind\u00fastria da Moda: Tend\u00eancias e Transforma\u00e7\u00f5es - Fluency.io Brasil","description":"Transforma\u00e7\u00f5es sustent\u00e1veis no ciclo de vida do produto de moda s\u00e3o essenciais para uma ind\u00fastria mais respons\u00e1vel. A ado\u00e7\u00e3o de pr\u00e1ticas respons\u00e1veis, a bu...","robots":{"index":"noindex","follow":"follow","max-snippet":"max-snippet:-1","max-image-preview":"max-image-preview:large","max-video-preview":"max-video-preview:-1"},"og_locale":"pt_BR","og_type":"article","og_title":"Ciclo de Vida do Produto na Ind\u00fastria da Moda: Tend\u00eancias e Transforma\u00e7\u00f5es - Fluency.io Brasil","og_description":"Transforma\u00e7\u00f5es sustent\u00e1veis no ciclo de vida do produto de moda s\u00e3o essenciais para uma ind\u00fastria mais respons\u00e1vel. A ado\u00e7\u00e3o de pr\u00e1ticas respons\u00e1veis, a bu...","og_url":"https:\/\/homolog.fluency.io\/br\/blog\/ciclo-de-vida-do-produto-na-industria-da-moda-tendencias-e-transformacoes\/","og_site_name":"Fluency.io Brasil","article_published_time":"2023-06-24T00:38:37+00:00","article_modified_time":"2023-07-31T19:47:10+00:00","twitter_card":"summary_large_image","twitter_misc":{"Escrito por":"kaue","Est. tempo de leitura":"4 minutos"},"schema":{"@context":"https:\/\/schema.org","@graph":[{"@type":"Article","@id":"https:\/\/homolog.fluency.io\/br\/blog\/ciclo-de-vida-do-produto-na-industria-da-moda-tendencias-e-transformacoes\/#article","isPartOf":{"@id":"https:\/\/homolog.fluency.io\/br\/blog\/ciclo-de-vida-do-produto-na-industria-da-moda-tendencias-e-transformacoes\/"},"author":{"name":"kaue","@id":"https:\/\/homolog.fluency.io\/br\/#\/schema\/person\/7b3b2b50ba17b7f2ad0cce0a40bfa00a"},"headline":"Ciclo de Vida do Produto na Ind\u00fastria da Moda: Tend\u00eancias e Transforma\u00e7\u00f5es","datePublished":"2023-06-24T00:38:37+00:00","dateModified":"2023-07-31T19:47:10+00:00","mainEntityOfPage":{"@id":"https:\/\/homolog.fluency.io\/br\/blog\/ciclo-de-vida-do-produto-na-industria-da-moda-tendencias-e-transformacoes\/"},"wordCount":846,"commentCount":0,"articleSection":["Skills"],"inLanguage":"pt-BR","potentialAction":[{"@type":"CommentAction","name":"Comment","target":["https:\/\/homolog.fluency.io\/br\/blog\/ciclo-de-vida-do-produto-na-industria-da-moda-tendencias-e-transformacoes\/#respond"]}]},{"@type":"WebPage","@id":"https:\/\/homolog.fluency.io\/br\/blog\/ciclo-de-vida-do-produto-na-industria-da-moda-tendencias-e-transformacoes\/","url":"https:\/\/homolog.fluency.io\/br\/blog\/ciclo-de-vida-do-produto-na-industria-da-moda-tendencias-e-transformacoes\/","name":"Ciclo de Vida do Produto na Ind\u00fastria da Moda: Tend\u00eancias e Transforma\u00e7\u00f5es - Fluency.io Brasil","isPartOf":{"@id":"https:\/\/homolog.fluency.io\/br\/#website"},"datePublished":"2023-06-24T00:38:37+00:00","dateModified":"2023-07-31T19:47:10+00:00","author":{"@id":"https:\/\/homolog.fluency.io\/br\/#\/schema\/person\/7b3b2b50ba17b7f2ad0cce0a40bfa00a"},"description":"Transforma\u00e7\u00f5es sustent\u00e1veis no ciclo de vida do produto de moda s\u00e3o essenciais para uma ind\u00fastria mais respons\u00e1vel. A ado\u00e7\u00e3o de pr\u00e1ticas respons\u00e1veis, a bu...","breadcrumb":{"@id":"https:\/\/homolog.fluency.io\/br\/blog\/ciclo-de-vida-do-produto-na-industria-da-moda-tendencias-e-transformacoes\/#breadcrumb"},"inLanguage":"pt-BR","potentialAction":[{"@type":"ReadAction","target":["https:\/\/homolog.fluency.io\/br\/blog\/ciclo-de-vida-do-produto-na-industria-da-moda-tendencias-e-transformacoes\/"]}]},{"@type":"BreadcrumbList","@id":"https:\/\/homolog.fluency.io\/br\/blog\/ciclo-de-vida-do-produto-na-industria-da-moda-tendencias-e-transformacoes\/#breadcrumb","itemListElement":[{"@type":"ListItem","position":1,"name":"In\u00edcio","item":"https:\/\/homolog.fluency.io\/br\/"},{"@type":"ListItem","position":2,"name":"Ciclo de Vida do Produto na Ind\u00fastria da Moda: Tend\u00eancias e Transforma\u00e7\u00f5es"}]},{"@type":"WebSite","@id":"https:\/\/homolog.fluency.io\/br\/#website","url":"https:\/\/homolog.fluency.io\/br\/","name":"Fluency.io Brasil","description":"","potentialAction":[{"@type":"SearchAction","target":{"@type":"EntryPoint","urlTemplate":"https:\/\/homolog.fluency.io\/br\/?s={search_term_string}"},"query-input":{"@type":"PropertyValueSpecification","valueRequired":true,"valueName":"search_term_string"}}],"inLanguage":"pt-BR"},{"@type":"Person","@id":"https:\/\/homolog.fluency.io\/br\/#\/schema\/person\/7b3b2b50ba17b7f2ad0cce0a40bfa00a","name":"kaue","image":{"@type":"ImageObject","inLanguage":"pt-BR","@id":"https:\/\/secure.gravatar.com\/avatar\/bdd3958fa53019cfd8f789c0a49a730e7ba40a1d20cb42c9ced7646285842479?s=96&d=mm&r=g","url":"https:\/\/secure.gravatar.com\/avatar\/bdd3958fa53019cfd8f789c0a49a730e7ba40a1d20cb42c9ced7646285842479?s=96&d=mm&r=g","contentUrl":"https:\/\/secure.gravatar.com\/avatar\/bdd3958fa53019cfd8f789c0a49a730e7ba40a1d20cb42c9ced7646285842479?s=96&d=mm&r=g","caption":"kaue"},"url":"https:\/\/homolog.fluency.io\/br\/author\/kaue\/"}]}},"_links":{"self":[{"href":"https:\/\/homolog.fluency.io\/br\/wp-json\/wp\/v2\/posts\/121679","targetHints":{"allow":["GET"]}}],"collection":[{"href":"https:\/\/homolog.fluency.io\/br\/wp-json\/wp\/v2\/posts"}],"about":[{"href":"https:\/\/homolog.fluency.io\/br\/wp-json\/wp\/v2\/types\/post"}],"author":[{"embeddable":true,"href":"https:\/\/homolog.fluency.io\/br\/wp-json\/wp\/v2\/users\/9"}],"replies":[{"embeddable":true,"href":"https:\/\/homolog.fluency.io\/br\/wp-json\/wp\/v2\/comments?post=121679"}],"version-history":[{"count":0,"href":"https:\/\/homolog.fluency.io\/br\/wp-json\/wp\/v2\/posts\/121679\/revisions"}],"wp:attachment":[{"href":"https:\/\/homolog.fluency.io\/br\/wp-json\/wp\/v2\/media?parent=121679"}],"wp:term":[{"taxonomy":"category","embeddable":true,"href":"https:\/\/homolog.fluency.io\/br\/wp-json\/wp\/v2\/categories?post=121679"},{"taxonomy":"post_tag","embeddable":true,"href":"https:\/\/homolog.fluency.io\/br\/wp-json\/wp\/v2\/tags?post=121679"},{"taxonomy":"format","embeddable":true,"href":"https:\/\/homolog.fluency.io\/br\/wp-json\/wp\/v2\/format?post=121679"},{"taxonomy":"trilha","embeddable":true,"href":"https:\/\/homolog.fluency.io\/br\/wp-json\/wp\/v2\/trilha?post=121679"}],"curies":[{"name":"wp","href":"https:\/\/api.w.org\/{rel}","templated":true}]}}