{"id":124156,"date":"2023-06-29T16:10:27","date_gmt":"2023-06-29T19:10:27","guid":{"rendered":"https:\/\/fluency.io\/br\/blog\/etica-empresarial-valores-e-conduta-nas-organizacoes\/"},"modified":"2023-07-31T17:28:22","modified_gmt":"2023-07-31T20:28:22","slug":"etica-empresarial-valores-e-conduta-nas-organizacoes","status":"publish","type":"post","link":"https:\/\/homolog.fluency.io\/br\/blog\/etica-empresarial-valores-e-conduta-nas-organizacoes\/","title":{"rendered":"\u00c9tica Empresarial: Valores e Conduta nas Organiza\u00e7\u00f5es"},"content":{"rendered":"\n<h2 class=\"wp-block-heading\">\u00c9tica Empresarial: Valores e Conduta nas Organiza\u00e7\u00f5es<\/h2>\n\n\n\n<p>A \u00e9tica empresarial \u00e9 um tema de grande import\u00e2ncia para as organiza\u00e7\u00f5es. Valores como integridade e respeito devem guiar a conduta das empresas em suas intera\u00e7\u00f5es internas e externas. A ado\u00e7\u00e3o de um c\u00f3digo de conduta e a presen\u00e7a de uma lideran\u00e7a \u00e9tica s\u00e3o fundamentais para promover uma cultura organizacional que valoriza a este tema. Al\u00e9m dos benef\u00edcios para a reputa\u00e7\u00e3o e sustentabilidade, ela pode se tornar um diferencial competitivo para as empresas. Por isso, \u00e9 essencial que as organiza\u00e7\u00f5es se importem com a \u00e9tica empresarial, buscando sempre o equil\u00edbrio entre os seus interesses e a responsabilidade social.<\/p>\n\n\n\n<h3 class=\"wp-block-heading\">O que \u00e9 \u00e9tica empresarial?<\/h3>\n\n\n\n<p>\u00c9tica empresarial refere-se aos princ\u00edpios e valores que guiam o comportamento \u00e9tico das organiza\u00e7\u00f5es no ambiente de neg\u00f3cios. Esses princ\u00edpios s\u00e3o aplicados para criar uma cultura de neg\u00f3cios respons\u00e1vel, sustent\u00e1vel e moralmente correta. Ela envolve a tomada de decis\u00f5es justas, a busca do bem comum e o respeito pelos direitos humanos.<\/p>\n\n\n\n<h3 class=\"wp-block-heading\">A import\u00e2ncia da \u00e9tica empresarial para as organiza\u00e7\u00f5es<\/h3>\n\n\n\n<p>A \u00e9tica empresarial desempenha um papel fundamental nas organiza\u00e7\u00f5es modernas. Sua import\u00e2ncia n\u00e3o se limita apenas ao cumprimento de obriga\u00e7\u00f5es legais, mas tamb\u00e9m se estende aos relacionamentos com clientes, funcion\u00e1rios, fornecedores e a sociedade como um todo. A seguir, destacamos algumas raz\u00f5es pelas quais \u00e9 crucial para o sucesso de uma organiza\u00e7\u00e3o:<\/p>\n\n\n\n<ol class=\"wp-block-list\">\n<li>\n<h4><a href=\"https:\/\/fia.com.br\/blog\/reputacao-corporativa\/\" target=\"_blank\" rel=\"noopener\">Constru\u00e7\u00e3o de uma boa reputa\u00e7\u00e3o<\/a><\/h4>\n<p>Empresas que adotam pr\u00e1ticas \u00e9ticas constroem uma reputa\u00e7\u00e3o s\u00f3lida e confi\u00e1vel. Clientes e stakeholders valorizam organiza\u00e7\u00f5es que demonstram um compromisso genu\u00edno com a \u00e9tica empresarial.<\/p>\n<\/li>\n\n\n\n<li>\n<h4><a href=\"https:\/\/www.siteware.com.br\/gestao-de-equipe\/retencao-de-talentos\/\" target=\"_blank\" rel=\"noopener\">Atra\u00e7\u00e3o e reten\u00e7\u00e3o de talentos<\/a><\/h4>\n<p>Profissionais qualificados e \u00e9ticos procuram trabalhar em empresas que compartilham seus valores. A \u00e9tica empresarial desempenha um papel importante na atra\u00e7\u00e3o e reten\u00e7\u00e3o de talentos, contribuindo para a forma\u00e7\u00e3o de equipes comprometidas e motivadas.<\/p>\n<\/li>\n\n\n\n<li>\n<h4><a href=\"https:\/\/www.uc.pt\/sustentabilidade\/srs\" target=\"_blank\" rel=\"noopener\">Sustentabilidade e responsabilidade social<\/a><\/h4>\n<p>A \u00e9tica empresarial est\u00e1 intrinsecamente ligada \u00e0 responsabilidade social corporativa. Empresas \u00e9ticas buscam minimizar seu impacto ambiental, promover a inclus\u00e3o social e contribuir para o bem-estar das comunidades em que operam.<\/p>\n<\/li>\n\n\n\n<li>\n<h4>Relacionamento com clientes e fornecedores<\/h4>\n<p>Empresas \u00e9ticas cultivam relacionamentos de longo prazo com seus clientes e fornecedores. O comportamento \u00e9tico fortalece a confian\u00e7a e a lealdade dos clientes, al\u00e9m de estabelecer parcerias comerciais baseadas na integridade e na transpar\u00eancia.<\/p>\n<\/li>\n\n\n\n<li>\n<h4><a href=\"https:\/\/tede.pucsp.br\/handle\/handle\/979\" target=\"_blank\" rel=\"noopener\">Compliance e preven\u00e7\u00e3o de fraudes<\/a><\/h4>\n<p>A \u00e9tica empresarial est\u00e1 intimamente relacionada ao cumprimento das leis e regulamentos. Empresas que adotam uma postura \u00e9tica s\u00e3o mais propensas a seguir pr\u00e1ticas de neg\u00f3cios legais e a prevenir fraudes e comportamentos anti\u00e9ticos.<\/p>\n<\/li>\n<\/ol>\n\n\n\n<p>Em resumo, a \u00e9tica empresarial desempenha um papel central na sustentabilidade e sucesso das organiza\u00e7\u00f5es. Ao adotarem valores \u00e9ticos e comportamentos respons\u00e1veis, as empresas t\u00eam a oportunidade de criar um impacto positivo em seus stakeholders, bem como construir uma vantagem competitiva duradoura no mercado. Esta n\u00e3o \u00e9 apenas uma escolha, mas uma necessidade para qualquer organiza\u00e7\u00e3o que deseje prosperar em um mundo cada vez mais consciente da import\u00e2ncia dos valores \u00e9ticos.<\/p>\n\n\n\n<p>Desenvolva a sua carreira hoje mesmo! Conhe\u00e7a a <a href=\"https:\/\/fluency.io\/br\/blog\/?utm_source=blog\">Awari<\/a>.<\/p>\n\n\n\n<p>A Awari \u00e9 uma plataforma de ensino completa que conta com mentorias individuais, cursos com aulas ao vivo e suporte de carreira para voc\u00ea dar seu pr\u00f3ximo passo profissional. Quer aprender mais sobre as t\u00e9cnicas necess\u00e1rias para se tornar um profissional de relev\u00e2ncia e sucesso?<\/p>\n\n\n\n<p>Conhe\u00e7a <a href=\"https:\/\/fluency.io\/br\/blog\/cursos?utm_source=blog\">nossos cursos<\/a> e desenvolva compet\u00eancias essenciais com jornada personalizada, para desenvolver e evoluir seu curr\u00edculo, o seu pessoal e materiais complementares desenvolvidos por especialistas no mercado!<\/p>\n","protected":false},"excerpt":{"rendered":"<p>&#8220;\u00c9tica empresarial: a import\u00e2ncia dos valores e conduta nas organiza\u00e7\u00f5es. Saiba como a \u00e9tica empresarial pode ser um diferencial competitivo e promover a sustentabilidade. #\u00e9ticaempresarial&#8221;<\/p>\n","protected":false},"author":9,"featured_media":0,"comment_status":"open","ping_status":"open","sticky":false,"template":"","format":[186],"meta":{"inline_featured_image":false,"footnotes":""},"categories":[229],"tags":[],"trilha":[],"class_list":["post-124156","post","type-post","status-publish","format-standard","hentry","category-skills","format-artigos"],"acf":[],"yoast_head":"<!-- This site is optimized with the Yoast SEO plugin v27.4 - https:\/\/yoast.com\/product\/yoast-seo-wordpress\/ -->\n<title>\u00c9tica Empresarial: Valores e Conduta nas Organiza\u00e7\u00f5es - Fluency.io Brasil<\/title>\n<meta name=\"description\" content=\"&quot;\u00c9tica empresarial: a import\u00e2ncia dos valores e conduta nas organiza\u00e7\u00f5es. Saiba como a \u00e9tica empresarial pode ser um diferencial competitivo e promover a s...\" \/>\n<meta name=\"robots\" content=\"noindex, follow, max-snippet:-1, max-image-preview:large, max-video-preview:-1\" \/>\n<meta property=\"og:locale\" content=\"pt_BR\" \/>\n<meta property=\"og:type\" content=\"article\" \/>\n<meta property=\"og:title\" content=\"\u00c9tica Empresarial: Valores e Conduta nas Organiza\u00e7\u00f5es - Fluency.io Brasil\" \/>\n<meta property=\"og:description\" content=\"&quot;\u00c9tica empresarial: a import\u00e2ncia dos valores e conduta nas organiza\u00e7\u00f5es. Saiba como a \u00e9tica empresarial pode ser um diferencial competitivo e promover a s...\" \/>\n<meta property=\"og:url\" content=\"https:\/\/homolog.fluency.io\/br\/blog\/etica-empresarial-valores-e-conduta-nas-organizacoes\/\" \/>\n<meta property=\"og:site_name\" content=\"Fluency.io Brasil\" \/>\n<meta property=\"article:published_time\" content=\"2023-06-29T19:10:27+00:00\" \/>\n<meta property=\"article:modified_time\" content=\"2023-07-31T20:28:22+00:00\" \/>\n<meta name=\"twitter:card\" content=\"summary_large_image\" \/>\n<meta name=\"twitter:label1\" content=\"Escrito por\" \/>\n\t<meta name=\"twitter:data1\" content=\"kaue\" \/>\n\t<meta name=\"twitter:label2\" content=\"Est. tempo de leitura\" \/>\n\t<meta name=\"twitter:data2\" content=\"3 minutos\" \/>\n<script type=\"application\/ld+json\" class=\"yoast-schema-graph\">{\"@context\":\"https:\\\/\\\/schema.org\",\"@graph\":[{\"@type\":\"Article\",\"@id\":\"https:\\\/\\\/homolog.fluency.io\\\/br\\\/blog\\\/etica-empresarial-valores-e-conduta-nas-organizacoes\\\/#article\",\"isPartOf\":{\"@id\":\"https:\\\/\\\/homolog.fluency.io\\\/br\\\/blog\\\/etica-empresarial-valores-e-conduta-nas-organizacoes\\\/\"},\"author\":{\"name\":\"kaue\",\"@id\":\"https:\\\/\\\/homolog.fluency.io\\\/br\\\/#\\\/schema\\\/person\\\/7b3b2b50ba17b7f2ad0cce0a40bfa00a\"},\"headline\":\"\u00c9tica Empresarial: Valores e Conduta nas Organiza\u00e7\u00f5es\",\"datePublished\":\"2023-06-29T19:10:27+00:00\",\"dateModified\":\"2023-07-31T20:28:22+00:00\",\"mainEntityOfPage\":{\"@id\":\"https:\\\/\\\/homolog.fluency.io\\\/br\\\/blog\\\/etica-empresarial-valores-e-conduta-nas-organizacoes\\\/\"},\"wordCount\":625,\"commentCount\":0,\"articleSection\":[\"Skills\"],\"inLanguage\":\"pt-BR\",\"potentialAction\":[{\"@type\":\"CommentAction\",\"name\":\"Comment\",\"target\":[\"https:\\\/\\\/homolog.fluency.io\\\/br\\\/blog\\\/etica-empresarial-valores-e-conduta-nas-organizacoes\\\/#respond\"]}]},{\"@type\":\"WebPage\",\"@id\":\"https:\\\/\\\/homolog.fluency.io\\\/br\\\/blog\\\/etica-empresarial-valores-e-conduta-nas-organizacoes\\\/\",\"url\":\"https:\\\/\\\/homolog.fluency.io\\\/br\\\/blog\\\/etica-empresarial-valores-e-conduta-nas-organizacoes\\\/\",\"name\":\"\u00c9tica Empresarial: Valores e Conduta nas Organiza\u00e7\u00f5es - Fluency.io Brasil\",\"isPartOf\":{\"@id\":\"https:\\\/\\\/homolog.fluency.io\\\/br\\\/#website\"},\"datePublished\":\"2023-06-29T19:10:27+00:00\",\"dateModified\":\"2023-07-31T20:28:22+00:00\",\"author\":{\"@id\":\"https:\\\/\\\/homolog.fluency.io\\\/br\\\/#\\\/schema\\\/person\\\/7b3b2b50ba17b7f2ad0cce0a40bfa00a\"},\"description\":\"\\\"\u00c9tica empresarial: a import\u00e2ncia dos valores e conduta nas organiza\u00e7\u00f5es. Saiba como a \u00e9tica empresarial pode ser um diferencial competitivo e promover a s...\",\"breadcrumb\":{\"@id\":\"https:\\\/\\\/homolog.fluency.io\\\/br\\\/blog\\\/etica-empresarial-valores-e-conduta-nas-organizacoes\\\/#breadcrumb\"},\"inLanguage\":\"pt-BR\",\"potentialAction\":[{\"@type\":\"ReadAction\",\"target\":[\"https:\\\/\\\/homolog.fluency.io\\\/br\\\/blog\\\/etica-empresarial-valores-e-conduta-nas-organizacoes\\\/\"]}]},{\"@type\":\"BreadcrumbList\",\"@id\":\"https:\\\/\\\/homolog.fluency.io\\\/br\\\/blog\\\/etica-empresarial-valores-e-conduta-nas-organizacoes\\\/#breadcrumb\",\"itemListElement\":[{\"@type\":\"ListItem\",\"position\":1,\"name\":\"In\u00edcio\",\"item\":\"https:\\\/\\\/homolog.fluency.io\\\/br\\\/\"},{\"@type\":\"ListItem\",\"position\":2,\"name\":\"\u00c9tica Empresarial: Valores e Conduta nas Organiza\u00e7\u00f5es\"}]},{\"@type\":\"WebSite\",\"@id\":\"https:\\\/\\\/homolog.fluency.io\\\/br\\\/#website\",\"url\":\"https:\\\/\\\/homolog.fluency.io\\\/br\\\/\",\"name\":\"Fluency.io Brasil\",\"description\":\"\",\"potentialAction\":[{\"@type\":\"SearchAction\",\"target\":{\"@type\":\"EntryPoint\",\"urlTemplate\":\"https:\\\/\\\/homolog.fluency.io\\\/br\\\/?s={search_term_string}\"},\"query-input\":{\"@type\":\"PropertyValueSpecification\",\"valueRequired\":true,\"valueName\":\"search_term_string\"}}],\"inLanguage\":\"pt-BR\"},{\"@type\":\"Person\",\"@id\":\"https:\\\/\\\/homolog.fluency.io\\\/br\\\/#\\\/schema\\\/person\\\/7b3b2b50ba17b7f2ad0cce0a40bfa00a\",\"name\":\"kaue\",\"image\":{\"@type\":\"ImageObject\",\"inLanguage\":\"pt-BR\",\"@id\":\"https:\\\/\\\/secure.gravatar.com\\\/avatar\\\/bdd3958fa53019cfd8f789c0a49a730e7ba40a1d20cb42c9ced7646285842479?s=96&d=mm&r=g\",\"url\":\"https:\\\/\\\/secure.gravatar.com\\\/avatar\\\/bdd3958fa53019cfd8f789c0a49a730e7ba40a1d20cb42c9ced7646285842479?s=96&d=mm&r=g\",\"contentUrl\":\"https:\\\/\\\/secure.gravatar.com\\\/avatar\\\/bdd3958fa53019cfd8f789c0a49a730e7ba40a1d20cb42c9ced7646285842479?s=96&d=mm&r=g\",\"caption\":\"kaue\"},\"url\":\"https:\\\/\\\/homolog.fluency.io\\\/br\\\/author\\\/kaue\\\/\"}]}<\/script>\n<!-- \/ Yoast SEO plugin. -->","yoast_head_json":{"title":"\u00c9tica Empresarial: Valores e Conduta nas Organiza\u00e7\u00f5es - Fluency.io Brasil","description":"\"\u00c9tica empresarial: a import\u00e2ncia dos valores e conduta nas organiza\u00e7\u00f5es. Saiba como a \u00e9tica empresarial pode ser um diferencial competitivo e promover a s...","robots":{"index":"noindex","follow":"follow","max-snippet":"max-snippet:-1","max-image-preview":"max-image-preview:large","max-video-preview":"max-video-preview:-1"},"og_locale":"pt_BR","og_type":"article","og_title":"\u00c9tica Empresarial: Valores e Conduta nas Organiza\u00e7\u00f5es - Fluency.io Brasil","og_description":"\"\u00c9tica empresarial: a import\u00e2ncia dos valores e conduta nas organiza\u00e7\u00f5es. Saiba como a \u00e9tica empresarial pode ser um diferencial competitivo e promover a s...","og_url":"https:\/\/homolog.fluency.io\/br\/blog\/etica-empresarial-valores-e-conduta-nas-organizacoes\/","og_site_name":"Fluency.io Brasil","article_published_time":"2023-06-29T19:10:27+00:00","article_modified_time":"2023-07-31T20:28:22+00:00","twitter_card":"summary_large_image","twitter_misc":{"Escrito por":"kaue","Est. tempo de leitura":"3 minutos"},"schema":{"@context":"https:\/\/schema.org","@graph":[{"@type":"Article","@id":"https:\/\/homolog.fluency.io\/br\/blog\/etica-empresarial-valores-e-conduta-nas-organizacoes\/#article","isPartOf":{"@id":"https:\/\/homolog.fluency.io\/br\/blog\/etica-empresarial-valores-e-conduta-nas-organizacoes\/"},"author":{"name":"kaue","@id":"https:\/\/homolog.fluency.io\/br\/#\/schema\/person\/7b3b2b50ba17b7f2ad0cce0a40bfa00a"},"headline":"\u00c9tica Empresarial: Valores e Conduta nas Organiza\u00e7\u00f5es","datePublished":"2023-06-29T19:10:27+00:00","dateModified":"2023-07-31T20:28:22+00:00","mainEntityOfPage":{"@id":"https:\/\/homolog.fluency.io\/br\/blog\/etica-empresarial-valores-e-conduta-nas-organizacoes\/"},"wordCount":625,"commentCount":0,"articleSection":["Skills"],"inLanguage":"pt-BR","potentialAction":[{"@type":"CommentAction","name":"Comment","target":["https:\/\/homolog.fluency.io\/br\/blog\/etica-empresarial-valores-e-conduta-nas-organizacoes\/#respond"]}]},{"@type":"WebPage","@id":"https:\/\/homolog.fluency.io\/br\/blog\/etica-empresarial-valores-e-conduta-nas-organizacoes\/","url":"https:\/\/homolog.fluency.io\/br\/blog\/etica-empresarial-valores-e-conduta-nas-organizacoes\/","name":"\u00c9tica Empresarial: Valores e Conduta nas Organiza\u00e7\u00f5es - Fluency.io Brasil","isPartOf":{"@id":"https:\/\/homolog.fluency.io\/br\/#website"},"datePublished":"2023-06-29T19:10:27+00:00","dateModified":"2023-07-31T20:28:22+00:00","author":{"@id":"https:\/\/homolog.fluency.io\/br\/#\/schema\/person\/7b3b2b50ba17b7f2ad0cce0a40bfa00a"},"description":"\"\u00c9tica empresarial: a import\u00e2ncia dos valores e conduta nas organiza\u00e7\u00f5es. Saiba como a \u00e9tica empresarial pode ser um diferencial competitivo e promover a s...","breadcrumb":{"@id":"https:\/\/homolog.fluency.io\/br\/blog\/etica-empresarial-valores-e-conduta-nas-organizacoes\/#breadcrumb"},"inLanguage":"pt-BR","potentialAction":[{"@type":"ReadAction","target":["https:\/\/homolog.fluency.io\/br\/blog\/etica-empresarial-valores-e-conduta-nas-organizacoes\/"]}]},{"@type":"BreadcrumbList","@id":"https:\/\/homolog.fluency.io\/br\/blog\/etica-empresarial-valores-e-conduta-nas-organizacoes\/#breadcrumb","itemListElement":[{"@type":"ListItem","position":1,"name":"In\u00edcio","item":"https:\/\/homolog.fluency.io\/br\/"},{"@type":"ListItem","position":2,"name":"\u00c9tica Empresarial: Valores e Conduta nas Organiza\u00e7\u00f5es"}]},{"@type":"WebSite","@id":"https:\/\/homolog.fluency.io\/br\/#website","url":"https:\/\/homolog.fluency.io\/br\/","name":"Fluency.io Brasil","description":"","potentialAction":[{"@type":"SearchAction","target":{"@type":"EntryPoint","urlTemplate":"https:\/\/homolog.fluency.io\/br\/?s={search_term_string}"},"query-input":{"@type":"PropertyValueSpecification","valueRequired":true,"valueName":"search_term_string"}}],"inLanguage":"pt-BR"},{"@type":"Person","@id":"https:\/\/homolog.fluency.io\/br\/#\/schema\/person\/7b3b2b50ba17b7f2ad0cce0a40bfa00a","name":"kaue","image":{"@type":"ImageObject","inLanguage":"pt-BR","@id":"https:\/\/secure.gravatar.com\/avatar\/bdd3958fa53019cfd8f789c0a49a730e7ba40a1d20cb42c9ced7646285842479?s=96&d=mm&r=g","url":"https:\/\/secure.gravatar.com\/avatar\/bdd3958fa53019cfd8f789c0a49a730e7ba40a1d20cb42c9ced7646285842479?s=96&d=mm&r=g","contentUrl":"https:\/\/secure.gravatar.com\/avatar\/bdd3958fa53019cfd8f789c0a49a730e7ba40a1d20cb42c9ced7646285842479?s=96&d=mm&r=g","caption":"kaue"},"url":"https:\/\/homolog.fluency.io\/br\/author\/kaue\/"}]}},"_links":{"self":[{"href":"https:\/\/homolog.fluency.io\/br\/wp-json\/wp\/v2\/posts\/124156","targetHints":{"allow":["GET"]}}],"collection":[{"href":"https:\/\/homolog.fluency.io\/br\/wp-json\/wp\/v2\/posts"}],"about":[{"href":"https:\/\/homolog.fluency.io\/br\/wp-json\/wp\/v2\/types\/post"}],"author":[{"embeddable":true,"href":"https:\/\/homolog.fluency.io\/br\/wp-json\/wp\/v2\/users\/9"}],"replies":[{"embeddable":true,"href":"https:\/\/homolog.fluency.io\/br\/wp-json\/wp\/v2\/comments?post=124156"}],"version-history":[{"count":0,"href":"https:\/\/homolog.fluency.io\/br\/wp-json\/wp\/v2\/posts\/124156\/revisions"}],"wp:attachment":[{"href":"https:\/\/homolog.fluency.io\/br\/wp-json\/wp\/v2\/media?parent=124156"}],"wp:term":[{"taxonomy":"category","embeddable":true,"href":"https:\/\/homolog.fluency.io\/br\/wp-json\/wp\/v2\/categories?post=124156"},{"taxonomy":"post_tag","embeddable":true,"href":"https:\/\/homolog.fluency.io\/br\/wp-json\/wp\/v2\/tags?post=124156"},{"taxonomy":"format","embeddable":true,"href":"https:\/\/homolog.fluency.io\/br\/wp-json\/wp\/v2\/format?post=124156"},{"taxonomy":"trilha","embeddable":true,"href":"https:\/\/homolog.fluency.io\/br\/wp-json\/wp\/v2\/trilha?post=124156"}],"curies":[{"name":"wp","href":"https:\/\/api.w.org\/{rel}","templated":true}]}}