{"id":124181,"date":"2023-06-29T16:50:18","date_gmt":"2023-06-29T19:50:18","guid":{"rendered":"https:\/\/fluency.io\/br\/blog\/filosofia-e-etica-empresarial-fundamentos-para-uma-gestao-sustentavel\/"},"modified":"2023-07-31T17:28:42","modified_gmt":"2023-07-31T20:28:42","slug":"filosofia-e-etica-empresarial-fundamentos-para-uma-gestao-sustentavel","status":"publish","type":"post","link":"https:\/\/homolog.fluency.io\/br\/blog\/filosofia-e-etica-empresarial-fundamentos-para-uma-gestao-sustentavel\/","title":{"rendered":"Filosofia e \u00c9tica Empresarial: Fundamentos para uma Gest\u00e3o Sustent\u00e1vel"},"content":{"rendered":"<p><body><\/p>\n<h2>Em suma, a \u00e9tica empresarial desempenha um papel vital na gest\u00e3o sustent\u00e1vel das empresas.<\/h2>\n<p>Ela se baseia em conceitos e princ\u00edpios \u00e9ticos fundamentais, como <a target=\"_blank\" href=\"https:\/\/fia.com.br\/blog\/responsabilidade-social\/\" rel=\"noopener\">responsabilidade social<\/a>, <a target=\"_blank\" href=\"https:\/\/www.tjmt.jus.br\/AcessoInformacao\/C\/26364\" rel=\"noopener\">transpar\u00eancia<\/a>, respeito aos direitos humanos, integridade e sustentabilidade ambiental. Ao praticar a \u00e9tica empresarial, as empresas n\u00e3o apenas contribuem para um mundo melhor, mas tamb\u00e9m fortalecem sua reputa\u00e7\u00e3o, ganham a confian\u00e7a dos consumidores e constroem rela\u00e7\u00f5es duradouras com seus stakeholders. S\u00f3 assim ser\u00e1 poss\u00edvel enfrentar as quest\u00f5es sobre \u00e9tica empresarial de forma efetiva e alcan\u00e7ar uma gest\u00e3o sustent\u00e1vel.<\/p>\n<h2>Desafios e <a target=\"_blank\" href=\"https:\/\/ideas.repec.org\/a\/erv\/turdes\/y2019i2715.html\" rel=\"noopener\">dilemas \u00e9ticos<\/a> no contexto empresarial<\/h2>\n<p>A \u00e9tica empresarial \u00e9 um tema cada vez mais relevante nos dias de hoje. As empresas enfrentam constantemente desafios e dilemas \u00e9ticos \u00e0 medida que buscam equilibrar seus objetivos de neg\u00f3cios com os valores \u00e9ticos e morais. Nesse contexto, \u00e9 essencial compreender e lidar com quest\u00f5es de \u00e9tica empresarial de maneira eficaz.<\/p>\n<h3>Um dos principais <a target=\"_blank\" href=\"https:\/\/philpapers.org\/rec\/ASSDEX\" rel=\"noopener\">desafios \u00e9ticos<\/a> enfrentados pelas empresas<\/h3>\n<p>\u00e9 a press\u00e3o para obter lucros a qualquer custo. Muitas vezes, isso leva a pr\u00e1ticas anti\u00e9ticas, como a explora\u00e7\u00e3o de funcion\u00e1rios, viola\u00e7\u00f5es ambientais e concorr\u00eancia desleal. Essas quest\u00f5es podem comprometer a reputa\u00e7\u00e3o da empresa e afetar negativamente sua imagem perante os consumidores e a sociedade como um todo.<\/p>\n<h3>Al\u00e9m disso, as empresas tamb\u00e9m enfrentam dilemas \u00e9ticos relacionados \u00e0s suas responsabilidades sociais.<\/h3>\n<p>Por exemplo, a decis\u00e3o de terceirizar a produ\u00e7\u00e3o para pa\u00edses com m\u00e3o de obra barata pode resultar em condi\u00e7\u00f5es prec\u00e1rias de trabalho para os funcion\u00e1rios. Essa \u00e9 uma quest\u00e3o \u00e9tica complexa, pois envolve a busca de lucro e o dever de garantir condi\u00e7\u00f5es de trabalho justas.<\/p>\n<h3>Outro desafio importante est\u00e1 relacionado \u00e0 transpar\u00eancia e <a target=\"_blank\" href=\"https:\/\/papers.ssrn.com\/sol3\/papers.cfm?abstract_id=4077326\" rel=\"noopener\">governan\u00e7a corporativa<\/a>.<\/h3>\n<p>As empresas precisam tomar decis\u00f5es \u00e9ticas e serem transparentes em sua comunica\u00e7\u00e3o com os stakeholders. Quest\u00f5es como corrup\u00e7\u00e3o, suborno e falta de compliance podem ter consequ\u00eancias legais e \u00e9ticas se n\u00e3o forem adequadamente abordadas.<\/p>\n<h2>Estrat\u00e9gias para lidar com quest\u00f5es de \u00e9tica empresarial<\/h2>\n<p>Diante desses desafios, \u00e9 fundamental que as empresas desenvolvam estrat\u00e9gias eficazes para lidar com quest\u00f5es de \u00e9tica empresarial. Aqui est\u00e3o algumas estrat\u00e9gias que podem ser adotadas:<\/p>\n<h3>1. Desenvolvimento de uma cultura \u00e9tica:<\/h3>\n<p>A \u00e9tica deve ser parte integrante da cultura organizacional. Isso pode ser alcan\u00e7ado por meio da cria\u00e7\u00e3o de c\u00f3digos de conduta \u00e9tica, treinamentos regulares sobre \u00e9tica e comunica\u00e7\u00e3o aberta sobre quest\u00f5es \u00e9ticas.<\/p>\n<h3>2. Estabelecimento de pol\u00edticas claras:<\/h3>\n<p>As empresas devem criar pol\u00edticas claras e abrangentes relacionadas a quest\u00f5es \u00e9ticas, como combate \u00e0 corrup\u00e7\u00e3o, respeito aos direitos humanos e prote\u00e7\u00e3o ambiental. Essas pol\u00edticas devem ser comunicadas de forma clara a todos os funcion\u00e1rios e parceiros de neg\u00f3cios.<\/p>\n<h3>3. Fortalecimento dos mecanismos de den\u00fancia:<\/h3>\n<p>\u00c9 essencial que as empresas tenham canais robustos de den\u00fancia, nos quais funcion\u00e1rios e outras partes interessadas possam relatar condutas anti\u00e9ticas de forma confidencial e segura. Esses mecanismos devem ser amplamente divulgados e contar com uma pol\u00edtica de prote\u00e7\u00e3o contra retalia\u00e7\u00e3o.<\/p>\n<h3>4. Promo\u00e7\u00e3o de parcerias \u00e9ticas:<\/h3>\n<p>As empresas devem procurar parceiros de neg\u00f3cios que compartilhem dos mesmos valores \u00e9ticos. A escolha de fornecedores e parceiros comerciais \u00e9ticos ajudar\u00e1 a garantir que a empresa esteja envolvida em atividades comerciais que estejam alinhadas com seus princ\u00edpios \u00e9ticos.<\/p>\n<h3>5. Monitoramento e avalia\u00e7\u00e3o cont\u00ednuos:<\/h3>\n<p>As empresas devem estabelecer mecanismos de monitoramento e avalia\u00e7\u00e3o para garantir a conformidade cont\u00ednua com os padr\u00f5es \u00e9ticos estabelecidos. Isso pode incluir auditorias internas, avalia\u00e7\u00f5es externas e relat\u00f3rios transparentes sobre o desempenho \u00e9tico da empresa.<\/p>\n<h2>Conclus\u00e3o<\/h2>\n<p>Lidar com quest\u00f5es de \u00e9tica empresarial \u00e9 um desafio constante para as empresas. No entanto, \u00e9 fundamental enfrentar esses desafios de forma proativa e adotar estrat\u00e9gias eficazes para promover uma cultura \u00e9tica e respons\u00e1vel. A \u00e9tica empresarial n\u00e3o \u00e9 apenas uma quest\u00e3o de cumprir as leis e regulamentos, mas tamb\u00e9m de agir de forma \u00e9tica, respeitando os valores e princ\u00edpios morais. Ao adotar pr\u00e1ticas \u00e9ticas, as empresas podem n\u00e3o apenas proteger sua reputa\u00e7\u00e3o e imagem, mas tamb\u00e9m contribuir para um mundo mais justo e sustent\u00e1vel. Portanto, \u00e9 essencial que as empresas estejam constantemente vigilantes para garantir que suas atividades comerciais estejam em conformidade com os mais altos padr\u00f5es \u00e9ticos.<\/p>\n<p>Desenvolva a sua carreira hoje mesmo! Conhe\u00e7a a <a href=\"https:\/\/fluency.io\/br\/blog\/?utm_source=blog\">Awari<\/a>.<\/p>\n<p>A Awari \u00e9 uma plataforma de ensino completa que conta com mentorias individuais, cursos com aulas ao vivo e suporte de carreira para voc\u00ea dar seu pr\u00f3ximo passo profissional. Quer aprender mais sobre as t\u00e9cnicas necess\u00e1rias para se tornar um profissional de relev\u00e2ncia e sucesso?<\/p>\n<p>Conhe\u00e7a <a href=\"https:\/\/fluency.io\/br\/blog\/cursos?utm_source=blog\">nossos cursos<\/a> e desenvolva compet\u00eancias essenciais com jornada personalizada, para desenvolver e evoluir seu curr\u00edculo, seu pessoal e materiais complementares desenvolvidos por especialistas no mercado!<\/p>\n<p><\/body><\/p>\n","protected":false},"excerpt":{"rendered":"<p>O artigo aborda quest\u00f5es sobre \u00e9tica empresarial, destacando a import\u00e2ncia da gest\u00e3o sustent\u00e1vel das empresas. S\u00e3o mencionados desafios \u00e9ticos enfrentados pelas empresas, como a press\u00e3o por lucros a qualquer custo e dilemas relacionados \u00e0s responsabilidades sociais. O texto tamb\u00e9m apresenta estrat\u00e9gias para lidar com essas quest\u00f5es, como desenvolvimento de uma cultura \u00e9tica, estabelecimento de pol\u00edticas claras e fortalecimento dos mecanismos de den\u00fancia. No final, enfatiza-se a import\u00e2ncia de adotar pr\u00e1ticas \u00e9ticas para proteger a reputa\u00e7\u00e3o da empresa e contribuir para um mundo mais justo e sustent\u00e1vel. Para desenvolver habilidades nessa \u00e1rea, o artigo sugere conhecer os cursos oferecidos pela plataforma Awari.<\/p>\n","protected":false},"author":9,"featured_media":0,"comment_status":"open","ping_status":"open","sticky":false,"template":"","format":[186],"meta":{"inline_featured_image":false,"footnotes":""},"categories":[229],"tags":[],"trilha":[],"class_list":["post-124181","post","type-post","status-publish","format-standard","hentry","category-skills","format-artigos"],"acf":[],"yoast_head":"<!-- This site is optimized with the Yoast SEO plugin v27.4 - https:\/\/yoast.com\/product\/yoast-seo-wordpress\/ -->\n<title>Filosofia e \u00c9tica Empresarial: Fundamentos para uma Gest\u00e3o Sustent\u00e1vel - Fluency.io Brasil<\/title>\n<meta name=\"description\" content=\"O artigo aborda quest\u00f5es sobre \u00e9tica empresarial, destacando a import\u00e2ncia da gest\u00e3o sustent\u00e1vel das empresas. S\u00e3o mencionados desafios \u00e9ticos enfrentados ...\" \/>\n<meta name=\"robots\" content=\"noindex, follow, max-snippet:-1, max-image-preview:large, max-video-preview:-1\" \/>\n<meta property=\"og:locale\" content=\"pt_BR\" \/>\n<meta property=\"og:type\" content=\"article\" \/>\n<meta property=\"og:title\" content=\"Filosofia e \u00c9tica Empresarial: Fundamentos para uma Gest\u00e3o Sustent\u00e1vel - Fluency.io Brasil\" \/>\n<meta property=\"og:description\" content=\"O artigo aborda quest\u00f5es sobre \u00e9tica empresarial, destacando a import\u00e2ncia da gest\u00e3o sustent\u00e1vel das empresas. S\u00e3o mencionados desafios \u00e9ticos enfrentados ...\" \/>\n<meta property=\"og:url\" content=\"https:\/\/homolog.fluency.io\/br\/blog\/filosofia-e-etica-empresarial-fundamentos-para-uma-gestao-sustentavel\/\" \/>\n<meta property=\"og:site_name\" content=\"Fluency.io Brasil\" \/>\n<meta property=\"article:published_time\" content=\"2023-06-29T19:50:18+00:00\" \/>\n<meta property=\"article:modified_time\" content=\"2023-07-31T20:28:42+00:00\" \/>\n<meta name=\"twitter:card\" content=\"summary_large_image\" \/>\n<meta name=\"twitter:label1\" content=\"Escrito por\" \/>\n\t<meta name=\"twitter:data1\" content=\"kaue\" \/>\n\t<meta name=\"twitter:label2\" content=\"Est. tempo de leitura\" \/>\n\t<meta name=\"twitter:data2\" content=\"4 minutos\" \/>\n<script type=\"application\/ld+json\" class=\"yoast-schema-graph\">{\"@context\":\"https:\\\/\\\/schema.org\",\"@graph\":[{\"@type\":\"Article\",\"@id\":\"https:\\\/\\\/homolog.fluency.io\\\/br\\\/blog\\\/filosofia-e-etica-empresarial-fundamentos-para-uma-gestao-sustentavel\\\/#article\",\"isPartOf\":{\"@id\":\"https:\\\/\\\/homolog.fluency.io\\\/br\\\/blog\\\/filosofia-e-etica-empresarial-fundamentos-para-uma-gestao-sustentavel\\\/\"},\"author\":{\"name\":\"kaue\",\"@id\":\"https:\\\/\\\/homolog.fluency.io\\\/br\\\/#\\\/schema\\\/person\\\/7b3b2b50ba17b7f2ad0cce0a40bfa00a\"},\"headline\":\"Filosofia e \u00c9tica Empresarial: Fundamentos para uma Gest\u00e3o Sustent\u00e1vel\",\"datePublished\":\"2023-06-29T19:50:18+00:00\",\"dateModified\":\"2023-07-31T20:28:42+00:00\",\"mainEntityOfPage\":{\"@id\":\"https:\\\/\\\/homolog.fluency.io\\\/br\\\/blog\\\/filosofia-e-etica-empresarial-fundamentos-para-uma-gestao-sustentavel\\\/\"},\"wordCount\":833,\"commentCount\":0,\"articleSection\":[\"Skills\"],\"inLanguage\":\"pt-BR\",\"potentialAction\":[{\"@type\":\"CommentAction\",\"name\":\"Comment\",\"target\":[\"https:\\\/\\\/homolog.fluency.io\\\/br\\\/blog\\\/filosofia-e-etica-empresarial-fundamentos-para-uma-gestao-sustentavel\\\/#respond\"]}]},{\"@type\":\"WebPage\",\"@id\":\"https:\\\/\\\/homolog.fluency.io\\\/br\\\/blog\\\/filosofia-e-etica-empresarial-fundamentos-para-uma-gestao-sustentavel\\\/\",\"url\":\"https:\\\/\\\/homolog.fluency.io\\\/br\\\/blog\\\/filosofia-e-etica-empresarial-fundamentos-para-uma-gestao-sustentavel\\\/\",\"name\":\"Filosofia e \u00c9tica Empresarial: Fundamentos para uma Gest\u00e3o Sustent\u00e1vel - Fluency.io Brasil\",\"isPartOf\":{\"@id\":\"https:\\\/\\\/homolog.fluency.io\\\/br\\\/#website\"},\"datePublished\":\"2023-06-29T19:50:18+00:00\",\"dateModified\":\"2023-07-31T20:28:42+00:00\",\"author\":{\"@id\":\"https:\\\/\\\/homolog.fluency.io\\\/br\\\/#\\\/schema\\\/person\\\/7b3b2b50ba17b7f2ad0cce0a40bfa00a\"},\"description\":\"O artigo aborda quest\u00f5es sobre \u00e9tica empresarial, destacando a import\u00e2ncia da gest\u00e3o sustent\u00e1vel das empresas. S\u00e3o mencionados desafios \u00e9ticos enfrentados ...\",\"breadcrumb\":{\"@id\":\"https:\\\/\\\/homolog.fluency.io\\\/br\\\/blog\\\/filosofia-e-etica-empresarial-fundamentos-para-uma-gestao-sustentavel\\\/#breadcrumb\"},\"inLanguage\":\"pt-BR\",\"potentialAction\":[{\"@type\":\"ReadAction\",\"target\":[\"https:\\\/\\\/homolog.fluency.io\\\/br\\\/blog\\\/filosofia-e-etica-empresarial-fundamentos-para-uma-gestao-sustentavel\\\/\"]}]},{\"@type\":\"BreadcrumbList\",\"@id\":\"https:\\\/\\\/homolog.fluency.io\\\/br\\\/blog\\\/filosofia-e-etica-empresarial-fundamentos-para-uma-gestao-sustentavel\\\/#breadcrumb\",\"itemListElement\":[{\"@type\":\"ListItem\",\"position\":1,\"name\":\"In\u00edcio\",\"item\":\"https:\\\/\\\/homolog.fluency.io\\\/br\\\/\"},{\"@type\":\"ListItem\",\"position\":2,\"name\":\"Filosofia e \u00c9tica Empresarial: Fundamentos para uma Gest\u00e3o Sustent\u00e1vel\"}]},{\"@type\":\"WebSite\",\"@id\":\"https:\\\/\\\/homolog.fluency.io\\\/br\\\/#website\",\"url\":\"https:\\\/\\\/homolog.fluency.io\\\/br\\\/\",\"name\":\"Fluency.io Brasil\",\"description\":\"\",\"potentialAction\":[{\"@type\":\"SearchAction\",\"target\":{\"@type\":\"EntryPoint\",\"urlTemplate\":\"https:\\\/\\\/homolog.fluency.io\\\/br\\\/?s={search_term_string}\"},\"query-input\":{\"@type\":\"PropertyValueSpecification\",\"valueRequired\":true,\"valueName\":\"search_term_string\"}}],\"inLanguage\":\"pt-BR\"},{\"@type\":\"Person\",\"@id\":\"https:\\\/\\\/homolog.fluency.io\\\/br\\\/#\\\/schema\\\/person\\\/7b3b2b50ba17b7f2ad0cce0a40bfa00a\",\"name\":\"kaue\",\"image\":{\"@type\":\"ImageObject\",\"inLanguage\":\"pt-BR\",\"@id\":\"https:\\\/\\\/secure.gravatar.com\\\/avatar\\\/bdd3958fa53019cfd8f789c0a49a730e7ba40a1d20cb42c9ced7646285842479?s=96&d=mm&r=g\",\"url\":\"https:\\\/\\\/secure.gravatar.com\\\/avatar\\\/bdd3958fa53019cfd8f789c0a49a730e7ba40a1d20cb42c9ced7646285842479?s=96&d=mm&r=g\",\"contentUrl\":\"https:\\\/\\\/secure.gravatar.com\\\/avatar\\\/bdd3958fa53019cfd8f789c0a49a730e7ba40a1d20cb42c9ced7646285842479?s=96&d=mm&r=g\",\"caption\":\"kaue\"},\"url\":\"https:\\\/\\\/homolog.fluency.io\\\/br\\\/author\\\/kaue\\\/\"}]}<\/script>\n<!-- \/ Yoast SEO plugin. -->","yoast_head_json":{"title":"Filosofia e \u00c9tica Empresarial: Fundamentos para uma Gest\u00e3o Sustent\u00e1vel - Fluency.io Brasil","description":"O artigo aborda quest\u00f5es sobre \u00e9tica empresarial, destacando a import\u00e2ncia da gest\u00e3o sustent\u00e1vel das empresas. S\u00e3o mencionados desafios \u00e9ticos enfrentados ...","robots":{"index":"noindex","follow":"follow","max-snippet":"max-snippet:-1","max-image-preview":"max-image-preview:large","max-video-preview":"max-video-preview:-1"},"og_locale":"pt_BR","og_type":"article","og_title":"Filosofia e \u00c9tica Empresarial: Fundamentos para uma Gest\u00e3o Sustent\u00e1vel - Fluency.io Brasil","og_description":"O artigo aborda quest\u00f5es sobre \u00e9tica empresarial, destacando a import\u00e2ncia da gest\u00e3o sustent\u00e1vel das empresas. S\u00e3o mencionados desafios \u00e9ticos enfrentados ...","og_url":"https:\/\/homolog.fluency.io\/br\/blog\/filosofia-e-etica-empresarial-fundamentos-para-uma-gestao-sustentavel\/","og_site_name":"Fluency.io Brasil","article_published_time":"2023-06-29T19:50:18+00:00","article_modified_time":"2023-07-31T20:28:42+00:00","twitter_card":"summary_large_image","twitter_misc":{"Escrito por":"kaue","Est. tempo de leitura":"4 minutos"},"schema":{"@context":"https:\/\/schema.org","@graph":[{"@type":"Article","@id":"https:\/\/homolog.fluency.io\/br\/blog\/filosofia-e-etica-empresarial-fundamentos-para-uma-gestao-sustentavel\/#article","isPartOf":{"@id":"https:\/\/homolog.fluency.io\/br\/blog\/filosofia-e-etica-empresarial-fundamentos-para-uma-gestao-sustentavel\/"},"author":{"name":"kaue","@id":"https:\/\/homolog.fluency.io\/br\/#\/schema\/person\/7b3b2b50ba17b7f2ad0cce0a40bfa00a"},"headline":"Filosofia e \u00c9tica Empresarial: Fundamentos para uma Gest\u00e3o Sustent\u00e1vel","datePublished":"2023-06-29T19:50:18+00:00","dateModified":"2023-07-31T20:28:42+00:00","mainEntityOfPage":{"@id":"https:\/\/homolog.fluency.io\/br\/blog\/filosofia-e-etica-empresarial-fundamentos-para-uma-gestao-sustentavel\/"},"wordCount":833,"commentCount":0,"articleSection":["Skills"],"inLanguage":"pt-BR","potentialAction":[{"@type":"CommentAction","name":"Comment","target":["https:\/\/homolog.fluency.io\/br\/blog\/filosofia-e-etica-empresarial-fundamentos-para-uma-gestao-sustentavel\/#respond"]}]},{"@type":"WebPage","@id":"https:\/\/homolog.fluency.io\/br\/blog\/filosofia-e-etica-empresarial-fundamentos-para-uma-gestao-sustentavel\/","url":"https:\/\/homolog.fluency.io\/br\/blog\/filosofia-e-etica-empresarial-fundamentos-para-uma-gestao-sustentavel\/","name":"Filosofia e \u00c9tica Empresarial: Fundamentos para uma Gest\u00e3o Sustent\u00e1vel - Fluency.io Brasil","isPartOf":{"@id":"https:\/\/homolog.fluency.io\/br\/#website"},"datePublished":"2023-06-29T19:50:18+00:00","dateModified":"2023-07-31T20:28:42+00:00","author":{"@id":"https:\/\/homolog.fluency.io\/br\/#\/schema\/person\/7b3b2b50ba17b7f2ad0cce0a40bfa00a"},"description":"O artigo aborda quest\u00f5es sobre \u00e9tica empresarial, destacando a import\u00e2ncia da gest\u00e3o sustent\u00e1vel das empresas. S\u00e3o mencionados desafios \u00e9ticos enfrentados ...","breadcrumb":{"@id":"https:\/\/homolog.fluency.io\/br\/blog\/filosofia-e-etica-empresarial-fundamentos-para-uma-gestao-sustentavel\/#breadcrumb"},"inLanguage":"pt-BR","potentialAction":[{"@type":"ReadAction","target":["https:\/\/homolog.fluency.io\/br\/blog\/filosofia-e-etica-empresarial-fundamentos-para-uma-gestao-sustentavel\/"]}]},{"@type":"BreadcrumbList","@id":"https:\/\/homolog.fluency.io\/br\/blog\/filosofia-e-etica-empresarial-fundamentos-para-uma-gestao-sustentavel\/#breadcrumb","itemListElement":[{"@type":"ListItem","position":1,"name":"In\u00edcio","item":"https:\/\/homolog.fluency.io\/br\/"},{"@type":"ListItem","position":2,"name":"Filosofia e \u00c9tica Empresarial: Fundamentos para uma Gest\u00e3o Sustent\u00e1vel"}]},{"@type":"WebSite","@id":"https:\/\/homolog.fluency.io\/br\/#website","url":"https:\/\/homolog.fluency.io\/br\/","name":"Fluency.io Brasil","description":"","potentialAction":[{"@type":"SearchAction","target":{"@type":"EntryPoint","urlTemplate":"https:\/\/homolog.fluency.io\/br\/?s={search_term_string}"},"query-input":{"@type":"PropertyValueSpecification","valueRequired":true,"valueName":"search_term_string"}}],"inLanguage":"pt-BR"},{"@type":"Person","@id":"https:\/\/homolog.fluency.io\/br\/#\/schema\/person\/7b3b2b50ba17b7f2ad0cce0a40bfa00a","name":"kaue","image":{"@type":"ImageObject","inLanguage":"pt-BR","@id":"https:\/\/secure.gravatar.com\/avatar\/bdd3958fa53019cfd8f789c0a49a730e7ba40a1d20cb42c9ced7646285842479?s=96&d=mm&r=g","url":"https:\/\/secure.gravatar.com\/avatar\/bdd3958fa53019cfd8f789c0a49a730e7ba40a1d20cb42c9ced7646285842479?s=96&d=mm&r=g","contentUrl":"https:\/\/secure.gravatar.com\/avatar\/bdd3958fa53019cfd8f789c0a49a730e7ba40a1d20cb42c9ced7646285842479?s=96&d=mm&r=g","caption":"kaue"},"url":"https:\/\/homolog.fluency.io\/br\/author\/kaue\/"}]}},"_links":{"self":[{"href":"https:\/\/homolog.fluency.io\/br\/wp-json\/wp\/v2\/posts\/124181","targetHints":{"allow":["GET"]}}],"collection":[{"href":"https:\/\/homolog.fluency.io\/br\/wp-json\/wp\/v2\/posts"}],"about":[{"href":"https:\/\/homolog.fluency.io\/br\/wp-json\/wp\/v2\/types\/post"}],"author":[{"embeddable":true,"href":"https:\/\/homolog.fluency.io\/br\/wp-json\/wp\/v2\/users\/9"}],"replies":[{"embeddable":true,"href":"https:\/\/homolog.fluency.io\/br\/wp-json\/wp\/v2\/comments?post=124181"}],"version-history":[{"count":0,"href":"https:\/\/homolog.fluency.io\/br\/wp-json\/wp\/v2\/posts\/124181\/revisions"}],"wp:attachment":[{"href":"https:\/\/homolog.fluency.io\/br\/wp-json\/wp\/v2\/media?parent=124181"}],"wp:term":[{"taxonomy":"category","embeddable":true,"href":"https:\/\/homolog.fluency.io\/br\/wp-json\/wp\/v2\/categories?post=124181"},{"taxonomy":"post_tag","embeddable":true,"href":"https:\/\/homolog.fluency.io\/br\/wp-json\/wp\/v2\/tags?post=124181"},{"taxonomy":"format","embeddable":true,"href":"https:\/\/homolog.fluency.io\/br\/wp-json\/wp\/v2\/format?post=124181"},{"taxonomy":"trilha","embeddable":true,"href":"https:\/\/homolog.fluency.io\/br\/wp-json\/wp\/v2\/trilha?post=124181"}],"curies":[{"name":"wp","href":"https:\/\/api.w.org\/{rel}","templated":true}]}}