{"id":124316,"date":"2023-06-29T22:31:18","date_gmt":"2023-06-30T01:31:18","guid":{"rendered":"https:\/\/fluency.io\/br\/blog\/o-que-e-oratoria-e-comunicacao-saiba-como-a-oratoria-se-relaciona-com-a-area\/"},"modified":"2023-08-01T14:38:26","modified_gmt":"2023-08-01T17:38:26","slug":"o-que-e-oratoria-e-comunicacao-saiba-como-a-oratoria-se-relaciona-com-a-area","status":"publish","type":"post","link":"https:\/\/homolog.fluency.io\/br\/blog\/o-que-e-oratoria-e-comunicacao-saiba-como-a-oratoria-se-relaciona-com-a-area\/","title":{"rendered":"O Que \u00e9 Orat\u00f3ria e Comunica\u00e7\u00e3o: Saiba como a Orat\u00f3ria se Relaciona"},"content":{"rendered":"\n<h2 class=\"wp-block-heading\">Como <a href=\"https:\/\/www.tce.ba.gov.br\/noticias\/curso-visa-desenvolver-habilidades-em-oratoria\" target=\"_blank\" rel=\"noopener\">Desenvolver habilidades de orat\u00f3ria e comunica\u00e7\u00e3o<\/a><\/h2>\n\n\n\n<p>Desenvolver habilidades de orat\u00f3ria e comunica\u00e7\u00e3o \u00e9 fundamental para se destacar tanto no ambiente profissional quanto pessoal. A capacidade de se expressar de forma clara e persuasiva \u00e9 cada vez mais valorizada, tanto em reuni\u00f5es de neg\u00f3cios como em apresenta\u00e7\u00f5es acad\u00eamicas. Neste artigo, vamos explorar algumas estrat\u00e9gias e dicas para aprimorar suas habilidades de orat\u00f3ria e comunica\u00e7\u00e3o.<\/p>\n\n\n\n<h3 class=\"wp-block-heading\">1. <a href=\"https:\/\/support.google.com\/google-ads\/answer\/12463119?hl=pt\" target=\"_blank\" rel=\"noopener\">Conhe\u00e7a o seu p\u00fablico-alvo<\/a><\/h3>\n\n\n\n<p>Antes de iniciar qualquer apresenta\u00e7\u00e3o ou discurso, \u00e9 essencial conhecer o seu p\u00fablico-alvo. Isso significa entender quem s\u00e3o as pessoas que ir\u00e3o ouvi-lo e adaptar a sua mensagem de acordo com os seus interesses, conhecimentos e necessidades. Ao adaptar o conte\u00fado da sua fala ao p\u00fablico, voc\u00ea aumenta as chances de engajar e convencer as pessoas presentes.<\/p>\n\n\n\n<h3 class=\"wp-block-heading\">2. <a href=\"https:\/\/www.instagram.com\/p\/CtPpZ9pplKI\/\" target=\"_blank\" rel=\"noopener\">Domine o conte\u00fado<\/a><\/h3>\n\n\n\n<p>Uma boa orat\u00f3ria requer um conhecimento s\u00f3lido sobre o tema que ser\u00e1 abordado. Invista tempo em pesquisas, leituras e estudos para se tornar um especialista na \u00e1rea em que pretende falar. Quanto mais confiante voc\u00ea estiver sobre o assunto, mais f\u00e1cil ser\u00e1 transmitir a mensagem de forma clara e convincente.<\/p>\n\n\n\n<h3 class=\"wp-block-heading\">3. <a href=\"https:\/\/www.macunaima.com.br\/vivaarteviva\/tecnicas-de-expressao-corporal-para-alavancar-sua-carreira-no-teatro\/\" target=\"_blank\" rel=\"noopener\">Pratique a express\u00e3o corporal<\/a><\/h3>\n\n\n\n<p>A express\u00e3o corporal desempenha um papel crucial na comunica\u00e7\u00e3o eficaz. Gestos adequados, postura ereta e contato visual s\u00e3o aspectos importantes da orat\u00f3ria. Durante a fala, mantenha uma postura confiante e use gestos naturais para enfatizar pontos importantes. Al\u00e9m disso, mantenha o contato visual com a plateia para criar uma conex\u00e3o mais significativa.<\/p>\n\n\n\n<h3 class=\"wp-block-heading\">4. <a href=\"https:\/\/arsenaldesign.rs\/o-poder-do-marketing-digital\/\" target=\"_blank\" rel=\"noopener\">Utilize recursos visuais<\/a><\/h3>\n\n\n\n<p>Recursos visuais, como slides e gr\u00e1ficos, podem ajudar a transmitir informa\u00e7\u00f5es visualmente e refor\u00e7ar a mensagem que deseja transmitir. Ao criar apresenta\u00e7\u00f5es, procure utilizar imagens, infogr\u00e1ficos ou v\u00eddeos relevantes ao conte\u00fado abordado. Lembre-se de que os recursos visuais devem complementar a sua fala, n\u00e3o substitu\u00ed-la.<\/p>\n\n\n\n<h2 class=\"wp-block-heading\">Orat\u00f3ria e Comunica\u00e7\u00e3o na Pr\u00e1tica: Exemplos e Aplica\u00e7\u00f5es<\/h2>\n\n\n\n<p>A orat\u00f3ria e comunica\u00e7\u00e3o t\u00eam um papel fundamental em diversas \u00e1reas da vida profissional e pessoal. A seguir, apresentamos alguns exemplos de como essas habilidades podem ser aplicadas no dia a dia:<\/p>\n\n\n\n<h3 class=\"wp-block-heading\">1. No ambiente de trabalho<\/h3>\n\n\n\n<p>No ambiente de trabalho, as habilidades de orat\u00f3ria e comunica\u00e7\u00e3o s\u00e3o essenciais para liderar equipes, realizar apresenta\u00e7\u00f5es de projetos, negociar contratos e persuadir colegas e clientes. A capacidade de articular ideias de forma clara e convincente pode levar a melhores oportunidades de crescimento e sucesso na carreira.<\/p>\n\n\n\n<h3 class=\"wp-block-heading\">2. Na vida acad\u00eamica<\/h3>\n\n\n\n<p>Durante a vida acad\u00eamica, \u00e9 comum enfrentar situa\u00e7\u00f5es que exigem boa orat\u00f3ria e comunica\u00e7\u00e3o. Apresenta\u00e7\u00f5es de trabalhos, debates em sala de aula e defesas de disserta\u00e7\u00f5es s\u00e3o exemplos de momentos em que essas habilidades s\u00e3o necess\u00e1rias. Domin\u00e1-las \u00e9 fundamental para transmitir conhecimentos de forma eficaz e alcan\u00e7ar bons resultados acad\u00eamicos.<\/p>\n\n\n\n<h3 class=\"wp-block-heading\">3. No empreendedorismo<\/h3>\n\n\n\n<p>Empreendedores tamb\u00e9m se beneficiam de habilidades avan\u00e7adas de orat\u00f3ria e comunica\u00e7\u00e3o. Ao apresentar um pitch para investidores, um empreendedor precisa saber vender sua ideia de forma clara, persuasiva e convincente. Al\u00e9m disso, a comunica\u00e7\u00e3o eficaz com clientes e parceiros de neg\u00f3cios \u00e9 fundamental para estabelecer relacionamentos s\u00f3lidos e promover o crescimento da empresa.<\/p>\n\n\n\n<h3 class=\"wp-block-heading\">4. Na vida cotidiana<\/h3>\n\n\n\n<p>A orat\u00f3ria e comunica\u00e7\u00e3o n\u00e3o se limitam apenas aos ambientes profissionais e acad\u00eamicos. No dia a dia, saber se expressar de forma clara e eficaz pode ajudar a resolver conflitos, estabelecer relacionamentos saud\u00e1veis e at\u00e9 mesmo influenciar positivamente as pessoas ao nosso redor. Essas habilidades s\u00e3o \u00fateis em discuss\u00f5es familiares, debates pol\u00edticos e at\u00e9 mesmo em situa\u00e7\u00f5es casuais com amigos.<\/p>\n\n\n\n<p>Em resumo, o que \u00e9 orat\u00f3ria e comunica\u00e7\u00e3o \u00e9 a capacidade de se expressar de forma clara, persuasiva e convincente, adaptando-se ao seu p\u00fablico e transmitindo conhecimentos de maneira eficaz. Dominar essas habilidades pode trazer in\u00fameros benef\u00edcios tanto na vida profissional quanto pessoal. Invista em seu desenvolvimento, pratique e busque aprimorar constantemente suas habilidades de orat\u00f3ria e comunica\u00e7\u00e3o.<\/p>\n\n\n\n<p>Desenvolva a sua carreira hoje mesmo! Conhe\u00e7a a <a href=\"https:\/\/fluency.io\/br\/blog\/?utm_source=blog\">Awari<\/a>.<\/p>\n\n\n\n<p>A Awari \u00e9 uma plataforma de ensino completa que conta com mentorias individuais, cursos com aulas ao vivo e suporte de carreira para voc\u00ea dar seu pr\u00f3ximo passo profissional. Quer aprender mais sobre as t\u00e9cnicas necess\u00e1rias para se tornar um profissional de relev\u00e2ncia e sucesso?<\/p>\n\n\n\n<p>Conhe\u00e7a <a href=\"https:\/\/fluency.io\/br\/blog\/cursos?utm_source=blog\">nossos cursos<\/a> e desenvolva compet\u00eancias essenciais com jornada personalizada, para desenvolver e evoluir seu curr\u00edculo, o seu pessoal e materiais complementares desenvolvidos por especialistas no mercado!<\/p>\n","protected":false},"excerpt":{"rendered":"<p>A orat\u00f3ria e comunica\u00e7\u00e3o s\u00e3o habilidades fundamentais para o sucesso pessoal e profissional. Saiba como desenvolv\u00ea-las e aplic\u00e1-las em diferentes \u00e1reas da sua vida. Conhe\u00e7a a Awari e invista no seu desenvolvimento. #oqueeorat\u00f3riaecomunica\u00e7\u00e3o<\/p>\n","protected":false},"author":9,"featured_media":0,"comment_status":"open","ping_status":"open","sticky":false,"template":"","format":[186],"meta":{"inline_featured_image":false,"footnotes":""},"categories":[229],"tags":[],"trilha":[],"class_list":["post-124316","post","type-post","status-publish","format-standard","hentry","category-skills","format-artigos"],"acf":[],"yoast_head":"<!-- This site is optimized with the Yoast SEO plugin v27.4 - https:\/\/yoast.com\/product\/yoast-seo-wordpress\/ -->\n<title>O Que \u00e9 Orat\u00f3ria e Comunica\u00e7\u00e3o: Saiba como a Orat\u00f3ria se Relaciona - Fluency.io Brasil<\/title>\n<meta name=\"description\" content=\"A orat\u00f3ria e comunica\u00e7\u00e3o s\u00e3o habilidades fundamentais para o sucesso pessoal e profissional. Saiba como desenvolv\u00ea-las e aplic\u00e1-las em diferentes \u00e1reas da ...\" \/>\n<meta name=\"robots\" content=\"noindex, follow, max-snippet:-1, max-image-preview:large, max-video-preview:-1\" \/>\n<meta property=\"og:locale\" content=\"pt_BR\" \/>\n<meta property=\"og:type\" content=\"article\" \/>\n<meta property=\"og:title\" content=\"O Que \u00e9 Orat\u00f3ria e Comunica\u00e7\u00e3o: Saiba como a Orat\u00f3ria se Relaciona - Fluency.io Brasil\" \/>\n<meta property=\"og:description\" content=\"A orat\u00f3ria e comunica\u00e7\u00e3o s\u00e3o habilidades fundamentais para o sucesso pessoal e profissional. Saiba como desenvolv\u00ea-las e aplic\u00e1-las em diferentes \u00e1reas da ...\" \/>\n<meta property=\"og:url\" content=\"https:\/\/homolog.fluency.io\/br\/blog\/o-que-e-oratoria-e-comunicacao-saiba-como-a-oratoria-se-relaciona-com-a-area\/\" \/>\n<meta property=\"og:site_name\" content=\"Fluency.io Brasil\" \/>\n<meta property=\"article:published_time\" content=\"2023-06-30T01:31:18+00:00\" \/>\n<meta property=\"article:modified_time\" content=\"2023-08-01T17:38:26+00:00\" \/>\n<meta name=\"twitter:card\" content=\"summary_large_image\" \/>\n<meta name=\"twitter:label1\" content=\"Escrito por\" \/>\n\t<meta name=\"twitter:data1\" content=\"kaue\" \/>\n\t<meta name=\"twitter:label2\" content=\"Est. tempo de leitura\" \/>\n\t<meta name=\"twitter:data2\" content=\"4 minutos\" \/>\n<script type=\"application\/ld+json\" class=\"yoast-schema-graph\">{\"@context\":\"https:\\\/\\\/schema.org\",\"@graph\":[{\"@type\":\"Article\",\"@id\":\"https:\\\/\\\/homolog.fluency.io\\\/br\\\/blog\\\/o-que-e-oratoria-e-comunicacao-saiba-como-a-oratoria-se-relaciona-com-a-area\\\/#article\",\"isPartOf\":{\"@id\":\"https:\\\/\\\/homolog.fluency.io\\\/br\\\/blog\\\/o-que-e-oratoria-e-comunicacao-saiba-como-a-oratoria-se-relaciona-com-a-area\\\/\"},\"author\":{\"name\":\"kaue\",\"@id\":\"https:\\\/\\\/homolog.fluency.io\\\/br\\\/#\\\/schema\\\/person\\\/7b3b2b50ba17b7f2ad0cce0a40bfa00a\"},\"headline\":\"O Que \u00e9 Orat\u00f3ria e Comunica\u00e7\u00e3o: Saiba como a Orat\u00f3ria se Relaciona\",\"datePublished\":\"2023-06-30T01:31:18+00:00\",\"dateModified\":\"2023-08-01T17:38:26+00:00\",\"mainEntityOfPage\":{\"@id\":\"https:\\\/\\\/homolog.fluency.io\\\/br\\\/blog\\\/o-que-e-oratoria-e-comunicacao-saiba-como-a-oratoria-se-relaciona-com-a-area\\\/\"},\"wordCount\":783,\"commentCount\":0,\"articleSection\":[\"Skills\"],\"inLanguage\":\"pt-BR\",\"potentialAction\":[{\"@type\":\"CommentAction\",\"name\":\"Comment\",\"target\":[\"https:\\\/\\\/homolog.fluency.io\\\/br\\\/blog\\\/o-que-e-oratoria-e-comunicacao-saiba-como-a-oratoria-se-relaciona-com-a-area\\\/#respond\"]}]},{\"@type\":\"WebPage\",\"@id\":\"https:\\\/\\\/homolog.fluency.io\\\/br\\\/blog\\\/o-que-e-oratoria-e-comunicacao-saiba-como-a-oratoria-se-relaciona-com-a-area\\\/\",\"url\":\"https:\\\/\\\/homolog.fluency.io\\\/br\\\/blog\\\/o-que-e-oratoria-e-comunicacao-saiba-como-a-oratoria-se-relaciona-com-a-area\\\/\",\"name\":\"O Que \u00e9 Orat\u00f3ria e Comunica\u00e7\u00e3o: Saiba como a Orat\u00f3ria se Relaciona - Fluency.io Brasil\",\"isPartOf\":{\"@id\":\"https:\\\/\\\/homolog.fluency.io\\\/br\\\/#website\"},\"datePublished\":\"2023-06-30T01:31:18+00:00\",\"dateModified\":\"2023-08-01T17:38:26+00:00\",\"author\":{\"@id\":\"https:\\\/\\\/homolog.fluency.io\\\/br\\\/#\\\/schema\\\/person\\\/7b3b2b50ba17b7f2ad0cce0a40bfa00a\"},\"description\":\"A orat\u00f3ria e comunica\u00e7\u00e3o s\u00e3o habilidades fundamentais para o sucesso pessoal e profissional. Saiba como desenvolv\u00ea-las e aplic\u00e1-las em diferentes \u00e1reas da ...\",\"breadcrumb\":{\"@id\":\"https:\\\/\\\/homolog.fluency.io\\\/br\\\/blog\\\/o-que-e-oratoria-e-comunicacao-saiba-como-a-oratoria-se-relaciona-com-a-area\\\/#breadcrumb\"},\"inLanguage\":\"pt-BR\",\"potentialAction\":[{\"@type\":\"ReadAction\",\"target\":[\"https:\\\/\\\/homolog.fluency.io\\\/br\\\/blog\\\/o-que-e-oratoria-e-comunicacao-saiba-como-a-oratoria-se-relaciona-com-a-area\\\/\"]}]},{\"@type\":\"BreadcrumbList\",\"@id\":\"https:\\\/\\\/homolog.fluency.io\\\/br\\\/blog\\\/o-que-e-oratoria-e-comunicacao-saiba-como-a-oratoria-se-relaciona-com-a-area\\\/#breadcrumb\",\"itemListElement\":[{\"@type\":\"ListItem\",\"position\":1,\"name\":\"In\u00edcio\",\"item\":\"https:\\\/\\\/homolog.fluency.io\\\/br\\\/\"},{\"@type\":\"ListItem\",\"position\":2,\"name\":\"O Que \u00e9 Orat\u00f3ria e Comunica\u00e7\u00e3o: Saiba como a Orat\u00f3ria se Relaciona\"}]},{\"@type\":\"WebSite\",\"@id\":\"https:\\\/\\\/homolog.fluency.io\\\/br\\\/#website\",\"url\":\"https:\\\/\\\/homolog.fluency.io\\\/br\\\/\",\"name\":\"Fluency.io Brasil\",\"description\":\"\",\"potentialAction\":[{\"@type\":\"SearchAction\",\"target\":{\"@type\":\"EntryPoint\",\"urlTemplate\":\"https:\\\/\\\/homolog.fluency.io\\\/br\\\/?s={search_term_string}\"},\"query-input\":{\"@type\":\"PropertyValueSpecification\",\"valueRequired\":true,\"valueName\":\"search_term_string\"}}],\"inLanguage\":\"pt-BR\"},{\"@type\":\"Person\",\"@id\":\"https:\\\/\\\/homolog.fluency.io\\\/br\\\/#\\\/schema\\\/person\\\/7b3b2b50ba17b7f2ad0cce0a40bfa00a\",\"name\":\"kaue\",\"image\":{\"@type\":\"ImageObject\",\"inLanguage\":\"pt-BR\",\"@id\":\"https:\\\/\\\/secure.gravatar.com\\\/avatar\\\/bdd3958fa53019cfd8f789c0a49a730e7ba40a1d20cb42c9ced7646285842479?s=96&d=mm&r=g\",\"url\":\"https:\\\/\\\/secure.gravatar.com\\\/avatar\\\/bdd3958fa53019cfd8f789c0a49a730e7ba40a1d20cb42c9ced7646285842479?s=96&d=mm&r=g\",\"contentUrl\":\"https:\\\/\\\/secure.gravatar.com\\\/avatar\\\/bdd3958fa53019cfd8f789c0a49a730e7ba40a1d20cb42c9ced7646285842479?s=96&d=mm&r=g\",\"caption\":\"kaue\"},\"url\":\"https:\\\/\\\/homolog.fluency.io\\\/br\\\/author\\\/kaue\\\/\"}]}<\/script>\n<!-- \/ Yoast SEO plugin. -->","yoast_head_json":{"title":"O Que \u00e9 Orat\u00f3ria e Comunica\u00e7\u00e3o: Saiba como a Orat\u00f3ria se Relaciona - Fluency.io Brasil","description":"A orat\u00f3ria e comunica\u00e7\u00e3o s\u00e3o habilidades fundamentais para o sucesso pessoal e profissional. Saiba como desenvolv\u00ea-las e aplic\u00e1-las em diferentes \u00e1reas da ...","robots":{"index":"noindex","follow":"follow","max-snippet":"max-snippet:-1","max-image-preview":"max-image-preview:large","max-video-preview":"max-video-preview:-1"},"og_locale":"pt_BR","og_type":"article","og_title":"O Que \u00e9 Orat\u00f3ria e Comunica\u00e7\u00e3o: Saiba como a Orat\u00f3ria se Relaciona - Fluency.io Brasil","og_description":"A orat\u00f3ria e comunica\u00e7\u00e3o s\u00e3o habilidades fundamentais para o sucesso pessoal e profissional. Saiba como desenvolv\u00ea-las e aplic\u00e1-las em diferentes \u00e1reas da ...","og_url":"https:\/\/homolog.fluency.io\/br\/blog\/o-que-e-oratoria-e-comunicacao-saiba-como-a-oratoria-se-relaciona-com-a-area\/","og_site_name":"Fluency.io Brasil","article_published_time":"2023-06-30T01:31:18+00:00","article_modified_time":"2023-08-01T17:38:26+00:00","twitter_card":"summary_large_image","twitter_misc":{"Escrito por":"kaue","Est. tempo de leitura":"4 minutos"},"schema":{"@context":"https:\/\/schema.org","@graph":[{"@type":"Article","@id":"https:\/\/homolog.fluency.io\/br\/blog\/o-que-e-oratoria-e-comunicacao-saiba-como-a-oratoria-se-relaciona-com-a-area\/#article","isPartOf":{"@id":"https:\/\/homolog.fluency.io\/br\/blog\/o-que-e-oratoria-e-comunicacao-saiba-como-a-oratoria-se-relaciona-com-a-area\/"},"author":{"name":"kaue","@id":"https:\/\/homolog.fluency.io\/br\/#\/schema\/person\/7b3b2b50ba17b7f2ad0cce0a40bfa00a"},"headline":"O Que \u00e9 Orat\u00f3ria e Comunica\u00e7\u00e3o: Saiba como a Orat\u00f3ria se Relaciona","datePublished":"2023-06-30T01:31:18+00:00","dateModified":"2023-08-01T17:38:26+00:00","mainEntityOfPage":{"@id":"https:\/\/homolog.fluency.io\/br\/blog\/o-que-e-oratoria-e-comunicacao-saiba-como-a-oratoria-se-relaciona-com-a-area\/"},"wordCount":783,"commentCount":0,"articleSection":["Skills"],"inLanguage":"pt-BR","potentialAction":[{"@type":"CommentAction","name":"Comment","target":["https:\/\/homolog.fluency.io\/br\/blog\/o-que-e-oratoria-e-comunicacao-saiba-como-a-oratoria-se-relaciona-com-a-area\/#respond"]}]},{"@type":"WebPage","@id":"https:\/\/homolog.fluency.io\/br\/blog\/o-que-e-oratoria-e-comunicacao-saiba-como-a-oratoria-se-relaciona-com-a-area\/","url":"https:\/\/homolog.fluency.io\/br\/blog\/o-que-e-oratoria-e-comunicacao-saiba-como-a-oratoria-se-relaciona-com-a-area\/","name":"O Que \u00e9 Orat\u00f3ria e Comunica\u00e7\u00e3o: Saiba como a Orat\u00f3ria se Relaciona - Fluency.io Brasil","isPartOf":{"@id":"https:\/\/homolog.fluency.io\/br\/#website"},"datePublished":"2023-06-30T01:31:18+00:00","dateModified":"2023-08-01T17:38:26+00:00","author":{"@id":"https:\/\/homolog.fluency.io\/br\/#\/schema\/person\/7b3b2b50ba17b7f2ad0cce0a40bfa00a"},"description":"A orat\u00f3ria e comunica\u00e7\u00e3o s\u00e3o habilidades fundamentais para o sucesso pessoal e profissional. Saiba como desenvolv\u00ea-las e aplic\u00e1-las em diferentes \u00e1reas da ...","breadcrumb":{"@id":"https:\/\/homolog.fluency.io\/br\/blog\/o-que-e-oratoria-e-comunicacao-saiba-como-a-oratoria-se-relaciona-com-a-area\/#breadcrumb"},"inLanguage":"pt-BR","potentialAction":[{"@type":"ReadAction","target":["https:\/\/homolog.fluency.io\/br\/blog\/o-que-e-oratoria-e-comunicacao-saiba-como-a-oratoria-se-relaciona-com-a-area\/"]}]},{"@type":"BreadcrumbList","@id":"https:\/\/homolog.fluency.io\/br\/blog\/o-que-e-oratoria-e-comunicacao-saiba-como-a-oratoria-se-relaciona-com-a-area\/#breadcrumb","itemListElement":[{"@type":"ListItem","position":1,"name":"In\u00edcio","item":"https:\/\/homolog.fluency.io\/br\/"},{"@type":"ListItem","position":2,"name":"O Que \u00e9 Orat\u00f3ria e Comunica\u00e7\u00e3o: Saiba como a Orat\u00f3ria se Relaciona"}]},{"@type":"WebSite","@id":"https:\/\/homolog.fluency.io\/br\/#website","url":"https:\/\/homolog.fluency.io\/br\/","name":"Fluency.io Brasil","description":"","potentialAction":[{"@type":"SearchAction","target":{"@type":"EntryPoint","urlTemplate":"https:\/\/homolog.fluency.io\/br\/?s={search_term_string}"},"query-input":{"@type":"PropertyValueSpecification","valueRequired":true,"valueName":"search_term_string"}}],"inLanguage":"pt-BR"},{"@type":"Person","@id":"https:\/\/homolog.fluency.io\/br\/#\/schema\/person\/7b3b2b50ba17b7f2ad0cce0a40bfa00a","name":"kaue","image":{"@type":"ImageObject","inLanguage":"pt-BR","@id":"https:\/\/secure.gravatar.com\/avatar\/bdd3958fa53019cfd8f789c0a49a730e7ba40a1d20cb42c9ced7646285842479?s=96&d=mm&r=g","url":"https:\/\/secure.gravatar.com\/avatar\/bdd3958fa53019cfd8f789c0a49a730e7ba40a1d20cb42c9ced7646285842479?s=96&d=mm&r=g","contentUrl":"https:\/\/secure.gravatar.com\/avatar\/bdd3958fa53019cfd8f789c0a49a730e7ba40a1d20cb42c9ced7646285842479?s=96&d=mm&r=g","caption":"kaue"},"url":"https:\/\/homolog.fluency.io\/br\/author\/kaue\/"}]}},"_links":{"self":[{"href":"https:\/\/homolog.fluency.io\/br\/wp-json\/wp\/v2\/posts\/124316","targetHints":{"allow":["GET"]}}],"collection":[{"href":"https:\/\/homolog.fluency.io\/br\/wp-json\/wp\/v2\/posts"}],"about":[{"href":"https:\/\/homolog.fluency.io\/br\/wp-json\/wp\/v2\/types\/post"}],"author":[{"embeddable":true,"href":"https:\/\/homolog.fluency.io\/br\/wp-json\/wp\/v2\/users\/9"}],"replies":[{"embeddable":true,"href":"https:\/\/homolog.fluency.io\/br\/wp-json\/wp\/v2\/comments?post=124316"}],"version-history":[{"count":0,"href":"https:\/\/homolog.fluency.io\/br\/wp-json\/wp\/v2\/posts\/124316\/revisions"}],"wp:attachment":[{"href":"https:\/\/homolog.fluency.io\/br\/wp-json\/wp\/v2\/media?parent=124316"}],"wp:term":[{"taxonomy":"category","embeddable":true,"href":"https:\/\/homolog.fluency.io\/br\/wp-json\/wp\/v2\/categories?post=124316"},{"taxonomy":"post_tag","embeddable":true,"href":"https:\/\/homolog.fluency.io\/br\/wp-json\/wp\/v2\/tags?post=124316"},{"taxonomy":"format","embeddable":true,"href":"https:\/\/homolog.fluency.io\/br\/wp-json\/wp\/v2\/format?post=124316"},{"taxonomy":"trilha","embeddable":true,"href":"https:\/\/homolog.fluency.io\/br\/wp-json\/wp\/v2\/trilha?post=124316"}],"curies":[{"name":"wp","href":"https:\/\/api.w.org\/{rel}","templated":true}]}}