{"id":124336,"date":"2023-06-29T23:05:25","date_gmt":"2023-06-30T02:05:25","guid":{"rendered":"https:\/\/fluency.io\/br\/blog\/quem-inventou-oratoria-conheca-a-historia-do-surgimento-desse-conhecimento\/"},"modified":"2023-08-01T14:39:46","modified_gmt":"2023-08-01T17:39:46","slug":"quem-inventou-oratoria-conheca-a-historia-do-surgimento-desse-conhecimento","status":"publish","type":"post","link":"https:\/\/homolog.fluency.io\/br\/blog\/quem-inventou-oratoria-conheca-a-historia-do-surgimento-desse-conhecimento\/","title":{"rendered":"Quem Inventou Orat\u00f3ria: Conhe\u00e7a a Hist\u00f3ria do Surgimento desse Conhecimento"},"content":{"rendered":"<p><body><\/p>\n<h2>A <a target=\"_blank\" href=\"https:\/\/www.trabalhosfeitos.com\/ensaios\/Defini%C3%A7%C3%A3o-e-Origem-Da-Orat%C3%B3ria\/56461524.html\" rel=\"noopener\">origem da orat\u00f3ria<\/a> e Sua Import\u00e2ncia para a Comunica\u00e7\u00e3o<\/h2>\n<p>A orat\u00f3ria \u00e9 uma forma de comunica\u00e7\u00e3o que remonta a tempos antigos e desempenha um papel crucial na sociedade. Esta <a target=\"_blank\" href=\"https:\/\/exame.com\/carreira\/faca-este-treino-se-quiser-falar-melhor-em-publico-da-proxima-vez\/\" rel=\"noopener\">habilidade de falar em p\u00fablico<\/a> \u00e9 valorizada em v\u00e1rias \u00e1reas, como pol\u00edtica, advocacia, ensino e lideran\u00e7a empresarial. Neste artigo, exploraremos a origem da orat\u00f3ria e sua import\u00e2ncia para a <a target=\"_blank\" href=\"https:\/\/www.instagram.com\/eficazcomunicacao\/\" rel=\"noopener\">comunica\u00e7\u00e3o eficaz<\/a>.<\/p>\n<h3>A Arte da Orat\u00f3ria na <a target=\"_blank\" href=\"https:\/\/decorcolorssp.com.br\/tintas\/linha-grecia-antiga\/\" rel=\"noopener\">Gr\u00e9cia Antiga<\/a><\/h3>\n<p>A arte da orat\u00f3ria teve seu in\u00edcio na Gr\u00e9cia Antiga, uma civiliza\u00e7\u00e3o conhecida por suas contribui\u00e7\u00f5es para diversos campos do conhecimento humano. Os gregos consideravam a palavra falada como uma express\u00e3o poderosa e acreditavam que a habilidade de persuadir as pessoas era essencial para a governan\u00e7a e a tomada de decis\u00f5es. Foi nesse contexto que a orat\u00f3ria foi desenvolvida e aprimorada como uma disciplina.<\/p>\n<p>A orat\u00f3ria desempenhava um papel central na democracia ateniense, onde os cidad\u00e3os tinham o direito de expor seus pontos de vista e influenciar a opini\u00e3o p\u00fablica. Os tribunais e a Assembleia Popular eram os locais principais onde a orat\u00f3ria era praticada. Os oradores habilidosos tinham a capacidade de convencer o p\u00fablico, influenciar pol\u00edticas e garantir apoio popular.<\/p>\n<h3>Quem Inventou a Orat\u00f3ria e sua Contribui\u00e7\u00e3o para a Arte da Fala<\/h3>\n<p>Embora seja dif\u00edcil determinar exatamente quem inventou a orat\u00f3ria, muitos estudiosos atribuem sua origem aos gregos antigos, especialmente aos sofistas. Os sofistas eram conhecidos por seu dom\u00ednio da persuas\u00e3o e ret\u00f3rica. Eles ensinavam a arte da orat\u00f3ria como uma habilidade essencial para o sucesso pessoal e profissional.<\/p>\n<p>Outra figura importante na hist\u00f3ria da orat\u00f3ria foi Dem\u00f3stenes, um famoso orador ateniense do s\u00e9culo IV a.C. Dem\u00f3stenes n\u00e3o apenas aprimorou suas habilidades orat\u00f3rias, mas tamb\u00e9m desenvolveu t\u00e9cnicas e exerc\u00edcios para ajudar outras pessoas a melhorarem sua capacidade de falar em p\u00fablico. Seus discursos foram considerados modelos de eloqu\u00eancia e persuas\u00e3o.<\/p>\n<p>A influ\u00eancia direta da orat\u00f3ria grega n\u00e3o terminou com a antiguidade cl\u00e1ssica. Durante o Renascimento, os estudiosos humanistas redescobriram os textos cl\u00e1ssicos e valorizaram a ret\u00f3rica como parte essencial da educa\u00e7\u00e3o. Atrav\u00e9s dos tratados e manuais sobre orat\u00f3ria escritos nesse per\u00edodo, a arte da fala ganhou uma nova relev\u00e2ncia na Europa e influenciou in\u00fameras gera\u00e7\u00f5es de estudiosos e profissionais.<\/p>\n<h3>A <a target=\"_blank\" href=\"https:\/\/pt.slideshare.net\/Marcelorcc\/importncia-da-oratria-na-administrao\" rel=\"noopener\">import\u00e2ncia da orat\u00f3ria<\/a> para a Comunica\u00e7\u00e3o Efetiva<\/h3>\n<p>A import\u00e2ncia da orat\u00f3ria para a comunica\u00e7\u00e3o efetiva n\u00e3o pode ser subestimada. Embora hoje em dia tenhamos diversos meios de comunica\u00e7\u00e3o, a habilidade de falar em p\u00fablico continua sendo uma das compet\u00eancias mais valorizadas nas mais diversas \u00e1reas. A orat\u00f3ria n\u00e3o se limita apenas ao dom\u00ednio da linguagem, mas tamb\u00e9m envolve express\u00e3o corporal, postura e uso adequado de recursos audiovisuais.<\/p>\n<p>A capacidade de falar de forma clara, persuasiva e convincente \u00e9 essencial para transmitir mensagens de forma eficaz e impactar o p\u00fablico. Atrav\u00e9s da orat\u00f3ria, \u00e9 poss\u00edvel influenciar opini\u00f5es, motivar pessoas, inspirar mudan\u00e7as e alcan\u00e7ar resultados positivos. Seja em uma apresenta\u00e7\u00e3o de vendas, discursos pol\u00edticos ou palestras educacionais, a orat\u00f3ria permite que as ideias sejam comunicadas de maneira cativante e memor\u00e1vel.<\/p>\n<h2>Desenvolva a sua carreira hoje mesmo!<\/h2>\n<p>Conhe\u00e7a a <a href=\"https:\/\/fluency.io\/br\/blog\/?utm_source=blog\">Awari<\/a>, uma plataforma de ensino completa que conta com mentorias individuais, cursos com aulas ao vivo e suporte de carreira para voc\u00ea dar seu pr\u00f3ximo passo profissional. Quer aprender mais sobre as t\u00e9cnicas necess\u00e1rias para se tornar um profissional de relev\u00e2ncia e sucesso?<\/p>\n<p>Conhe\u00e7a <a href=\"https:\/\/fluency.io\/br\/blog\/cursos?utm_source=blog\">nossos cursos<\/a> e desenvolva compet\u00eancias essenciais com jornada personalizada, para desenvolver e evoluir seu curr\u00edculo, o seu pessoal e materiais complementares desenvolvidos por especialistas no mercado!<\/p>\n<p><\/body><\/p>\n","protected":false},"excerpt":{"rendered":"<p>A origem da orat\u00f3ria remonta \u00e0 Gr\u00e9cia Antiga, onde fil\u00f3sofos como Arist\u00f3teles contribu\u00edram para seu desenvolvimento. Embora n\u00e3o seja poss\u00edvel identificar uma \u00fanica pessoa que tenha inventado a orat\u00f3ria, acredita-se que os gregos antigos e os sofistas tiveram um papel significativo. A orat\u00f3ria continua sendo uma habilidade valiosa para a comunica\u00e7\u00e3o persuasiva, permitindo que os oradores influenciem e inspirem suas audi\u00eancias de forma eficaz. Saiba mais sobre a import\u00e2ncia e hist\u00f3ria da orat\u00f3ria em nosso artigo.<\/p>\n","protected":false},"author":9,"featured_media":0,"comment_status":"open","ping_status":"open","sticky":false,"template":"","format":[186],"meta":{"inline_featured_image":false,"footnotes":""},"categories":[229],"tags":[],"trilha":[],"class_list":["post-124336","post","type-post","status-publish","format-standard","hentry","category-skills","format-artigos"],"acf":[],"yoast_head":"<!-- This site is optimized with the Yoast SEO plugin v27.4 - https:\/\/yoast.com\/product\/yoast-seo-wordpress\/ -->\n<title>Quem Inventou Orat\u00f3ria: Conhe\u00e7a a Hist\u00f3ria do Surgimento desse Conhecimento - Fluency.io Brasil<\/title>\n<meta name=\"description\" content=\"A origem da orat\u00f3ria remonta \u00e0 Gr\u00e9cia Antiga, onde fil\u00f3sofos como Arist\u00f3teles contribu\u00edram para seu desenvolvimento. Embora n\u00e3o seja poss\u00edvel identificar u...\" \/>\n<meta name=\"robots\" content=\"noindex, follow, max-snippet:-1, max-image-preview:large, max-video-preview:-1\" \/>\n<meta property=\"og:locale\" content=\"pt_BR\" \/>\n<meta property=\"og:type\" content=\"article\" \/>\n<meta property=\"og:title\" content=\"Quem Inventou Orat\u00f3ria: Conhe\u00e7a a Hist\u00f3ria do Surgimento desse Conhecimento - Fluency.io Brasil\" \/>\n<meta property=\"og:description\" content=\"A origem da orat\u00f3ria remonta \u00e0 Gr\u00e9cia Antiga, onde fil\u00f3sofos como Arist\u00f3teles contribu\u00edram para seu desenvolvimento. Embora n\u00e3o seja poss\u00edvel identificar u...\" \/>\n<meta property=\"og:url\" content=\"https:\/\/homolog.fluency.io\/br\/blog\/quem-inventou-oratoria-conheca-a-historia-do-surgimento-desse-conhecimento\/\" \/>\n<meta property=\"og:site_name\" content=\"Fluency.io Brasil\" \/>\n<meta property=\"article:published_time\" content=\"2023-06-30T02:05:25+00:00\" \/>\n<meta property=\"article:modified_time\" content=\"2023-08-01T17:39:46+00:00\" \/>\n<meta name=\"twitter:card\" content=\"summary_large_image\" \/>\n<meta name=\"twitter:label1\" content=\"Escrito por\" \/>\n\t<meta name=\"twitter:data1\" content=\"kaue\" \/>\n\t<meta name=\"twitter:label2\" content=\"Est. tempo de leitura\" \/>\n\t<meta name=\"twitter:data2\" content=\"3 minutos\" \/>\n<script type=\"application\/ld+json\" class=\"yoast-schema-graph\">{\"@context\":\"https:\\\/\\\/schema.org\",\"@graph\":[{\"@type\":\"Article\",\"@id\":\"https:\\\/\\\/homolog.fluency.io\\\/br\\\/blog\\\/quem-inventou-oratoria-conheca-a-historia-do-surgimento-desse-conhecimento\\\/#article\",\"isPartOf\":{\"@id\":\"https:\\\/\\\/homolog.fluency.io\\\/br\\\/blog\\\/quem-inventou-oratoria-conheca-a-historia-do-surgimento-desse-conhecimento\\\/\"},\"author\":{\"name\":\"kaue\",\"@id\":\"https:\\\/\\\/homolog.fluency.io\\\/br\\\/#\\\/schema\\\/person\\\/7b3b2b50ba17b7f2ad0cce0a40bfa00a\"},\"headline\":\"Quem Inventou Orat\u00f3ria: Conhe\u00e7a a Hist\u00f3ria do Surgimento desse Conhecimento\",\"datePublished\":\"2023-06-30T02:05:25+00:00\",\"dateModified\":\"2023-08-01T17:39:46+00:00\",\"mainEntityOfPage\":{\"@id\":\"https:\\\/\\\/homolog.fluency.io\\\/br\\\/blog\\\/quem-inventou-oratoria-conheca-a-historia-do-surgimento-desse-conhecimento\\\/\"},\"wordCount\":673,\"commentCount\":0,\"articleSection\":[\"Skills\"],\"inLanguage\":\"pt-BR\",\"potentialAction\":[{\"@type\":\"CommentAction\",\"name\":\"Comment\",\"target\":[\"https:\\\/\\\/homolog.fluency.io\\\/br\\\/blog\\\/quem-inventou-oratoria-conheca-a-historia-do-surgimento-desse-conhecimento\\\/#respond\"]}]},{\"@type\":\"WebPage\",\"@id\":\"https:\\\/\\\/homolog.fluency.io\\\/br\\\/blog\\\/quem-inventou-oratoria-conheca-a-historia-do-surgimento-desse-conhecimento\\\/\",\"url\":\"https:\\\/\\\/homolog.fluency.io\\\/br\\\/blog\\\/quem-inventou-oratoria-conheca-a-historia-do-surgimento-desse-conhecimento\\\/\",\"name\":\"Quem Inventou Orat\u00f3ria: Conhe\u00e7a a Hist\u00f3ria do Surgimento desse Conhecimento - Fluency.io Brasil\",\"isPartOf\":{\"@id\":\"https:\\\/\\\/homolog.fluency.io\\\/br\\\/#website\"},\"datePublished\":\"2023-06-30T02:05:25+00:00\",\"dateModified\":\"2023-08-01T17:39:46+00:00\",\"author\":{\"@id\":\"https:\\\/\\\/homolog.fluency.io\\\/br\\\/#\\\/schema\\\/person\\\/7b3b2b50ba17b7f2ad0cce0a40bfa00a\"},\"description\":\"A origem da orat\u00f3ria remonta \u00e0 Gr\u00e9cia Antiga, onde fil\u00f3sofos como Arist\u00f3teles contribu\u00edram para seu desenvolvimento. Embora n\u00e3o seja poss\u00edvel identificar u...\",\"breadcrumb\":{\"@id\":\"https:\\\/\\\/homolog.fluency.io\\\/br\\\/blog\\\/quem-inventou-oratoria-conheca-a-historia-do-surgimento-desse-conhecimento\\\/#breadcrumb\"},\"inLanguage\":\"pt-BR\",\"potentialAction\":[{\"@type\":\"ReadAction\",\"target\":[\"https:\\\/\\\/homolog.fluency.io\\\/br\\\/blog\\\/quem-inventou-oratoria-conheca-a-historia-do-surgimento-desse-conhecimento\\\/\"]}]},{\"@type\":\"BreadcrumbList\",\"@id\":\"https:\\\/\\\/homolog.fluency.io\\\/br\\\/blog\\\/quem-inventou-oratoria-conheca-a-historia-do-surgimento-desse-conhecimento\\\/#breadcrumb\",\"itemListElement\":[{\"@type\":\"ListItem\",\"position\":1,\"name\":\"In\u00edcio\",\"item\":\"https:\\\/\\\/homolog.fluency.io\\\/br\\\/\"},{\"@type\":\"ListItem\",\"position\":2,\"name\":\"Quem Inventou Orat\u00f3ria: Conhe\u00e7a a Hist\u00f3ria do Surgimento desse Conhecimento\"}]},{\"@type\":\"WebSite\",\"@id\":\"https:\\\/\\\/homolog.fluency.io\\\/br\\\/#website\",\"url\":\"https:\\\/\\\/homolog.fluency.io\\\/br\\\/\",\"name\":\"Fluency.io Brasil\",\"description\":\"\",\"potentialAction\":[{\"@type\":\"SearchAction\",\"target\":{\"@type\":\"EntryPoint\",\"urlTemplate\":\"https:\\\/\\\/homolog.fluency.io\\\/br\\\/?s={search_term_string}\"},\"query-input\":{\"@type\":\"PropertyValueSpecification\",\"valueRequired\":true,\"valueName\":\"search_term_string\"}}],\"inLanguage\":\"pt-BR\"},{\"@type\":\"Person\",\"@id\":\"https:\\\/\\\/homolog.fluency.io\\\/br\\\/#\\\/schema\\\/person\\\/7b3b2b50ba17b7f2ad0cce0a40bfa00a\",\"name\":\"kaue\",\"image\":{\"@type\":\"ImageObject\",\"inLanguage\":\"pt-BR\",\"@id\":\"https:\\\/\\\/secure.gravatar.com\\\/avatar\\\/bdd3958fa53019cfd8f789c0a49a730e7ba40a1d20cb42c9ced7646285842479?s=96&d=mm&r=g\",\"url\":\"https:\\\/\\\/secure.gravatar.com\\\/avatar\\\/bdd3958fa53019cfd8f789c0a49a730e7ba40a1d20cb42c9ced7646285842479?s=96&d=mm&r=g\",\"contentUrl\":\"https:\\\/\\\/secure.gravatar.com\\\/avatar\\\/bdd3958fa53019cfd8f789c0a49a730e7ba40a1d20cb42c9ced7646285842479?s=96&d=mm&r=g\",\"caption\":\"kaue\"},\"url\":\"https:\\\/\\\/homolog.fluency.io\\\/br\\\/author\\\/kaue\\\/\"}]}<\/script>\n<!-- \/ Yoast SEO plugin. -->","yoast_head_json":{"title":"Quem Inventou Orat\u00f3ria: Conhe\u00e7a a Hist\u00f3ria do Surgimento desse Conhecimento - Fluency.io Brasil","description":"A origem da orat\u00f3ria remonta \u00e0 Gr\u00e9cia Antiga, onde fil\u00f3sofos como Arist\u00f3teles contribu\u00edram para seu desenvolvimento. Embora n\u00e3o seja poss\u00edvel identificar u...","robots":{"index":"noindex","follow":"follow","max-snippet":"max-snippet:-1","max-image-preview":"max-image-preview:large","max-video-preview":"max-video-preview:-1"},"og_locale":"pt_BR","og_type":"article","og_title":"Quem Inventou Orat\u00f3ria: Conhe\u00e7a a Hist\u00f3ria do Surgimento desse Conhecimento - Fluency.io Brasil","og_description":"A origem da orat\u00f3ria remonta \u00e0 Gr\u00e9cia Antiga, onde fil\u00f3sofos como Arist\u00f3teles contribu\u00edram para seu desenvolvimento. Embora n\u00e3o seja poss\u00edvel identificar u...","og_url":"https:\/\/homolog.fluency.io\/br\/blog\/quem-inventou-oratoria-conheca-a-historia-do-surgimento-desse-conhecimento\/","og_site_name":"Fluency.io Brasil","article_published_time":"2023-06-30T02:05:25+00:00","article_modified_time":"2023-08-01T17:39:46+00:00","twitter_card":"summary_large_image","twitter_misc":{"Escrito por":"kaue","Est. tempo de leitura":"3 minutos"},"schema":{"@context":"https:\/\/schema.org","@graph":[{"@type":"Article","@id":"https:\/\/homolog.fluency.io\/br\/blog\/quem-inventou-oratoria-conheca-a-historia-do-surgimento-desse-conhecimento\/#article","isPartOf":{"@id":"https:\/\/homolog.fluency.io\/br\/blog\/quem-inventou-oratoria-conheca-a-historia-do-surgimento-desse-conhecimento\/"},"author":{"name":"kaue","@id":"https:\/\/homolog.fluency.io\/br\/#\/schema\/person\/7b3b2b50ba17b7f2ad0cce0a40bfa00a"},"headline":"Quem Inventou Orat\u00f3ria: Conhe\u00e7a a Hist\u00f3ria do Surgimento desse Conhecimento","datePublished":"2023-06-30T02:05:25+00:00","dateModified":"2023-08-01T17:39:46+00:00","mainEntityOfPage":{"@id":"https:\/\/homolog.fluency.io\/br\/blog\/quem-inventou-oratoria-conheca-a-historia-do-surgimento-desse-conhecimento\/"},"wordCount":673,"commentCount":0,"articleSection":["Skills"],"inLanguage":"pt-BR","potentialAction":[{"@type":"CommentAction","name":"Comment","target":["https:\/\/homolog.fluency.io\/br\/blog\/quem-inventou-oratoria-conheca-a-historia-do-surgimento-desse-conhecimento\/#respond"]}]},{"@type":"WebPage","@id":"https:\/\/homolog.fluency.io\/br\/blog\/quem-inventou-oratoria-conheca-a-historia-do-surgimento-desse-conhecimento\/","url":"https:\/\/homolog.fluency.io\/br\/blog\/quem-inventou-oratoria-conheca-a-historia-do-surgimento-desse-conhecimento\/","name":"Quem Inventou Orat\u00f3ria: Conhe\u00e7a a Hist\u00f3ria do Surgimento desse Conhecimento - Fluency.io Brasil","isPartOf":{"@id":"https:\/\/homolog.fluency.io\/br\/#website"},"datePublished":"2023-06-30T02:05:25+00:00","dateModified":"2023-08-01T17:39:46+00:00","author":{"@id":"https:\/\/homolog.fluency.io\/br\/#\/schema\/person\/7b3b2b50ba17b7f2ad0cce0a40bfa00a"},"description":"A origem da orat\u00f3ria remonta \u00e0 Gr\u00e9cia Antiga, onde fil\u00f3sofos como Arist\u00f3teles contribu\u00edram para seu desenvolvimento. Embora n\u00e3o seja poss\u00edvel identificar u...","breadcrumb":{"@id":"https:\/\/homolog.fluency.io\/br\/blog\/quem-inventou-oratoria-conheca-a-historia-do-surgimento-desse-conhecimento\/#breadcrumb"},"inLanguage":"pt-BR","potentialAction":[{"@type":"ReadAction","target":["https:\/\/homolog.fluency.io\/br\/blog\/quem-inventou-oratoria-conheca-a-historia-do-surgimento-desse-conhecimento\/"]}]},{"@type":"BreadcrumbList","@id":"https:\/\/homolog.fluency.io\/br\/blog\/quem-inventou-oratoria-conheca-a-historia-do-surgimento-desse-conhecimento\/#breadcrumb","itemListElement":[{"@type":"ListItem","position":1,"name":"In\u00edcio","item":"https:\/\/homolog.fluency.io\/br\/"},{"@type":"ListItem","position":2,"name":"Quem Inventou Orat\u00f3ria: Conhe\u00e7a a Hist\u00f3ria do Surgimento desse Conhecimento"}]},{"@type":"WebSite","@id":"https:\/\/homolog.fluency.io\/br\/#website","url":"https:\/\/homolog.fluency.io\/br\/","name":"Fluency.io Brasil","description":"","potentialAction":[{"@type":"SearchAction","target":{"@type":"EntryPoint","urlTemplate":"https:\/\/homolog.fluency.io\/br\/?s={search_term_string}"},"query-input":{"@type":"PropertyValueSpecification","valueRequired":true,"valueName":"search_term_string"}}],"inLanguage":"pt-BR"},{"@type":"Person","@id":"https:\/\/homolog.fluency.io\/br\/#\/schema\/person\/7b3b2b50ba17b7f2ad0cce0a40bfa00a","name":"kaue","image":{"@type":"ImageObject","inLanguage":"pt-BR","@id":"https:\/\/secure.gravatar.com\/avatar\/bdd3958fa53019cfd8f789c0a49a730e7ba40a1d20cb42c9ced7646285842479?s=96&d=mm&r=g","url":"https:\/\/secure.gravatar.com\/avatar\/bdd3958fa53019cfd8f789c0a49a730e7ba40a1d20cb42c9ced7646285842479?s=96&d=mm&r=g","contentUrl":"https:\/\/secure.gravatar.com\/avatar\/bdd3958fa53019cfd8f789c0a49a730e7ba40a1d20cb42c9ced7646285842479?s=96&d=mm&r=g","caption":"kaue"},"url":"https:\/\/homolog.fluency.io\/br\/author\/kaue\/"}]}},"_links":{"self":[{"href":"https:\/\/homolog.fluency.io\/br\/wp-json\/wp\/v2\/posts\/124336","targetHints":{"allow":["GET"]}}],"collection":[{"href":"https:\/\/homolog.fluency.io\/br\/wp-json\/wp\/v2\/posts"}],"about":[{"href":"https:\/\/homolog.fluency.io\/br\/wp-json\/wp\/v2\/types\/post"}],"author":[{"embeddable":true,"href":"https:\/\/homolog.fluency.io\/br\/wp-json\/wp\/v2\/users\/9"}],"replies":[{"embeddable":true,"href":"https:\/\/homolog.fluency.io\/br\/wp-json\/wp\/v2\/comments?post=124336"}],"version-history":[{"count":0,"href":"https:\/\/homolog.fluency.io\/br\/wp-json\/wp\/v2\/posts\/124336\/revisions"}],"wp:attachment":[{"href":"https:\/\/homolog.fluency.io\/br\/wp-json\/wp\/v2\/media?parent=124336"}],"wp:term":[{"taxonomy":"category","embeddable":true,"href":"https:\/\/homolog.fluency.io\/br\/wp-json\/wp\/v2\/categories?post=124336"},{"taxonomy":"post_tag","embeddable":true,"href":"https:\/\/homolog.fluency.io\/br\/wp-json\/wp\/v2\/tags?post=124336"},{"taxonomy":"format","embeddable":true,"href":"https:\/\/homolog.fluency.io\/br\/wp-json\/wp\/v2\/format?post=124336"},{"taxonomy":"trilha","embeddable":true,"href":"https:\/\/homolog.fluency.io\/br\/wp-json\/wp\/v2\/trilha?post=124336"}],"curies":[{"name":"wp","href":"https:\/\/api.w.org\/{rel}","templated":true}]}}