{"id":124352,"date":"2023-06-29T23:34:11","date_gmt":"2023-06-30T02:34:11","guid":{"rendered":"https:\/\/fluency.io\/br\/blog\/quando-comecou-a-oratoria-saiba-mais-sobre-a-historia-desse-importante-conhecimento\/"},"modified":"2023-08-01T14:40:37","modified_gmt":"2023-08-01T17:40:37","slug":"quando-comecou-a-oratoria-saiba-mais-sobre-a-historia-desse-importante-conhecimento","status":"publish","type":"post","link":"https:\/\/homolog.fluency.io\/br\/blog\/quando-comecou-a-oratoria-saiba-mais-sobre-a-historia-desse-importante-conhecimento\/","title":{"rendered":"Quando Come\u00e7ou a Orat\u00f3ria: Saiba Mais Sobre a Hist\u00f3ria"},"content":{"rendered":"\n<h2 class=\"wp-block-heading\">Dominar a orat\u00f3ria: uma arte de persuas\u00e3o<\/h2>\n\n\n\n<p>Dominar a orat\u00f3ria n\u00e3o se resume apenas a falar em p\u00fablico, mas tamb\u00e9m envolve a compreens\u00e3o dos fundamentos da ret\u00f3rica, da argumenta\u00e7\u00e3o convincente e da maneira como as palavras podem moldar as mentes e influenciar as decis\u00f5es das pessoas. Portanto, se voc\u00ea deseja se tornar um comunicador eficaz e persuasivo, considere explorar e aprimorar suas <a href=\"https:\/\/www.cambridgeinternational.org\/Images\/665639-oracy-portuguese-.pdf\" target=\"_blank\" rel=\"noopener\">habilidades na orat\u00f3ria<\/a>.<\/p>\n\n\n\n<p>Saiba mais sobre a <a href=\"https:\/\/www.academia.edu\/13099169\/HIST%C3%93RIA_DA_ARTE_ORAT%C3%93RIA\" target=\"_blank\" rel=\"noopener\">hist\u00f3ria da orat\u00f3ria<\/a>, pratique e busque oportunidades para se expressar em p\u00fablico. Quando voc\u00ea dominar essa habilidade, poder\u00e1 comunicar suas ideias de forma clara, persuasiva e eficaz, cativando e inspirando outras pessoas a seguirem o seu exemplo.<\/p>\n\n\n\n<h3 class=\"wp-block-heading\">A Origem da Orat\u00f3ria<\/h3>\n\n\n\n<h4 class=\"wp-block-heading\">A import\u00e2ncia da orat\u00f3ria na comunica\u00e7\u00e3o humana.<\/h4>\n\n\n\n<p>A orat\u00f3ria \u00e9 uma arte milenar que tem sido praticada desde os prim\u00f3rdios da civiliza\u00e7\u00e3o humana. Atrav\u00e9s da orat\u00f3ria, as pessoas s\u00e3o capazes de expressar seus pensamentos, ideias e emo\u00e7\u00f5es de forma persuasiva e impactante. Ela desempenha um papel fundamental na comunica\u00e7\u00e3o eficaz e influenciou significativamente a hist\u00f3ria e o desenvolvimento da linguagem humana.<\/p>\n\n\n\n<h4 class=\"wp-block-heading\">A orat\u00f3ria na <a href=\"https:\/\/www.google.com\/mymaps\/viewer?mid=12DPPGtDBcJCtP5IQCIhRWn9oBY4&amp;hl=es\" target=\"_blank\" rel=\"noopener\">Gr\u00e9cia Antiga<\/a>.<\/h4>\n\n\n\n<p>Acredita-se que a orat\u00f3ria tenha suas ra\u00edzes na Gr\u00e9cia Antiga, onde os fil\u00f3sofos e pol\u00edticos reconheciam a import\u00e2ncia de falar em p\u00fablico para persuadir e influenciar as massas. Na Gr\u00e9cia, a busca pela eloqu\u00eancia era valorizada e considerada essencial para aqueles que aspiravam ao poder pol\u00edtico e lideran\u00e7a. S\u00f3crates, Plat\u00e3o e Arist\u00f3teles foram alguns dos grandes pensadores gregos que estudaram e ensinaram as t\u00e9cnicas da orat\u00f3ria.<\/p>\n\n\n\n<h4 class=\"wp-block-heading\">A orat\u00f3ria na <a href=\"https:\/\/www.youtube.com\/playlist?list=PLPNLvl90MqKQsDBxjNE0I2Cx8VYKx9JzV\" target=\"_blank\" rel=\"noopener\">Roma Antiga<\/a>.<\/h4>\n\n\n\n<p>Atrav\u00e9s do Imp\u00e9rio Romano, a orat\u00f3ria se espalhou pelo mundo antigo e continuou a desempenhar um papel importante na sociedade. C\u00edcero, um dos oradores mais famosos de todos os tempos, foi um grande defensor da orat\u00f3ria e escreveu extensivamente sobre o assunto. Ele destacou a import\u00e2ncia de usar a linguagem de forma persuasiva e convincente, habilidades que s\u00e3o essenciais at\u00e9 os dias de hoje.<\/p>\n\n\n\n<h4 class=\"wp-block-heading\">A influ\u00eancia da orat\u00f3ria na Idade M\u00e9dia e Renascimento.<\/h4>\n\n\n\n<p>Durante a Idade M\u00e9dia, a orat\u00f3ria desempenhou um papel central na dissemina\u00e7\u00e3o do conhecimento e das ideias. Os discursos dos cl\u00e9rigos e te\u00f3logos eram uma forma de persuas\u00e3o e instru\u00e7\u00e3o para a popula\u00e7\u00e3o. J\u00e1 o Renascimento foi um per\u00edodo de grandes avan\u00e7os na orat\u00f3ria, com a redescoberta das obras cl\u00e1ssicas da Gr\u00e9cia e Roma Antiga. Humanistas como Erasmo de Roterd\u00e3 e Thomas More valorizavam a orat\u00f3ria como uma forma de educa\u00e7\u00e3o e poder de influ\u00eancia.<\/p>\n\n\n\n<h4 class=\"wp-block-heading\">A orat\u00f3ria na era moderna.<\/h4>\n\n\n\n<p>Com o advento da imprensa e a dissemina\u00e7\u00e3o da informa\u00e7\u00e3o, a orat\u00f3ria passou por mudan\u00e7as significativas. A comunica\u00e7\u00e3o em massa e a tecnologia moderna trouxeram novos desafios e possibilidades para a orat\u00f3ria. No entanto, a import\u00e2ncia da orat\u00f3ria em campos como a pol\u00edtica, neg\u00f3cios e educa\u00e7\u00e3o continua sendo fundamental. Hoje, a orat\u00f3ria \u00e9 estudada e praticada em todo o mundo, com o objetivo de aprimorar a <a href=\"https:\/\/blog.portalpos.com.br\/falar-em-publico\/\" target=\"_blank\" rel=\"noopener\">habilidade de falar em p\u00fablico<\/a> e se comunicar de forma clara e persuasiva.<\/p>\n\n\n\n<h3 class=\"wp-block-heading\">Quando Come\u00e7ou a Orat\u00f3ria: Um Olhar Hist\u00f3rico<\/h3>\n\n\n\n<h4 class=\"wp-block-heading\">As origens antigas da orat\u00f3ria.<\/h4>\n\n\n\n<p>A hist\u00f3ria do in\u00edcio da orat\u00f3ria remonta aos tempos antigos, quando os seres humanos buscavam uma forma eficiente de se comunicar e persuadir uns aos outros. A habilidade de falar em p\u00fablico era valorizada em civiliza\u00e7\u00f5es antigas, como os eg\u00edpcios, que tinham oradores especializados em discursar nas cortes reais e nas assembleias. Mesopot\u00e2mia e \u00cdndia tamb\u00e9m desenvolveram suas pr\u00f3prias tradi\u00e7\u00f5es orat\u00f3rias, demonstrando a import\u00e2ncia da comunica\u00e7\u00e3o persuasiva ao longo da hist\u00f3ria humana.<\/p>\n\n\n\n<h4 class=\"wp-block-heading\">O surgimento da orat\u00f3ria na Gr\u00e9cia Antiga.<\/h4>\n\n\n\n<p>Embora a orat\u00f3ria tenha sido praticada em v\u00e1rias culturas antigas, foi na Gr\u00e9cia Antiga que ela ganhou destaque e se tornou um campo de estudo formal. A partir do s\u00e9culo V a.C., a orat\u00f3ria foi valorizada e ensinada como parte essencial da educa\u00e7\u00e3o dos cidad\u00e3os gregos. Os gregos acreditavam que a capacidade de se expressar habilmente era fundamental para participar da vida pol\u00edtica e social.<\/p>\n\n\n\n<h4 class=\"wp-block-heading\">O papel dos sofistas na orat\u00f3ria grega.<\/h4>\n\n\n\n<p>Os sofistas foram os primeiros mestres da orat\u00f3ria na Gr\u00e9cia Antiga. Eles eram professores itinerantes que ensinavam a arte de falar persuasivamente em troca de pagamento. Os sofistas acreditavam que a orat\u00f3ria era uma ferramenta poderosa para convencer os outros e alcan\u00e7ar sucesso pessoal. Eles desenvolveram t\u00e9cnicas ret\u00f3ricas e argumentativas e treinaram seus alunos a usar a linguagem de forma persuasiva.<\/p>\n\n\n\n<h4 class=\"wp-block-heading\">A influ\u00eancia de S\u00f3crates, Plat\u00e3o e Arist\u00f3teles.<\/h4>\n\n\n\n<p>S\u00f3crates, Plat\u00e3o e Arist\u00f3teles foram fil\u00f3sofos gregos que contribu\u00edram significativamente para o desenvolvimento da orat\u00f3ria. S\u00f3crates, embora n\u00e3o tenha escrito nenhum texto, foi um mestre da fala persuasiva e desenvolveu o m\u00e9todo de questionamento conhecido como &#8220;mai\u00eautica&#8221;. Plat\u00e3o, disc\u00edpulo de S\u00f3crates, escreveu di\u00e1logos filos\u00f3ficos que exploraram a import\u00e2ncia da ret\u00f3rica e do discurso argumentativo. J\u00e1 Arist\u00f3teles, aluno de Plat\u00e3o, sistematizou o estudo da orat\u00f3ria, criando suas famosas &#8220;seis partes do discurso&#8221; e desenvolvendo a teoria dos tr\u00eas tipos de apelo ret\u00f3rico: \u00e9tico, emocional e l\u00f3gico.<\/p>\n\n\n\n<h4 class=\"wp-block-heading\">A orat\u00f3ria na Roma Antiga.<\/h4>\n\n\n\n<p>Com a expans\u00e3o do Imp\u00e9rio Romano, a orat\u00f3ria se espalhou pelo mundo e continuou a evoluir. Os romanos adotaram muitos aspectos da orat\u00f3ria grega e desenvolveram seu pr\u00f3prio estilo de falar em p\u00fablico. C\u00edcero, um dos mais famosos oradores romanos, foi influenciado pelas ideias gregas e escreveu extensivamente sobre a arte da orat\u00f3ria. Ele enfatizou a import\u00e2ncia de usar a linguagem de forma persuasiva e convincente para influenciar as massas.<\/p>\n\n\n\n<h4 class=\"wp-block-heading\">A orat\u00f3ria ao longo dos s\u00e9culos.<\/h4>\n\n\n\n<p>Desde a antiguidade at\u00e9 os dias atuais, a orat\u00f3ria tem desempenhado um papel fundamental na comunica\u00e7\u00e3o humana. Durante a Idade M\u00e9dia, a ret\u00f3rica era uma parte central da educa\u00e7\u00e3o dos estudiosos e cl\u00e9rigos. No Renascimento, a orat\u00f3ria floresceu novamente, com o redescobrimento das obras cl\u00e1ssicas. Na era moderna, a orat\u00f3ria continua sendo uma habilidade valiosa para \u00e1reas como a pol\u00edtica, neg\u00f3cios e educa\u00e7\u00e3o. Atrav\u00e9s de t\u00e9cnicas e treinamentos adequados, \u00e9 poss\u00edvel desenvolver a capacidade de falar em p\u00fablico de forma eficaz e persuasiva.<\/p>\n\n\n\n<p>Em resumo, quando come\u00e7ou a orat\u00f3ria pode ser tra\u00e7ado desde os tempos antigos, passando pela Gr\u00e9cia Antiga e Roma Antiga, at\u00e9 chegar aos dias atuais. Essa habilidade de se expressar de forma persuasiva e impactante \u00e9 essencial para a comunica\u00e7\u00e3o humana e desempenhou um papel importante ao longo da hist\u00f3ria. Ao estudar a origem e a evolu\u00e7\u00e3o da orat\u00f3ria, podemos entender como essa arte influenciou a sociedade e como continua sendo relevante at\u00e9 os dias de hoje. Atrav\u00e9s de t\u00e9cnicas, treinamento e pr\u00e1tica, \u00e9 poss\u00edvel aprimorar as habilidades orat\u00f3rias e se comunicar de forma eficaz em diversas situa\u00e7\u00f5es.<\/p>\n\n\n\n<p>Desenvolva a sua carreira hoje mesmo! Conhe\u00e7a a <a href=\"https:\/\/fluency.io\/br\/blog\/?utm_source=blog\">Awari<\/a>.<\/p>\n\n\n\n<p>A Awari \u00e9 uma plataforma de ensino completa que conta com mentorias individuais, cursos com aulas ao vivo e suporte de carreira para voc\u00ea dar seu pr\u00f3ximo passo profissional. Quer aprender mais sobre as t\u00e9cnicas necess\u00e1rias para se tornar um profissional de relev\u00e2ncia e sucesso?<\/p>\n\n\n\n<p>Conhe\u00e7a <a href=\"https:\/\/fluency.io\/br\/blog\/cursos?utm_source=blog\">nossos cursos<\/a> e desenvolva compet\u00eancias essenciais com jornada personalizada, para desenvolver e evoluir seu curr\u00edculo, o seu pessoal e materiais complementares desenvolvidos por especialistas no mercado!<\/p>\n","protected":false},"excerpt":{"rendered":"<p>Descubra quando come\u00e7ou a orat\u00f3ria em um olhar hist\u00f3rico. Desde as civiliza\u00e7\u00f5es antigas at\u00e9 os dias atuais, a orat\u00f3ria tem desempenhado um papel essencial na comunica\u00e7\u00e3o humana. Saiba mais sobre a origem e evolu\u00e7\u00e3o dessa arte e como ela continua relevante nos dias de hoje. Desenvolva suas habilidades orat\u00f3rias e se comunique de forma eficaz. Conhe\u00e7a a Awari, uma plataforma de ensino que oferece cursos e suporte de carreira para impulsionar sua carreira profissional.<\/p>\n","protected":false},"author":9,"featured_media":0,"comment_status":"open","ping_status":"open","sticky":false,"template":"","format":[186],"meta":{"inline_featured_image":false,"footnotes":""},"categories":[229],"tags":[],"trilha":[],"class_list":["post-124352","post","type-post","status-publish","format-standard","hentry","category-skills","format-artigos"],"acf":[],"yoast_head":"<!-- This site is optimized with the Yoast SEO plugin v27.4 - https:\/\/yoast.com\/product\/yoast-seo-wordpress\/ -->\n<title>Quando Come\u00e7ou a Orat\u00f3ria: Saiba Mais Sobre a Hist\u00f3ria - Fluency.io Brasil<\/title>\n<meta name=\"description\" content=\"Descubra quando come\u00e7ou a orat\u00f3ria em um olhar hist\u00f3rico. Desde as civiliza\u00e7\u00f5es antigas at\u00e9 os dias atuais, a orat\u00f3ria tem desempenhado um papel essencial ...\" \/>\n<meta name=\"robots\" content=\"noindex, follow, max-snippet:-1, max-image-preview:large, max-video-preview:-1\" \/>\n<meta property=\"og:locale\" content=\"pt_BR\" \/>\n<meta property=\"og:type\" content=\"article\" \/>\n<meta property=\"og:title\" content=\"Quando Come\u00e7ou a Orat\u00f3ria: Saiba Mais Sobre a Hist\u00f3ria - Fluency.io Brasil\" \/>\n<meta property=\"og:description\" content=\"Descubra quando come\u00e7ou a orat\u00f3ria em um olhar hist\u00f3rico. Desde as civiliza\u00e7\u00f5es antigas at\u00e9 os dias atuais, a orat\u00f3ria tem desempenhado um papel essencial ...\" \/>\n<meta property=\"og:url\" content=\"https:\/\/homolog.fluency.io\/br\/blog\/quando-comecou-a-oratoria-saiba-mais-sobre-a-historia-desse-importante-conhecimento\/\" \/>\n<meta property=\"og:site_name\" content=\"Fluency.io Brasil\" \/>\n<meta property=\"article:published_time\" content=\"2023-06-30T02:34:11+00:00\" \/>\n<meta property=\"article:modified_time\" content=\"2023-08-01T17:40:37+00:00\" \/>\n<meta name=\"twitter:card\" content=\"summary_large_image\" \/>\n<meta name=\"twitter:label1\" content=\"Escrito por\" \/>\n\t<meta name=\"twitter:data1\" content=\"kaue\" \/>\n\t<meta name=\"twitter:label2\" content=\"Est. tempo de leitura\" \/>\n\t<meta name=\"twitter:data2\" content=\"7 minutos\" \/>\n<script type=\"application\/ld+json\" class=\"yoast-schema-graph\">{\"@context\":\"https:\\\/\\\/schema.org\",\"@graph\":[{\"@type\":\"Article\",\"@id\":\"https:\\\/\\\/homolog.fluency.io\\\/br\\\/blog\\\/quando-comecou-a-oratoria-saiba-mais-sobre-a-historia-desse-importante-conhecimento\\\/#article\",\"isPartOf\":{\"@id\":\"https:\\\/\\\/homolog.fluency.io\\\/br\\\/blog\\\/quando-comecou-a-oratoria-saiba-mais-sobre-a-historia-desse-importante-conhecimento\\\/\"},\"author\":{\"name\":\"kaue\",\"@id\":\"https:\\\/\\\/homolog.fluency.io\\\/br\\\/#\\\/schema\\\/person\\\/7b3b2b50ba17b7f2ad0cce0a40bfa00a\"},\"headline\":\"Quando Come\u00e7ou a Orat\u00f3ria: Saiba Mais Sobre a Hist\u00f3ria\",\"datePublished\":\"2023-06-30T02:34:11+00:00\",\"dateModified\":\"2023-08-01T17:40:37+00:00\",\"mainEntityOfPage\":{\"@id\":\"https:\\\/\\\/homolog.fluency.io\\\/br\\\/blog\\\/quando-comecou-a-oratoria-saiba-mais-sobre-a-historia-desse-importante-conhecimento\\\/\"},\"wordCount\":1343,\"commentCount\":0,\"articleSection\":[\"Skills\"],\"inLanguage\":\"pt-BR\",\"potentialAction\":[{\"@type\":\"CommentAction\",\"name\":\"Comment\",\"target\":[\"https:\\\/\\\/homolog.fluency.io\\\/br\\\/blog\\\/quando-comecou-a-oratoria-saiba-mais-sobre-a-historia-desse-importante-conhecimento\\\/#respond\"]}]},{\"@type\":\"WebPage\",\"@id\":\"https:\\\/\\\/homolog.fluency.io\\\/br\\\/blog\\\/quando-comecou-a-oratoria-saiba-mais-sobre-a-historia-desse-importante-conhecimento\\\/\",\"url\":\"https:\\\/\\\/homolog.fluency.io\\\/br\\\/blog\\\/quando-comecou-a-oratoria-saiba-mais-sobre-a-historia-desse-importante-conhecimento\\\/\",\"name\":\"Quando Come\u00e7ou a Orat\u00f3ria: Saiba Mais Sobre a Hist\u00f3ria - Fluency.io Brasil\",\"isPartOf\":{\"@id\":\"https:\\\/\\\/homolog.fluency.io\\\/br\\\/#website\"},\"datePublished\":\"2023-06-30T02:34:11+00:00\",\"dateModified\":\"2023-08-01T17:40:37+00:00\",\"author\":{\"@id\":\"https:\\\/\\\/homolog.fluency.io\\\/br\\\/#\\\/schema\\\/person\\\/7b3b2b50ba17b7f2ad0cce0a40bfa00a\"},\"description\":\"Descubra quando come\u00e7ou a orat\u00f3ria em um olhar hist\u00f3rico. Desde as civiliza\u00e7\u00f5es antigas at\u00e9 os dias atuais, a orat\u00f3ria tem desempenhado um papel essencial ...\",\"breadcrumb\":{\"@id\":\"https:\\\/\\\/homolog.fluency.io\\\/br\\\/blog\\\/quando-comecou-a-oratoria-saiba-mais-sobre-a-historia-desse-importante-conhecimento\\\/#breadcrumb\"},\"inLanguage\":\"pt-BR\",\"potentialAction\":[{\"@type\":\"ReadAction\",\"target\":[\"https:\\\/\\\/homolog.fluency.io\\\/br\\\/blog\\\/quando-comecou-a-oratoria-saiba-mais-sobre-a-historia-desse-importante-conhecimento\\\/\"]}]},{\"@type\":\"BreadcrumbList\",\"@id\":\"https:\\\/\\\/homolog.fluency.io\\\/br\\\/blog\\\/quando-comecou-a-oratoria-saiba-mais-sobre-a-historia-desse-importante-conhecimento\\\/#breadcrumb\",\"itemListElement\":[{\"@type\":\"ListItem\",\"position\":1,\"name\":\"In\u00edcio\",\"item\":\"https:\\\/\\\/homolog.fluency.io\\\/br\\\/\"},{\"@type\":\"ListItem\",\"position\":2,\"name\":\"Quando Come\u00e7ou a Orat\u00f3ria: Saiba Mais Sobre a Hist\u00f3ria\"}]},{\"@type\":\"WebSite\",\"@id\":\"https:\\\/\\\/homolog.fluency.io\\\/br\\\/#website\",\"url\":\"https:\\\/\\\/homolog.fluency.io\\\/br\\\/\",\"name\":\"Fluency.io Brasil\",\"description\":\"\",\"potentialAction\":[{\"@type\":\"SearchAction\",\"target\":{\"@type\":\"EntryPoint\",\"urlTemplate\":\"https:\\\/\\\/homolog.fluency.io\\\/br\\\/?s={search_term_string}\"},\"query-input\":{\"@type\":\"PropertyValueSpecification\",\"valueRequired\":true,\"valueName\":\"search_term_string\"}}],\"inLanguage\":\"pt-BR\"},{\"@type\":\"Person\",\"@id\":\"https:\\\/\\\/homolog.fluency.io\\\/br\\\/#\\\/schema\\\/person\\\/7b3b2b50ba17b7f2ad0cce0a40bfa00a\",\"name\":\"kaue\",\"image\":{\"@type\":\"ImageObject\",\"inLanguage\":\"pt-BR\",\"@id\":\"https:\\\/\\\/secure.gravatar.com\\\/avatar\\\/bdd3958fa53019cfd8f789c0a49a730e7ba40a1d20cb42c9ced7646285842479?s=96&d=mm&r=g\",\"url\":\"https:\\\/\\\/secure.gravatar.com\\\/avatar\\\/bdd3958fa53019cfd8f789c0a49a730e7ba40a1d20cb42c9ced7646285842479?s=96&d=mm&r=g\",\"contentUrl\":\"https:\\\/\\\/secure.gravatar.com\\\/avatar\\\/bdd3958fa53019cfd8f789c0a49a730e7ba40a1d20cb42c9ced7646285842479?s=96&d=mm&r=g\",\"caption\":\"kaue\"},\"url\":\"https:\\\/\\\/homolog.fluency.io\\\/br\\\/author\\\/kaue\\\/\"}]}<\/script>\n<!-- \/ Yoast SEO plugin. -->","yoast_head_json":{"title":"Quando Come\u00e7ou a Orat\u00f3ria: Saiba Mais Sobre a Hist\u00f3ria - Fluency.io Brasil","description":"Descubra quando come\u00e7ou a orat\u00f3ria em um olhar hist\u00f3rico. Desde as civiliza\u00e7\u00f5es antigas at\u00e9 os dias atuais, a orat\u00f3ria tem desempenhado um papel essencial ...","robots":{"index":"noindex","follow":"follow","max-snippet":"max-snippet:-1","max-image-preview":"max-image-preview:large","max-video-preview":"max-video-preview:-1"},"og_locale":"pt_BR","og_type":"article","og_title":"Quando Come\u00e7ou a Orat\u00f3ria: Saiba Mais Sobre a Hist\u00f3ria - Fluency.io Brasil","og_description":"Descubra quando come\u00e7ou a orat\u00f3ria em um olhar hist\u00f3rico. Desde as civiliza\u00e7\u00f5es antigas at\u00e9 os dias atuais, a orat\u00f3ria tem desempenhado um papel essencial ...","og_url":"https:\/\/homolog.fluency.io\/br\/blog\/quando-comecou-a-oratoria-saiba-mais-sobre-a-historia-desse-importante-conhecimento\/","og_site_name":"Fluency.io Brasil","article_published_time":"2023-06-30T02:34:11+00:00","article_modified_time":"2023-08-01T17:40:37+00:00","twitter_card":"summary_large_image","twitter_misc":{"Escrito por":"kaue","Est. tempo de leitura":"7 minutos"},"schema":{"@context":"https:\/\/schema.org","@graph":[{"@type":"Article","@id":"https:\/\/homolog.fluency.io\/br\/blog\/quando-comecou-a-oratoria-saiba-mais-sobre-a-historia-desse-importante-conhecimento\/#article","isPartOf":{"@id":"https:\/\/homolog.fluency.io\/br\/blog\/quando-comecou-a-oratoria-saiba-mais-sobre-a-historia-desse-importante-conhecimento\/"},"author":{"name":"kaue","@id":"https:\/\/homolog.fluency.io\/br\/#\/schema\/person\/7b3b2b50ba17b7f2ad0cce0a40bfa00a"},"headline":"Quando Come\u00e7ou a Orat\u00f3ria: Saiba Mais Sobre a Hist\u00f3ria","datePublished":"2023-06-30T02:34:11+00:00","dateModified":"2023-08-01T17:40:37+00:00","mainEntityOfPage":{"@id":"https:\/\/homolog.fluency.io\/br\/blog\/quando-comecou-a-oratoria-saiba-mais-sobre-a-historia-desse-importante-conhecimento\/"},"wordCount":1343,"commentCount":0,"articleSection":["Skills"],"inLanguage":"pt-BR","potentialAction":[{"@type":"CommentAction","name":"Comment","target":["https:\/\/homolog.fluency.io\/br\/blog\/quando-comecou-a-oratoria-saiba-mais-sobre-a-historia-desse-importante-conhecimento\/#respond"]}]},{"@type":"WebPage","@id":"https:\/\/homolog.fluency.io\/br\/blog\/quando-comecou-a-oratoria-saiba-mais-sobre-a-historia-desse-importante-conhecimento\/","url":"https:\/\/homolog.fluency.io\/br\/blog\/quando-comecou-a-oratoria-saiba-mais-sobre-a-historia-desse-importante-conhecimento\/","name":"Quando Come\u00e7ou a Orat\u00f3ria: Saiba Mais Sobre a Hist\u00f3ria - Fluency.io Brasil","isPartOf":{"@id":"https:\/\/homolog.fluency.io\/br\/#website"},"datePublished":"2023-06-30T02:34:11+00:00","dateModified":"2023-08-01T17:40:37+00:00","author":{"@id":"https:\/\/homolog.fluency.io\/br\/#\/schema\/person\/7b3b2b50ba17b7f2ad0cce0a40bfa00a"},"description":"Descubra quando come\u00e7ou a orat\u00f3ria em um olhar hist\u00f3rico. Desde as civiliza\u00e7\u00f5es antigas at\u00e9 os dias atuais, a orat\u00f3ria tem desempenhado um papel essencial ...","breadcrumb":{"@id":"https:\/\/homolog.fluency.io\/br\/blog\/quando-comecou-a-oratoria-saiba-mais-sobre-a-historia-desse-importante-conhecimento\/#breadcrumb"},"inLanguage":"pt-BR","potentialAction":[{"@type":"ReadAction","target":["https:\/\/homolog.fluency.io\/br\/blog\/quando-comecou-a-oratoria-saiba-mais-sobre-a-historia-desse-importante-conhecimento\/"]}]},{"@type":"BreadcrumbList","@id":"https:\/\/homolog.fluency.io\/br\/blog\/quando-comecou-a-oratoria-saiba-mais-sobre-a-historia-desse-importante-conhecimento\/#breadcrumb","itemListElement":[{"@type":"ListItem","position":1,"name":"In\u00edcio","item":"https:\/\/homolog.fluency.io\/br\/"},{"@type":"ListItem","position":2,"name":"Quando Come\u00e7ou a Orat\u00f3ria: Saiba Mais Sobre a Hist\u00f3ria"}]},{"@type":"WebSite","@id":"https:\/\/homolog.fluency.io\/br\/#website","url":"https:\/\/homolog.fluency.io\/br\/","name":"Fluency.io Brasil","description":"","potentialAction":[{"@type":"SearchAction","target":{"@type":"EntryPoint","urlTemplate":"https:\/\/homolog.fluency.io\/br\/?s={search_term_string}"},"query-input":{"@type":"PropertyValueSpecification","valueRequired":true,"valueName":"search_term_string"}}],"inLanguage":"pt-BR"},{"@type":"Person","@id":"https:\/\/homolog.fluency.io\/br\/#\/schema\/person\/7b3b2b50ba17b7f2ad0cce0a40bfa00a","name":"kaue","image":{"@type":"ImageObject","inLanguage":"pt-BR","@id":"https:\/\/secure.gravatar.com\/avatar\/bdd3958fa53019cfd8f789c0a49a730e7ba40a1d20cb42c9ced7646285842479?s=96&d=mm&r=g","url":"https:\/\/secure.gravatar.com\/avatar\/bdd3958fa53019cfd8f789c0a49a730e7ba40a1d20cb42c9ced7646285842479?s=96&d=mm&r=g","contentUrl":"https:\/\/secure.gravatar.com\/avatar\/bdd3958fa53019cfd8f789c0a49a730e7ba40a1d20cb42c9ced7646285842479?s=96&d=mm&r=g","caption":"kaue"},"url":"https:\/\/homolog.fluency.io\/br\/author\/kaue\/"}]}},"_links":{"self":[{"href":"https:\/\/homolog.fluency.io\/br\/wp-json\/wp\/v2\/posts\/124352","targetHints":{"allow":["GET"]}}],"collection":[{"href":"https:\/\/homolog.fluency.io\/br\/wp-json\/wp\/v2\/posts"}],"about":[{"href":"https:\/\/homolog.fluency.io\/br\/wp-json\/wp\/v2\/types\/post"}],"author":[{"embeddable":true,"href":"https:\/\/homolog.fluency.io\/br\/wp-json\/wp\/v2\/users\/9"}],"replies":[{"embeddable":true,"href":"https:\/\/homolog.fluency.io\/br\/wp-json\/wp\/v2\/comments?post=124352"}],"version-history":[{"count":0,"href":"https:\/\/homolog.fluency.io\/br\/wp-json\/wp\/v2\/posts\/124352\/revisions"}],"wp:attachment":[{"href":"https:\/\/homolog.fluency.io\/br\/wp-json\/wp\/v2\/media?parent=124352"}],"wp:term":[{"taxonomy":"category","embeddable":true,"href":"https:\/\/homolog.fluency.io\/br\/wp-json\/wp\/v2\/categories?post=124352"},{"taxonomy":"post_tag","embeddable":true,"href":"https:\/\/homolog.fluency.io\/br\/wp-json\/wp\/v2\/tags?post=124352"},{"taxonomy":"format","embeddable":true,"href":"https:\/\/homolog.fluency.io\/br\/wp-json\/wp\/v2\/format?post=124352"},{"taxonomy":"trilha","embeddable":true,"href":"https:\/\/homolog.fluency.io\/br\/wp-json\/wp\/v2\/trilha?post=124352"}],"curies":[{"name":"wp","href":"https:\/\/api.w.org\/{rel}","templated":true}]}}