{"id":124383,"date":"2023-06-30T00:14:54","date_gmt":"2023-06-30T03:14:54","guid":{"rendered":"https:\/\/fluency.io\/br\/blog\/porque-falar-em-publico-beneficios-e-propositos-da-oratoria\/"},"modified":"2023-08-01T14:43:08","modified_gmt":"2023-08-01T17:43:08","slug":"porque-falar-em-publico-beneficios-e-propositos-da-oratoria","status":"publish","type":"post","link":"https:\/\/homolog.fluency.io\/br\/blog\/porque-falar-em-publico-beneficios-e-propositos-da-oratoria\/","title":{"rendered":"Porque Falar em P\u00fablico: Benef\u00edcios e Prop\u00f3sitos da Orat\u00f3ria"},"content":{"rendered":"<p><!DOCTYPE html><br \/>\n<html><br \/>\n<head><br \/>\n<title>Como Superar o <a target=\"_blank\" href=\"https:\/\/www.youper.ai\/como-superar-o-medo-de-falar-em-publico\" rel=\"noopener\">medo de falar em p\u00fablico<\/a><\/title><br \/>\n<\/head><br \/>\n<body><\/p>\n<h2>Tanto os benef\u00edcios de falar em p\u00fablico quanto a import\u00e2ncia de <a target=\"_blank\" href=\"https:\/\/humanizae.com.br\/blog\/oratoria\" rel=\"noopener\">desenvolver habilidades de orat\u00f3ria<\/a> s\u00e3o relevantes em diversas situa\u00e7\u00f5es da vida.<\/h2>\n<p>Atrav\u00e9s da pr\u00e1tica constante, da busca por conhecimento e do enfrentamento dos medos e desafios, \u00e9 poss\u00edvel se tornar um comunicador eficaz e obter todas as vantagens que essa habilidade proporciona. Portanto, n\u00e3o deixe de investir em seu desenvolvimento pessoal e profissional, aprimorando sua orat\u00f3ria e aproveitando ao m\u00e1ximo todos os benef\u00edcios que ela oferece.<\/p>\n<h2>Como Superar o Medo de Falar em P\u00fablico<\/h2>\n<p>Voc\u00ea j\u00e1 imaginou quais s\u00e3o as habilidades que se destacam em um profissional? Uma das mais valorizadas e procuradas \u00e9 a <a target=\"_blank\" href=\"https:\/\/exame.com\/carreira\/faca-este-treino-se-quiser-falar-melhor-em-publico-da-proxima-vez\/\" rel=\"noopener\">habilidade de falar em p\u00fablico<\/a> de forma clara e persuasiva. No entanto, nem todos possuem essa habilidade naturalmente. Muitas pessoas sentem um grande medo ao pensar em falar diante de uma plateia. Mas n\u00e3o se preocupe, com algumas t\u00e9cnicas e pr\u00e1ticas, \u00e9 poss\u00edvel superar esse medo e se tornar um \u00f3timo comunicador.<\/p>\n<h3>O primeiro passo para superar o medo de falar em p\u00fablico \u00e9 compreender que esse medo \u00e9 comum e normal.<\/h3>\n<p>Muitas pessoas sentem-se nervosas antes de uma apresenta\u00e7\u00e3o e isso n\u00e3o significa que voc\u00ea n\u00e3o \u00e9 capaz. Aprender a lidar com o medo \u00e9 fundamental para come\u00e7ar a se sentir mais confort\u00e1vel em situa\u00e7\u00f5es de fala em p\u00fablico.<\/p>\n<h3>Uma t\u00e9cnica bastante eficaz para superar o medo \u00e9 a pr\u00e1tica.<\/h3>\n<p>Quanto mais voc\u00ea se expuser a situa\u00e7\u00f5es de fala em p\u00fablico, mais confiante e confort\u00e1vel voc\u00ea se sentir\u00e1. Comece praticando com amigos e familiares, e ent\u00e3o v\u00e1 aumentando gradativamente o n\u00famero de pessoas para as quais voc\u00ea fala. O importante \u00e9 treinar e ganhar confian\u00e7a em suas habilidades de comunicar-se.<\/p>\n<h3>Outra t\u00e9cnica importante \u00e9 a prepara\u00e7\u00e3o.<\/h3>\n<p>Quanto mais preparado voc\u00ea estiver, menos ansiedade sentir\u00e1. Fa\u00e7a pesquisas sobre o tema que ir\u00e1 falar, organize suas ideias e pratique bastante antes da apresenta\u00e7\u00e3o. Conhecendo o assunto e estando preparado, voc\u00ea se sentir\u00e1 mais seguro e confiante para falar em p\u00fablico.<\/p>\n<h3>Lembre-se tamb\u00e9m de cuidar da sua respira\u00e7\u00e3o.<\/h3>\n<p>A respira\u00e7\u00e3o profunda e pausada ajuda a controlar a ansiedade e a manter a calma durante uma apresenta\u00e7\u00e3o. Antes de come\u00e7ar a falar, respire fundo algumas vezes e concentre-se em relaxar. Isso ajudar\u00e1 a reduzir quaisquer sintomas de ansiedade e permitir\u00e1 que voc\u00ea se concentre melhor em sua apresenta\u00e7\u00e3o.<\/p>\n<h3>Por fim, lembre-se de que um pouco de nervosismo \u00e9 normal e at\u00e9 mesmo \u00fatil.<\/h3>\n<p>Ele pode ajudar a manter voc\u00ea alerta e focado em sua mensagem. Use essa energia nervosa a seu favor, transformando-a em entusiasmo e paix\u00e3o pelo assunto que est\u00e1 falando.<\/p>\n<h2>Aplicando a Orat\u00f3ria em Diferentes Contextos<\/h2>\n<p>A orat\u00f3ria n\u00e3o se restringe apenas a palestras ou apresenta\u00e7\u00f5es formais. Na verdade, ela pode ser aplicada em diferentes contextos, seja no ambiente profissional, na vida acad\u00eamica ou at\u00e9 mesmo em situa\u00e7\u00f5es cotidianas. Vejamos como podemos utilizar a orat\u00f3ria em diferentes \u00e1reas de nossas vidas:<\/p>\n<h3>1. Ambiente Profissional<\/h3>\n<ul>\n<li>Apresenta\u00e7\u00f5es de projetos e ideias para colegas de trabalho e superiores.<\/li>\n<li>Negocia\u00e7\u00f5es e vendas.<\/li>\n<li>Reuni\u00f5es e discuss\u00f5es em equipe.<\/li>\n<li>Entrevistas de emprego.<\/li>\n<\/ul>\n<h3>2. Vida Acad\u00eamica<\/h3>\n<ul>\n<li>Apresenta\u00e7\u00f5es de trabalhos e semin\u00e1rios.<\/li>\n<li>Defesa de teses e disserta\u00e7\u00f5es.<\/li>\n<li>Participa\u00e7\u00e3o em debates e discuss\u00f5es em sala de aula.<\/li>\n<\/ul>\n<h3>3. Situa\u00e7\u00f5es Cotidianas<\/h3>\n<ul>\n<li>Falar em reuni\u00f5es sociais.<\/li>\n<li>Discursar em eventos familiares, como casamentos e anivers\u00e1rios.<\/li>\n<li>Participar de grupos de estudo e discuss\u00e3o.<\/li>\n<\/ul>\n<p>Em todos esses contextos, a orat\u00f3ria \u00e9 uma habilidade essencial para se comunicar de forma clara, persuasiva e impactante. Ela nos permite transmitir nossas ideias de maneira eficaz, influenciando e persuadindo o p\u00fablico.<\/p>\n<p>Utilizando <a target=\"_blank\" href=\"https:\/\/www.youtube.com\/watch?v=LecGITE-PV4\" rel=\"noopener\">t\u00e9cnicas de orat\u00f3ria<\/a>, como a linguagem corporal assertiva, controle da voz, uso adequado de recursos audiovisuais e argumenta\u00e7\u00e3o convincente, podemos conquistar a aten\u00e7\u00e3o e o interesse do p\u00fablico em diferentes situa\u00e7\u00f5es. A pr\u00e1tica cont\u00ednua e o aprimoramento das habilidades de orat\u00f3ria nos ajudar\u00e3o a desenvolver uma comunica\u00e7\u00e3o mais eficiente e confiante em qualquer contexto.<\/p>\n<h2>Conclus\u00e3o<\/h2>\n<p>Superar o medo de falar em p\u00fablico e aplicar a orat\u00f3ria em diferentes contextos s\u00e3o habilidades que podem ser desenvolvidas por qualquer pessoa. A pr\u00e1tica, a prepara\u00e7\u00e3o, o controle da respira\u00e7\u00e3o e a transforma\u00e7\u00e3o do nervosismo em entusiasmo s\u00e3o algumas das estrat\u00e9gias que podem nos ajudar a melhorar nossa <a target=\"_blank\" href=\"https:\/\/www.redalyc.org\/pdf\/3372\/337228658004.pdf\" rel=\"noopener\">habilidade de comunica\u00e7\u00e3o oral<\/a>.<\/p>\n<p>A orat\u00f3ria \u00e9 uma ferramenta poderosa para transmitir nossas ideias e influenciar o p\u00fablico de maneira positiva. Ao dominar essa habilidade, aumentamos nossas chances de sucesso em diferentes \u00e1reas de nossas vidas, seja no ambiente profissional, acad\u00eamico ou nas situa\u00e7\u00f5es cotidianas.<\/p>\n<p>Portanto, n\u00e3o deixe que o medo de falar em p\u00fablico impe\u00e7a voc\u00ea de alcan\u00e7ar seus objetivos. Invista em seu desenvolvimento como comunicador, pratique e utilize as t\u00e9cnicas de orat\u00f3ria em diferentes contextos. Com dedica\u00e7\u00e3o e perseveran\u00e7a, voc\u00ea se tornar\u00e1 um excelente comunicador e conquistar\u00e1 a confian\u00e7a e a admira\u00e7\u00e3o do p\u00fablico.<\/p>\n<h3>Desenvolva a sua carreira hoje mesmo! Conhe\u00e7a a <a href=\"https:\/\/fluency.io\/br\/blog\/?utm_source=blog\">Awari<\/a><\/h3>\n<p>A Awari \u00e9 uma plataforma de ensino completa que conta com mentorias individuais, cursos com aulas ao vivo e suporte de carreira para voc\u00ea dar seu pr\u00f3ximo passo profissional. Quer aprender mais sobre as t\u00e9cnicas necess\u00e1rias para se tornar um profissional de relev\u00e2ncia e sucesso?<\/p>\n<p>Conhe\u00e7a <a href=\"https:\/\/fluency.io\/br\/blog\/cursos?utm_source=blog\">nossos cursos<\/a> e desenvolva compet\u00eancias essenciais com jornada personalizada, para desenvolver e evoluir seu curr\u00edculo, o seu pessoal e materiais complementares desenvolvidos por especialistas no mercado!<\/p>\n<p><\/body><br \/>\n<\/html><\/p>\n","protected":false},"excerpt":{"rendered":"<p>Descubra porque falar em p\u00fablico \u00e9 importante e como superar o medo utilizando t\u00e9cnicas de orat\u00f3ria. Aprenda a aplicar a orat\u00f3ria em diferentes contextos e desenvolva sua carreira hoje mesmo com a Awari. Conquiste confian\u00e7a e sucesso em todas as \u00e1reas da vida.<\/p>\n","protected":false},"author":9,"featured_media":0,"comment_status":"open","ping_status":"open","sticky":false,"template":"","format":[186],"meta":{"inline_featured_image":false,"footnotes":""},"categories":[229],"tags":[],"trilha":[],"class_list":["post-124383","post","type-post","status-publish","format-standard","hentry","category-skills","format-artigos"],"acf":[],"yoast_head":"<!-- This site is optimized with the Yoast SEO plugin v27.4 - https:\/\/yoast.com\/product\/yoast-seo-wordpress\/ -->\n<title>Porque Falar em P\u00fablico: Benef\u00edcios e Prop\u00f3sitos da Orat\u00f3ria - Fluency.io Brasil<\/title>\n<meta name=\"description\" content=\"Descubra porque falar em p\u00fablico \u00e9 importante e como superar o medo utilizando t\u00e9cnicas de orat\u00f3ria. Aprenda a aplicar a orat\u00f3ria em diferentes contextos e...\" \/>\n<meta name=\"robots\" content=\"noindex, follow, max-snippet:-1, max-image-preview:large, max-video-preview:-1\" \/>\n<meta property=\"og:locale\" content=\"pt_BR\" \/>\n<meta property=\"og:type\" content=\"article\" \/>\n<meta property=\"og:title\" content=\"Porque Falar em P\u00fablico: Benef\u00edcios e Prop\u00f3sitos da Orat\u00f3ria - Fluency.io Brasil\" \/>\n<meta property=\"og:description\" content=\"Descubra porque falar em p\u00fablico \u00e9 importante e como superar o medo utilizando t\u00e9cnicas de orat\u00f3ria. Aprenda a aplicar a orat\u00f3ria em diferentes contextos e...\" \/>\n<meta property=\"og:url\" content=\"https:\/\/homolog.fluency.io\/br\/blog\/porque-falar-em-publico-beneficios-e-propositos-da-oratoria\/\" \/>\n<meta property=\"og:site_name\" content=\"Fluency.io Brasil\" \/>\n<meta property=\"article:published_time\" content=\"2023-06-30T03:14:54+00:00\" \/>\n<meta property=\"article:modified_time\" content=\"2023-08-01T17:43:08+00:00\" \/>\n<meta name=\"twitter:card\" content=\"summary_large_image\" \/>\n<meta name=\"twitter:label1\" content=\"Escrito por\" \/>\n\t<meta name=\"twitter:data1\" content=\"kaue\" \/>\n\t<meta name=\"twitter:label2\" content=\"Est. tempo de leitura\" \/>\n\t<meta name=\"twitter:data2\" content=\"5 minutos\" \/>\n<script type=\"application\/ld+json\" class=\"yoast-schema-graph\">{\"@context\":\"https:\\\/\\\/schema.org\",\"@graph\":[{\"@type\":\"Article\",\"@id\":\"https:\\\/\\\/homolog.fluency.io\\\/br\\\/blog\\\/porque-falar-em-publico-beneficios-e-propositos-da-oratoria\\\/#article\",\"isPartOf\":{\"@id\":\"https:\\\/\\\/homolog.fluency.io\\\/br\\\/blog\\\/porque-falar-em-publico-beneficios-e-propositos-da-oratoria\\\/\"},\"author\":{\"name\":\"kaue\",\"@id\":\"https:\\\/\\\/homolog.fluency.io\\\/br\\\/#\\\/schema\\\/person\\\/7b3b2b50ba17b7f2ad0cce0a40bfa00a\"},\"headline\":\"Porque Falar em P\u00fablico: Benef\u00edcios e Prop\u00f3sitos da Orat\u00f3ria\",\"datePublished\":\"2023-06-30T03:14:54+00:00\",\"dateModified\":\"2023-08-01T17:43:08+00:00\",\"mainEntityOfPage\":{\"@id\":\"https:\\\/\\\/homolog.fluency.io\\\/br\\\/blog\\\/porque-falar-em-publico-beneficios-e-propositos-da-oratoria\\\/\"},\"wordCount\":981,\"commentCount\":0,\"articleSection\":[\"Skills\"],\"inLanguage\":\"pt-BR\",\"potentialAction\":[{\"@type\":\"CommentAction\",\"name\":\"Comment\",\"target\":[\"https:\\\/\\\/homolog.fluency.io\\\/br\\\/blog\\\/porque-falar-em-publico-beneficios-e-propositos-da-oratoria\\\/#respond\"]}]},{\"@type\":\"WebPage\",\"@id\":\"https:\\\/\\\/homolog.fluency.io\\\/br\\\/blog\\\/porque-falar-em-publico-beneficios-e-propositos-da-oratoria\\\/\",\"url\":\"https:\\\/\\\/homolog.fluency.io\\\/br\\\/blog\\\/porque-falar-em-publico-beneficios-e-propositos-da-oratoria\\\/\",\"name\":\"Porque Falar em P\u00fablico: Benef\u00edcios e Prop\u00f3sitos da Orat\u00f3ria - Fluency.io Brasil\",\"isPartOf\":{\"@id\":\"https:\\\/\\\/homolog.fluency.io\\\/br\\\/#website\"},\"datePublished\":\"2023-06-30T03:14:54+00:00\",\"dateModified\":\"2023-08-01T17:43:08+00:00\",\"author\":{\"@id\":\"https:\\\/\\\/homolog.fluency.io\\\/br\\\/#\\\/schema\\\/person\\\/7b3b2b50ba17b7f2ad0cce0a40bfa00a\"},\"description\":\"Descubra porque falar em p\u00fablico \u00e9 importante e como superar o medo utilizando t\u00e9cnicas de orat\u00f3ria. Aprenda a aplicar a orat\u00f3ria em diferentes contextos e...\",\"breadcrumb\":{\"@id\":\"https:\\\/\\\/homolog.fluency.io\\\/br\\\/blog\\\/porque-falar-em-publico-beneficios-e-propositos-da-oratoria\\\/#breadcrumb\"},\"inLanguage\":\"pt-BR\",\"potentialAction\":[{\"@type\":\"ReadAction\",\"target\":[\"https:\\\/\\\/homolog.fluency.io\\\/br\\\/blog\\\/porque-falar-em-publico-beneficios-e-propositos-da-oratoria\\\/\"]}]},{\"@type\":\"BreadcrumbList\",\"@id\":\"https:\\\/\\\/homolog.fluency.io\\\/br\\\/blog\\\/porque-falar-em-publico-beneficios-e-propositos-da-oratoria\\\/#breadcrumb\",\"itemListElement\":[{\"@type\":\"ListItem\",\"position\":1,\"name\":\"In\u00edcio\",\"item\":\"https:\\\/\\\/homolog.fluency.io\\\/br\\\/\"},{\"@type\":\"ListItem\",\"position\":2,\"name\":\"Porque Falar em P\u00fablico: Benef\u00edcios e Prop\u00f3sitos da Orat\u00f3ria\"}]},{\"@type\":\"WebSite\",\"@id\":\"https:\\\/\\\/homolog.fluency.io\\\/br\\\/#website\",\"url\":\"https:\\\/\\\/homolog.fluency.io\\\/br\\\/\",\"name\":\"Fluency.io Brasil\",\"description\":\"\",\"potentialAction\":[{\"@type\":\"SearchAction\",\"target\":{\"@type\":\"EntryPoint\",\"urlTemplate\":\"https:\\\/\\\/homolog.fluency.io\\\/br\\\/?s={search_term_string}\"},\"query-input\":{\"@type\":\"PropertyValueSpecification\",\"valueRequired\":true,\"valueName\":\"search_term_string\"}}],\"inLanguage\":\"pt-BR\"},{\"@type\":\"Person\",\"@id\":\"https:\\\/\\\/homolog.fluency.io\\\/br\\\/#\\\/schema\\\/person\\\/7b3b2b50ba17b7f2ad0cce0a40bfa00a\",\"name\":\"kaue\",\"image\":{\"@type\":\"ImageObject\",\"inLanguage\":\"pt-BR\",\"@id\":\"https:\\\/\\\/secure.gravatar.com\\\/avatar\\\/bdd3958fa53019cfd8f789c0a49a730e7ba40a1d20cb42c9ced7646285842479?s=96&d=mm&r=g\",\"url\":\"https:\\\/\\\/secure.gravatar.com\\\/avatar\\\/bdd3958fa53019cfd8f789c0a49a730e7ba40a1d20cb42c9ced7646285842479?s=96&d=mm&r=g\",\"contentUrl\":\"https:\\\/\\\/secure.gravatar.com\\\/avatar\\\/bdd3958fa53019cfd8f789c0a49a730e7ba40a1d20cb42c9ced7646285842479?s=96&d=mm&r=g\",\"caption\":\"kaue\"},\"url\":\"https:\\\/\\\/homolog.fluency.io\\\/br\\\/author\\\/kaue\\\/\"}]}<\/script>\n<!-- \/ Yoast SEO plugin. -->","yoast_head_json":{"title":"Porque Falar em P\u00fablico: Benef\u00edcios e Prop\u00f3sitos da Orat\u00f3ria - Fluency.io Brasil","description":"Descubra porque falar em p\u00fablico \u00e9 importante e como superar o medo utilizando t\u00e9cnicas de orat\u00f3ria. Aprenda a aplicar a orat\u00f3ria em diferentes contextos e...","robots":{"index":"noindex","follow":"follow","max-snippet":"max-snippet:-1","max-image-preview":"max-image-preview:large","max-video-preview":"max-video-preview:-1"},"og_locale":"pt_BR","og_type":"article","og_title":"Porque Falar em P\u00fablico: Benef\u00edcios e Prop\u00f3sitos da Orat\u00f3ria - Fluency.io Brasil","og_description":"Descubra porque falar em p\u00fablico \u00e9 importante e como superar o medo utilizando t\u00e9cnicas de orat\u00f3ria. Aprenda a aplicar a orat\u00f3ria em diferentes contextos e...","og_url":"https:\/\/homolog.fluency.io\/br\/blog\/porque-falar-em-publico-beneficios-e-propositos-da-oratoria\/","og_site_name":"Fluency.io Brasil","article_published_time":"2023-06-30T03:14:54+00:00","article_modified_time":"2023-08-01T17:43:08+00:00","twitter_card":"summary_large_image","twitter_misc":{"Escrito por":"kaue","Est. tempo de leitura":"5 minutos"},"schema":{"@context":"https:\/\/schema.org","@graph":[{"@type":"Article","@id":"https:\/\/homolog.fluency.io\/br\/blog\/porque-falar-em-publico-beneficios-e-propositos-da-oratoria\/#article","isPartOf":{"@id":"https:\/\/homolog.fluency.io\/br\/blog\/porque-falar-em-publico-beneficios-e-propositos-da-oratoria\/"},"author":{"name":"kaue","@id":"https:\/\/homolog.fluency.io\/br\/#\/schema\/person\/7b3b2b50ba17b7f2ad0cce0a40bfa00a"},"headline":"Porque Falar em P\u00fablico: Benef\u00edcios e Prop\u00f3sitos da Orat\u00f3ria","datePublished":"2023-06-30T03:14:54+00:00","dateModified":"2023-08-01T17:43:08+00:00","mainEntityOfPage":{"@id":"https:\/\/homolog.fluency.io\/br\/blog\/porque-falar-em-publico-beneficios-e-propositos-da-oratoria\/"},"wordCount":981,"commentCount":0,"articleSection":["Skills"],"inLanguage":"pt-BR","potentialAction":[{"@type":"CommentAction","name":"Comment","target":["https:\/\/homolog.fluency.io\/br\/blog\/porque-falar-em-publico-beneficios-e-propositos-da-oratoria\/#respond"]}]},{"@type":"WebPage","@id":"https:\/\/homolog.fluency.io\/br\/blog\/porque-falar-em-publico-beneficios-e-propositos-da-oratoria\/","url":"https:\/\/homolog.fluency.io\/br\/blog\/porque-falar-em-publico-beneficios-e-propositos-da-oratoria\/","name":"Porque Falar em P\u00fablico: Benef\u00edcios e Prop\u00f3sitos da Orat\u00f3ria - Fluency.io Brasil","isPartOf":{"@id":"https:\/\/homolog.fluency.io\/br\/#website"},"datePublished":"2023-06-30T03:14:54+00:00","dateModified":"2023-08-01T17:43:08+00:00","author":{"@id":"https:\/\/homolog.fluency.io\/br\/#\/schema\/person\/7b3b2b50ba17b7f2ad0cce0a40bfa00a"},"description":"Descubra porque falar em p\u00fablico \u00e9 importante e como superar o medo utilizando t\u00e9cnicas de orat\u00f3ria. Aprenda a aplicar a orat\u00f3ria em diferentes contextos e...","breadcrumb":{"@id":"https:\/\/homolog.fluency.io\/br\/blog\/porque-falar-em-publico-beneficios-e-propositos-da-oratoria\/#breadcrumb"},"inLanguage":"pt-BR","potentialAction":[{"@type":"ReadAction","target":["https:\/\/homolog.fluency.io\/br\/blog\/porque-falar-em-publico-beneficios-e-propositos-da-oratoria\/"]}]},{"@type":"BreadcrumbList","@id":"https:\/\/homolog.fluency.io\/br\/blog\/porque-falar-em-publico-beneficios-e-propositos-da-oratoria\/#breadcrumb","itemListElement":[{"@type":"ListItem","position":1,"name":"In\u00edcio","item":"https:\/\/homolog.fluency.io\/br\/"},{"@type":"ListItem","position":2,"name":"Porque Falar em P\u00fablico: Benef\u00edcios e Prop\u00f3sitos da Orat\u00f3ria"}]},{"@type":"WebSite","@id":"https:\/\/homolog.fluency.io\/br\/#website","url":"https:\/\/homolog.fluency.io\/br\/","name":"Fluency.io Brasil","description":"","potentialAction":[{"@type":"SearchAction","target":{"@type":"EntryPoint","urlTemplate":"https:\/\/homolog.fluency.io\/br\/?s={search_term_string}"},"query-input":{"@type":"PropertyValueSpecification","valueRequired":true,"valueName":"search_term_string"}}],"inLanguage":"pt-BR"},{"@type":"Person","@id":"https:\/\/homolog.fluency.io\/br\/#\/schema\/person\/7b3b2b50ba17b7f2ad0cce0a40bfa00a","name":"kaue","image":{"@type":"ImageObject","inLanguage":"pt-BR","@id":"https:\/\/secure.gravatar.com\/avatar\/bdd3958fa53019cfd8f789c0a49a730e7ba40a1d20cb42c9ced7646285842479?s=96&d=mm&r=g","url":"https:\/\/secure.gravatar.com\/avatar\/bdd3958fa53019cfd8f789c0a49a730e7ba40a1d20cb42c9ced7646285842479?s=96&d=mm&r=g","contentUrl":"https:\/\/secure.gravatar.com\/avatar\/bdd3958fa53019cfd8f789c0a49a730e7ba40a1d20cb42c9ced7646285842479?s=96&d=mm&r=g","caption":"kaue"},"url":"https:\/\/homolog.fluency.io\/br\/author\/kaue\/"}]}},"_links":{"self":[{"href":"https:\/\/homolog.fluency.io\/br\/wp-json\/wp\/v2\/posts\/124383","targetHints":{"allow":["GET"]}}],"collection":[{"href":"https:\/\/homolog.fluency.io\/br\/wp-json\/wp\/v2\/posts"}],"about":[{"href":"https:\/\/homolog.fluency.io\/br\/wp-json\/wp\/v2\/types\/post"}],"author":[{"embeddable":true,"href":"https:\/\/homolog.fluency.io\/br\/wp-json\/wp\/v2\/users\/9"}],"replies":[{"embeddable":true,"href":"https:\/\/homolog.fluency.io\/br\/wp-json\/wp\/v2\/comments?post=124383"}],"version-history":[{"count":0,"href":"https:\/\/homolog.fluency.io\/br\/wp-json\/wp\/v2\/posts\/124383\/revisions"}],"wp:attachment":[{"href":"https:\/\/homolog.fluency.io\/br\/wp-json\/wp\/v2\/media?parent=124383"}],"wp:term":[{"taxonomy":"category","embeddable":true,"href":"https:\/\/homolog.fluency.io\/br\/wp-json\/wp\/v2\/categories?post=124383"},{"taxonomy":"post_tag","embeddable":true,"href":"https:\/\/homolog.fluency.io\/br\/wp-json\/wp\/v2\/tags?post=124383"},{"taxonomy":"format","embeddable":true,"href":"https:\/\/homolog.fluency.io\/br\/wp-json\/wp\/v2\/format?post=124383"},{"taxonomy":"trilha","embeddable":true,"href":"https:\/\/homolog.fluency.io\/br\/wp-json\/wp\/v2\/trilha?post=124383"}],"curies":[{"name":"wp","href":"https:\/\/api.w.org\/{rel}","templated":true}]}}