{"id":124384,"date":"2023-06-30T00:16:13","date_gmt":"2023-06-30T03:16:13","guid":{"rendered":"https:\/\/fluency.io\/br\/blog\/de-falar-em-publico-aspectos-fundamentais-da-comunicacao\/"},"modified":"2023-08-01T14:43:12","modified_gmt":"2023-08-01T17:43:12","slug":"de-falar-em-publico-aspectos-fundamentais-da-comunicacao","status":"publish","type":"post","link":"https:\/\/homolog.fluency.io\/br\/blog\/de-falar-em-publico-aspectos-fundamentais-da-comunicacao\/","title":{"rendered":"De Falar em P\u00fablico: Aspectos Fundamentais da Comunica\u00e7\u00e3o"},"content":{"rendered":"<p><!DOCTYPE html><br \/>\n<html><br \/>\n<head><br \/>\n<\/head><br \/>\n<body><\/p>\n<h2>A import\u00e2ncia de falar em p\u00fablico n\u00e3o pode ser subestimada<\/h2>\n<p>Essa habilidade pode contribuir para o desenvolvimento pessoal e profissional, proporcionando melhores oportunidades de carreira e amplia\u00e7\u00e3o da rede de contatos. Dominar a comunica\u00e7\u00e3o verbal \u00e9 essencial em um mundo cada vez mais conectado e competitivo. Portanto, invista no desenvolvimento dessa habilidade e desfrute de todos os benef\u00edcios que ela pode oferecer.<\/p>\n<h2><a target=\"_blank\" href=\"https:\/\/nfe.io\/blog\/gestao-empresarial\/como-falar-em-publico\/\" rel=\"noopener\">t\u00e9cnicas para falar em p\u00fablico com confian\u00e7a<\/a><\/h2>\n<p>Falar em p\u00fablico pode ser uma tarefa desafiadora para muitas pessoas. A ansiedade e o medo de serem julgadas podem atrapalhar o desempenho e a confian\u00e7a ao se apresentar diante de uma plateia. No entanto, existem t\u00e9cnicas que podem ajudar a superar esses obst\u00e1culos e falar em p\u00fablico com confian\u00e7a. Neste artigo, vamos explorar algumas dessas t\u00e9cnicas e fornecer dicas valiosas para melhorar suas habilidades de comunica\u00e7\u00e3o.<\/p>\n<h3>1. <a target=\"_blank\" href=\"https:\/\/sebrae.com.br\/sites\/PortalSebrae\/ufs\/pr\/artigos\/como-definir-o-publico-alvo-da-sua-empresa,399f288acc58d510VgnVCM1000004c00210aRCRD\" rel=\"noopener\">conhe\u00e7a seu p\u00fablico-alvo<\/a>:<\/h3>\n<p>Antes de come\u00e7ar a falar em p\u00fablico, \u00e9 essencial conhecer o seu p\u00fablico-alvo. Ao entender quem s\u00e3o as pessoas que estar\u00e3o ouvindo sua apresenta\u00e7\u00e3o, voc\u00ea pode adaptar a sua mensagem e escolher o tom de voz adequado para estabelecer uma conex\u00e3o com elas. Pesquisar o perfil e os interesses do p\u00fablico tamb\u00e9m pode ajudar a desenvolver conte\u00fado relevante e apropriado.<\/p>\n<h3>2. <a target=\"_blank\" href=\"https:\/\/twitter.com\/inep_oficial\/status\/1343874751522091010\" rel=\"noopener\">prepare-se adequadamente<\/a>:<\/h3>\n<p>A prepara\u00e7\u00e3o \u00e9 a chave para se sentir confiante ao falar em p\u00fablico. Reserve um tempo para pesquisar e organizar suas ideias. Crie um roteiro ou um esbo\u00e7o da sua apresenta\u00e7\u00e3o e pratique o seu discurso v\u00e1rias vezes. Quanto mais familiarizado voc\u00ea estiver com o conte\u00fado, mais seguro e confiante se sentir\u00e1 ao apresent\u00e1-lo. Al\u00e9m disso, considere criar slides ou outros recursos visuais que possam apoiar sua apresenta\u00e7\u00e3o e torn\u00e1-la mais atraente.<\/p>\n<h3>3. <a target=\"_blank\" href=\"https:\/\/cursos.alura.com.br\/forum\/topico-contexto-do-tomcat-17918\" rel=\"noopener\">domine o conte\u00fado<\/a>:<\/h3>\n<p>Ao falar em p\u00fablico, \u00e9 importante demonstrar dom\u00ednio sobre o assunto que est\u00e1 abordando. Estude o tema em profundidade, realizando pesquisas e coletando informa\u00e7\u00f5es relevantes. Quanto mais voc\u00ea souber sobre o assunto, mais confian\u00e7a ter\u00e1 na hora de compartilhar seu conhecimento com o p\u00fablico. Utilize exemplos pr\u00e1ticos e experi\u00eancias pessoais para tornar o conte\u00fado mais envolvente e f\u00e1cil de ser compreendido.<\/p>\n<h3>4. <a target=\"_blank\" href=\"https:\/\/repositorio.ufu.br\/bitstream\/123456789\/29615\/1\/AspectoVerbaPortugu%C3%AAs.pdf\" rel=\"noopener\">pratique a express\u00e3o verbal e n\u00e3o verbal<\/a>:<\/h3>\n<p>A comunica\u00e7\u00e3o eficaz depende tanto da express\u00e3o verbal quanto da n\u00e3o verbal. Al\u00e9m de escolher as palavras certas, \u00e9 fundamental prestar aten\u00e7\u00e3o \u00e0 postura corporal, gestos e express\u00f5es faciais ao falar em p\u00fablico. Mantenha uma postura ereta, fa\u00e7a contato visual com a plateia e gesticule de forma natural para refor\u00e7ar suas ideias. Sorria e utilize entona\u00e7\u00e3o adequada para transmitir emo\u00e7\u00e3o e engajar o p\u00fablico.<\/p>\n<h3>5. Respire profundamente:<\/h3>\n<p>A ansiedade \u00e9 uma das principais causas do nervosismo ao falar em p\u00fablico. Para controlar esses sentimentos e manter a calma, pratique t\u00e9cnicas de respira\u00e7\u00e3o profunda. Antes de come\u00e7ar sua apresenta\u00e7\u00e3o, respire lentamente pelo nariz, enchendo completamente os pulm\u00f5es e, em seguida, expire pela boca. Essa t\u00e9cnica simples pode ajudar a relaxar e minimizar os sintomas f\u00edsicos da ansiedade, como batimentos card\u00edacos acelerados e tremores nas m\u00e3os.<\/p>\n<h3>6. Utilize recursos audiovisuais:<\/h3>\n<p>O uso de recursos audiovisuais pode ajudar a aumentar a efetividade da sua apresenta\u00e7\u00e3o e a transmitir sua mensagem com clareza. Utilize slides, v\u00eddeos, imagens ou gr\u00e1ficos relevantes para apoiar o conte\u00fado verbal. No entanto, lembre-se de que os recursos visuais devem complementar sua fala, n\u00e3o substitu\u00ed-la. Evite sobrecarregar seus slides com texto e mantenha-os visualmente atraentes e simples.<\/p>\n<h3>7. Conhe\u00e7a a estrutura da sua apresenta\u00e7\u00e3o:<\/h3>\n<p>Uma apresenta\u00e7\u00e3o bem estruturada pode transmitir suas ideias de maneira organizada e facilitar o entendimento do p\u00fablico. \u00c9 recomendado dividir sua apresenta\u00e7\u00e3o em partes, como introdu\u00e7\u00e3o, desenvolvimento e conclus\u00e3o. Na introdu\u00e7\u00e3o, capte a aten\u00e7\u00e3o do p\u00fablico e apresente o tema central. No desenvolvimento, detalhe as informa\u00e7\u00f5es principais e forne\u00e7a exemplos relevantes. Na conclus\u00e3o, reforce os pontos-chave e encerre sua fala de forma memor\u00e1vel.<\/p>\n<h3>8. Enfrente o medo:<\/h3>\n<p>Por fim, lembre-se de que o medo de falar em p\u00fablico \u00e9 algo comum e super\u00e1vel. Enfrente seus medos e desafie-se a se apresentar regularmente. Quanto mais voc\u00ea praticar, mais confian\u00e7a ganhar\u00e1. Considere participar de cursos de orat\u00f3ria ou grupos de debate para aprimorar suas habilidades de falar em p\u00fablico. Com o tempo e a pr\u00e1tica, o medo se transformar\u00e1 em confian\u00e7a.<\/p>\n<p>Em resumo, falar em p\u00fablico com confian\u00e7a requer prepara\u00e7\u00e3o, pr\u00e1tica e dom\u00ednio do conte\u00fado. Conhecer o p\u00fablico-alvo, utilizar recursos audiovisuais, prestar aten\u00e7\u00e3o \u00e0 express\u00e3o verbal e n\u00e3o verbal, respirar profundamente e enfrentar o medo s\u00e3o t\u00e9cnicas eficazes para aprimorar suas habilidades de comunica\u00e7\u00e3o. Aplique essas dicas em suas apresenta\u00e7\u00f5es e torne-se um comunicador confiante e impactante. N\u00e3o deixe que o medo de falar em p\u00fablico te impe\u00e7a de alcan\u00e7ar seus objetivos acad\u00eamicos, profissionais ou pessoais. Experimente e desafie-se a cada oportunidade.<\/p>\n<p>Desenvolva a sua carreira hoje mesmo! Conhe\u00e7a a <a href=\"https:\/\/fluency.io\/br\/blog\/?utm_source=blog\">Awari<\/a><\/p>\n<p>A Awari \u00e9 uma plataforma de ensino completa que conta com mentorias individuais, cursos com aulas ao vivo e suporte de carreira para voc\u00ea dar seu pr\u00f3ximo passo profissional. Quer aprender mais sobre as t\u00e9cnicas necess\u00e1rias para se tornar um profissional de relev\u00e2ncia e sucesso?<\/p>\n<p>Conhe\u00e7a <a href=\"https:\/\/fluency.io\/br\/blog\/cursos?utm_source=blog\">nossos cursos<\/a> e desenvolva compet\u00eancias essenciais com jornada personalizada, para desenvolver e evoluir seu curr\u00edculo, o seu pessoal e materiais complementares desenvolvidos por especialistas no mercado!<\/p>\n<p><\/body><br \/>\n<\/html><\/p>\n","protected":false},"excerpt":{"rendered":"<p>A import\u00e2ncia de falar em p\u00fablico n\u00e3o pode ser subestimada! Este artigo explora t\u00e9cnicas para falar em p\u00fablico com confian\u00e7a. Conhe\u00e7a seu p\u00fablico-alvo, prepare-se adequadamente, domine o conte\u00fado, pratique a express\u00e3o verbal e n\u00e3o verbal, respire profundamente, utilize recursos audiovisuais, conhe\u00e7a a estrutura da sua apresenta\u00e7\u00e3o e enfrente seu medo. Desenvolva suas habilidades de comunica\u00e7\u00e3o hoje mesmo! Conhe\u00e7a a Awari e seus cursos para o seu pr\u00f3ximo passo profissional.<\/p>\n","protected":false},"author":9,"featured_media":0,"comment_status":"open","ping_status":"open","sticky":false,"template":"","format":[186],"meta":{"inline_featured_image":false,"footnotes":""},"categories":[229],"tags":[],"trilha":[],"class_list":["post-124384","post","type-post","status-publish","format-standard","hentry","category-skills","format-artigos"],"acf":[],"yoast_head":"<!-- This site is optimized with the Yoast SEO plugin v27.4 - https:\/\/yoast.com\/product\/yoast-seo-wordpress\/ -->\n<title>De Falar em P\u00fablico: Aspectos Fundamentais da Comunica\u00e7\u00e3o - Fluency.io Brasil<\/title>\n<meta name=\"description\" content=\"A import\u00e2ncia de falar em p\u00fablico n\u00e3o pode ser subestimada! Este artigo explora t\u00e9cnicas para falar em p\u00fablico com confian\u00e7a. Conhe\u00e7a seu p\u00fablico-alvo, pre...\" \/>\n<meta name=\"robots\" content=\"noindex, follow, max-snippet:-1, max-image-preview:large, max-video-preview:-1\" \/>\n<meta property=\"og:locale\" content=\"pt_BR\" \/>\n<meta property=\"og:type\" content=\"article\" \/>\n<meta property=\"og:title\" content=\"De Falar em P\u00fablico: Aspectos Fundamentais da Comunica\u00e7\u00e3o - Fluency.io Brasil\" \/>\n<meta property=\"og:description\" content=\"A import\u00e2ncia de falar em p\u00fablico n\u00e3o pode ser subestimada! Este artigo explora t\u00e9cnicas para falar em p\u00fablico com confian\u00e7a. Conhe\u00e7a seu p\u00fablico-alvo, pre...\" \/>\n<meta property=\"og:url\" content=\"https:\/\/homolog.fluency.io\/br\/blog\/de-falar-em-publico-aspectos-fundamentais-da-comunicacao\/\" \/>\n<meta property=\"og:site_name\" content=\"Fluency.io Brasil\" \/>\n<meta property=\"article:published_time\" content=\"2023-06-30T03:16:13+00:00\" \/>\n<meta property=\"article:modified_time\" content=\"2023-08-01T17:43:12+00:00\" \/>\n<meta name=\"twitter:card\" content=\"summary_large_image\" \/>\n<meta name=\"twitter:label1\" content=\"Escrito por\" \/>\n\t<meta name=\"twitter:data1\" content=\"kaue\" \/>\n\t<meta name=\"twitter:label2\" content=\"Est. tempo de leitura\" \/>\n\t<meta name=\"twitter:data2\" content=\"5 minutos\" \/>\n<script type=\"application\/ld+json\" class=\"yoast-schema-graph\">{\"@context\":\"https:\\\/\\\/schema.org\",\"@graph\":[{\"@type\":\"Article\",\"@id\":\"https:\\\/\\\/homolog.fluency.io\\\/br\\\/blog\\\/de-falar-em-publico-aspectos-fundamentais-da-comunicacao\\\/#article\",\"isPartOf\":{\"@id\":\"https:\\\/\\\/homolog.fluency.io\\\/br\\\/blog\\\/de-falar-em-publico-aspectos-fundamentais-da-comunicacao\\\/\"},\"author\":{\"name\":\"kaue\",\"@id\":\"https:\\\/\\\/homolog.fluency.io\\\/br\\\/#\\\/schema\\\/person\\\/7b3b2b50ba17b7f2ad0cce0a40bfa00a\"},\"headline\":\"De Falar em P\u00fablico: Aspectos Fundamentais da Comunica\u00e7\u00e3o\",\"datePublished\":\"2023-06-30T03:16:13+00:00\",\"dateModified\":\"2023-08-01T17:43:12+00:00\",\"mainEntityOfPage\":{\"@id\":\"https:\\\/\\\/homolog.fluency.io\\\/br\\\/blog\\\/de-falar-em-publico-aspectos-fundamentais-da-comunicacao\\\/\"},\"wordCount\":961,\"commentCount\":0,\"articleSection\":[\"Skills\"],\"inLanguage\":\"pt-BR\",\"potentialAction\":[{\"@type\":\"CommentAction\",\"name\":\"Comment\",\"target\":[\"https:\\\/\\\/homolog.fluency.io\\\/br\\\/blog\\\/de-falar-em-publico-aspectos-fundamentais-da-comunicacao\\\/#respond\"]}]},{\"@type\":\"WebPage\",\"@id\":\"https:\\\/\\\/homolog.fluency.io\\\/br\\\/blog\\\/de-falar-em-publico-aspectos-fundamentais-da-comunicacao\\\/\",\"url\":\"https:\\\/\\\/homolog.fluency.io\\\/br\\\/blog\\\/de-falar-em-publico-aspectos-fundamentais-da-comunicacao\\\/\",\"name\":\"De Falar em P\u00fablico: Aspectos Fundamentais da Comunica\u00e7\u00e3o - Fluency.io Brasil\",\"isPartOf\":{\"@id\":\"https:\\\/\\\/homolog.fluency.io\\\/br\\\/#website\"},\"datePublished\":\"2023-06-30T03:16:13+00:00\",\"dateModified\":\"2023-08-01T17:43:12+00:00\",\"author\":{\"@id\":\"https:\\\/\\\/homolog.fluency.io\\\/br\\\/#\\\/schema\\\/person\\\/7b3b2b50ba17b7f2ad0cce0a40bfa00a\"},\"description\":\"A import\u00e2ncia de falar em p\u00fablico n\u00e3o pode ser subestimada! Este artigo explora t\u00e9cnicas para falar em p\u00fablico com confian\u00e7a. Conhe\u00e7a seu p\u00fablico-alvo, pre...\",\"breadcrumb\":{\"@id\":\"https:\\\/\\\/homolog.fluency.io\\\/br\\\/blog\\\/de-falar-em-publico-aspectos-fundamentais-da-comunicacao\\\/#breadcrumb\"},\"inLanguage\":\"pt-BR\",\"potentialAction\":[{\"@type\":\"ReadAction\",\"target\":[\"https:\\\/\\\/homolog.fluency.io\\\/br\\\/blog\\\/de-falar-em-publico-aspectos-fundamentais-da-comunicacao\\\/\"]}]},{\"@type\":\"BreadcrumbList\",\"@id\":\"https:\\\/\\\/homolog.fluency.io\\\/br\\\/blog\\\/de-falar-em-publico-aspectos-fundamentais-da-comunicacao\\\/#breadcrumb\",\"itemListElement\":[{\"@type\":\"ListItem\",\"position\":1,\"name\":\"In\u00edcio\",\"item\":\"https:\\\/\\\/homolog.fluency.io\\\/br\\\/\"},{\"@type\":\"ListItem\",\"position\":2,\"name\":\"De Falar em P\u00fablico: Aspectos Fundamentais da Comunica\u00e7\u00e3o\"}]},{\"@type\":\"WebSite\",\"@id\":\"https:\\\/\\\/homolog.fluency.io\\\/br\\\/#website\",\"url\":\"https:\\\/\\\/homolog.fluency.io\\\/br\\\/\",\"name\":\"Fluency.io Brasil\",\"description\":\"\",\"potentialAction\":[{\"@type\":\"SearchAction\",\"target\":{\"@type\":\"EntryPoint\",\"urlTemplate\":\"https:\\\/\\\/homolog.fluency.io\\\/br\\\/?s={search_term_string}\"},\"query-input\":{\"@type\":\"PropertyValueSpecification\",\"valueRequired\":true,\"valueName\":\"search_term_string\"}}],\"inLanguage\":\"pt-BR\"},{\"@type\":\"Person\",\"@id\":\"https:\\\/\\\/homolog.fluency.io\\\/br\\\/#\\\/schema\\\/person\\\/7b3b2b50ba17b7f2ad0cce0a40bfa00a\",\"name\":\"kaue\",\"image\":{\"@type\":\"ImageObject\",\"inLanguage\":\"pt-BR\",\"@id\":\"https:\\\/\\\/secure.gravatar.com\\\/avatar\\\/bdd3958fa53019cfd8f789c0a49a730e7ba40a1d20cb42c9ced7646285842479?s=96&d=mm&r=g\",\"url\":\"https:\\\/\\\/secure.gravatar.com\\\/avatar\\\/bdd3958fa53019cfd8f789c0a49a730e7ba40a1d20cb42c9ced7646285842479?s=96&d=mm&r=g\",\"contentUrl\":\"https:\\\/\\\/secure.gravatar.com\\\/avatar\\\/bdd3958fa53019cfd8f789c0a49a730e7ba40a1d20cb42c9ced7646285842479?s=96&d=mm&r=g\",\"caption\":\"kaue\"},\"url\":\"https:\\\/\\\/homolog.fluency.io\\\/br\\\/author\\\/kaue\\\/\"}]}<\/script>\n<!-- \/ Yoast SEO plugin. -->","yoast_head_json":{"title":"De Falar em P\u00fablico: Aspectos Fundamentais da Comunica\u00e7\u00e3o - Fluency.io Brasil","description":"A import\u00e2ncia de falar em p\u00fablico n\u00e3o pode ser subestimada! Este artigo explora t\u00e9cnicas para falar em p\u00fablico com confian\u00e7a. Conhe\u00e7a seu p\u00fablico-alvo, pre...","robots":{"index":"noindex","follow":"follow","max-snippet":"max-snippet:-1","max-image-preview":"max-image-preview:large","max-video-preview":"max-video-preview:-1"},"og_locale":"pt_BR","og_type":"article","og_title":"De Falar em P\u00fablico: Aspectos Fundamentais da Comunica\u00e7\u00e3o - Fluency.io Brasil","og_description":"A import\u00e2ncia de falar em p\u00fablico n\u00e3o pode ser subestimada! Este artigo explora t\u00e9cnicas para falar em p\u00fablico com confian\u00e7a. Conhe\u00e7a seu p\u00fablico-alvo, pre...","og_url":"https:\/\/homolog.fluency.io\/br\/blog\/de-falar-em-publico-aspectos-fundamentais-da-comunicacao\/","og_site_name":"Fluency.io Brasil","article_published_time":"2023-06-30T03:16:13+00:00","article_modified_time":"2023-08-01T17:43:12+00:00","twitter_card":"summary_large_image","twitter_misc":{"Escrito por":"kaue","Est. tempo de leitura":"5 minutos"},"schema":{"@context":"https:\/\/schema.org","@graph":[{"@type":"Article","@id":"https:\/\/homolog.fluency.io\/br\/blog\/de-falar-em-publico-aspectos-fundamentais-da-comunicacao\/#article","isPartOf":{"@id":"https:\/\/homolog.fluency.io\/br\/blog\/de-falar-em-publico-aspectos-fundamentais-da-comunicacao\/"},"author":{"name":"kaue","@id":"https:\/\/homolog.fluency.io\/br\/#\/schema\/person\/7b3b2b50ba17b7f2ad0cce0a40bfa00a"},"headline":"De Falar em P\u00fablico: Aspectos Fundamentais da Comunica\u00e7\u00e3o","datePublished":"2023-06-30T03:16:13+00:00","dateModified":"2023-08-01T17:43:12+00:00","mainEntityOfPage":{"@id":"https:\/\/homolog.fluency.io\/br\/blog\/de-falar-em-publico-aspectos-fundamentais-da-comunicacao\/"},"wordCount":961,"commentCount":0,"articleSection":["Skills"],"inLanguage":"pt-BR","potentialAction":[{"@type":"CommentAction","name":"Comment","target":["https:\/\/homolog.fluency.io\/br\/blog\/de-falar-em-publico-aspectos-fundamentais-da-comunicacao\/#respond"]}]},{"@type":"WebPage","@id":"https:\/\/homolog.fluency.io\/br\/blog\/de-falar-em-publico-aspectos-fundamentais-da-comunicacao\/","url":"https:\/\/homolog.fluency.io\/br\/blog\/de-falar-em-publico-aspectos-fundamentais-da-comunicacao\/","name":"De Falar em P\u00fablico: Aspectos Fundamentais da Comunica\u00e7\u00e3o - Fluency.io Brasil","isPartOf":{"@id":"https:\/\/homolog.fluency.io\/br\/#website"},"datePublished":"2023-06-30T03:16:13+00:00","dateModified":"2023-08-01T17:43:12+00:00","author":{"@id":"https:\/\/homolog.fluency.io\/br\/#\/schema\/person\/7b3b2b50ba17b7f2ad0cce0a40bfa00a"},"description":"A import\u00e2ncia de falar em p\u00fablico n\u00e3o pode ser subestimada! Este artigo explora t\u00e9cnicas para falar em p\u00fablico com confian\u00e7a. Conhe\u00e7a seu p\u00fablico-alvo, pre...","breadcrumb":{"@id":"https:\/\/homolog.fluency.io\/br\/blog\/de-falar-em-publico-aspectos-fundamentais-da-comunicacao\/#breadcrumb"},"inLanguage":"pt-BR","potentialAction":[{"@type":"ReadAction","target":["https:\/\/homolog.fluency.io\/br\/blog\/de-falar-em-publico-aspectos-fundamentais-da-comunicacao\/"]}]},{"@type":"BreadcrumbList","@id":"https:\/\/homolog.fluency.io\/br\/blog\/de-falar-em-publico-aspectos-fundamentais-da-comunicacao\/#breadcrumb","itemListElement":[{"@type":"ListItem","position":1,"name":"In\u00edcio","item":"https:\/\/homolog.fluency.io\/br\/"},{"@type":"ListItem","position":2,"name":"De Falar em P\u00fablico: Aspectos Fundamentais da Comunica\u00e7\u00e3o"}]},{"@type":"WebSite","@id":"https:\/\/homolog.fluency.io\/br\/#website","url":"https:\/\/homolog.fluency.io\/br\/","name":"Fluency.io Brasil","description":"","potentialAction":[{"@type":"SearchAction","target":{"@type":"EntryPoint","urlTemplate":"https:\/\/homolog.fluency.io\/br\/?s={search_term_string}"},"query-input":{"@type":"PropertyValueSpecification","valueRequired":true,"valueName":"search_term_string"}}],"inLanguage":"pt-BR"},{"@type":"Person","@id":"https:\/\/homolog.fluency.io\/br\/#\/schema\/person\/7b3b2b50ba17b7f2ad0cce0a40bfa00a","name":"kaue","image":{"@type":"ImageObject","inLanguage":"pt-BR","@id":"https:\/\/secure.gravatar.com\/avatar\/bdd3958fa53019cfd8f789c0a49a730e7ba40a1d20cb42c9ced7646285842479?s=96&d=mm&r=g","url":"https:\/\/secure.gravatar.com\/avatar\/bdd3958fa53019cfd8f789c0a49a730e7ba40a1d20cb42c9ced7646285842479?s=96&d=mm&r=g","contentUrl":"https:\/\/secure.gravatar.com\/avatar\/bdd3958fa53019cfd8f789c0a49a730e7ba40a1d20cb42c9ced7646285842479?s=96&d=mm&r=g","caption":"kaue"},"url":"https:\/\/homolog.fluency.io\/br\/author\/kaue\/"}]}},"_links":{"self":[{"href":"https:\/\/homolog.fluency.io\/br\/wp-json\/wp\/v2\/posts\/124384","targetHints":{"allow":["GET"]}}],"collection":[{"href":"https:\/\/homolog.fluency.io\/br\/wp-json\/wp\/v2\/posts"}],"about":[{"href":"https:\/\/homolog.fluency.io\/br\/wp-json\/wp\/v2\/types\/post"}],"author":[{"embeddable":true,"href":"https:\/\/homolog.fluency.io\/br\/wp-json\/wp\/v2\/users\/9"}],"replies":[{"embeddable":true,"href":"https:\/\/homolog.fluency.io\/br\/wp-json\/wp\/v2\/comments?post=124384"}],"version-history":[{"count":0,"href":"https:\/\/homolog.fluency.io\/br\/wp-json\/wp\/v2\/posts\/124384\/revisions"}],"wp:attachment":[{"href":"https:\/\/homolog.fluency.io\/br\/wp-json\/wp\/v2\/media?parent=124384"}],"wp:term":[{"taxonomy":"category","embeddable":true,"href":"https:\/\/homolog.fluency.io\/br\/wp-json\/wp\/v2\/categories?post=124384"},{"taxonomy":"post_tag","embeddable":true,"href":"https:\/\/homolog.fluency.io\/br\/wp-json\/wp\/v2\/tags?post=124384"},{"taxonomy":"format","embeddable":true,"href":"https:\/\/homolog.fluency.io\/br\/wp-json\/wp\/v2\/format?post=124384"},{"taxonomy":"trilha","embeddable":true,"href":"https:\/\/homolog.fluency.io\/br\/wp-json\/wp\/v2\/trilha?post=124384"}],"curies":[{"name":"wp","href":"https:\/\/api.w.org\/{rel}","templated":true}]}}