{"id":124385,"date":"2023-06-30T00:17:37","date_gmt":"2023-06-30T03:17:37","guid":{"rendered":"https:\/\/fluency.io\/br\/blog\/por-que-temos-medo-de-falar-em-publico-causas-do-nervosismo\/"},"modified":"2023-08-01T14:43:15","modified_gmt":"2023-08-01T17:43:15","slug":"por-que-temos-medo-de-falar-em-publico-causas-do-nervosismo","status":"publish","type":"post","link":"https:\/\/homolog.fluency.io\/br\/blog\/por-que-temos-medo-de-falar-em-publico-causas-do-nervosismo\/","title":{"rendered":"Por que Temos Medo de Falar em P\u00fablico: Causas do Nervosismo"},"content":{"rendered":"<p><!DOCTYPE html><br \/>\n<html><br \/>\n<head><br \/>\n  <title><a target=\"_blank\" href=\"https:\/\/oabnimes.org.br\/evento\/1945\/\" rel=\"noopener\">T\u00e9cnicas e estrat\u00e9gias<\/a> para <a target=\"_blank\" href=\"https:\/\/www.youper.ai\/como-superar-o-medo-de-falar-em-publico\" rel=\"noopener\">Superar o medo de falar em p\u00fablico<\/a><\/title><br \/>\n<\/head><br \/>\n<body><\/p>\n<h2>T\u00e9cnicas e Estrat\u00e9gias para Superar o Medo de Falar em P\u00fablico<\/h2>\n<p>Falar em p\u00fablico pode ser uma experi\u00eancia assustadora para muitas pessoas. O medo de ser julgado ou de cometer erros pode causar ansiedade e nervosismo significativos. No entanto, existem t\u00e9cnicas e estrat\u00e9gias eficazes que podem ajudar a superar esse medo e se tornar um palestrante mais confiante e habilidoso. Aqui est\u00e3o algumas dicas \u00fateis:<\/p>\n<h3>Pratique a respira\u00e7\u00e3o profunda:<\/h3>\n<p>A respira\u00e7\u00e3o profunda pode ajudar a acalmar os nervos e reduzir a ansiedade. Antes de come\u00e7ar a falar em p\u00fablico, reserve um momento para respirar profundamente algumas vezes. Isso ajudar\u00e1 a relaxar os m\u00fasculos e a acalmar a mente.<\/p>\n<h3>Visualize o sucesso:<\/h3>\n<p>Antes de dar uma palestra, reserve um tempo para visualizar-se fazendo uma apresenta\u00e7\u00e3o bem-sucedida. Imagine-se falando com confian\u00e7a, transmitindo suas ideias de forma clara e recebendo uma resposta positiva da plateia. A visualiza\u00e7\u00e3o \u00e9 uma t\u00e9cnica poderosa que pode ajudar a fortalecer a confian\u00e7a e reduzir o medo.<\/p>\n<h3>Ensaie com anteced\u00eancia:<\/h3>\n<p>A pr\u00e1tica \u00e9 crucial para reduzir o nervosismo ao falar em p\u00fablico. Dedique tempo para ensaiar sua apresenta\u00e7\u00e3o antes do evento. Pratique em frente a um espelho, grave-se ou pe\u00e7a para um amigo ou familiar ouvir e dar feedback. Quanto mais familiarizado voc\u00ea estiver com o conte\u00fado e a forma como deseja apresent\u00e1-lo, mais confiante se sentir\u00e1 no palco.<\/p>\n<h3>Use o poder da linguagem corporal:<\/h3>\n<p>A linguagem corporal pode transmitir confian\u00e7a e ter um impacto positivo na forma como voc\u00ea se sente e \u00e9 percebido pelo p\u00fablico. Mantenha uma postura ereta, fa\u00e7a contato visual com diferentes pessoas na plateia e use gestos adequados para enfatizar suas palavras. A linguagem corporal adequada pode ajudar a transmitir confian\u00e7a e aumentar sua credibilidade como palestrante.<\/p>\n<h3>Pratique o discurso improvisado:<\/h3>\n<p>Um dos aspectos mais assustadores de falar em p\u00fablico \u00e9 a possibilidade de esquecer o que voc\u00ea quer dizer ou ficar perdido em meio a perguntas da plateia. Para superar esse medo, pratique o discurso improvisado. Pe\u00e7a a um amigo ou membro da fam\u00edlia para fazer perguntas inesperadas durante seu ensaio ou imagine situa\u00e7\u00f5es em que voc\u00ea precisa responder no momento. Quanto mais preparado voc\u00ea estiver para lidar com situa\u00e7\u00f5es imprevistas, menos medo voc\u00ea sentir\u00e1.<\/p>\n<h2>A Import\u00e2ncia do Treinamento e da Pr\u00e1tica na <a target=\"_blank\" href=\"https:\/\/blog.farmaciaeficacia.com.br\/como-diminuir-a-ansiedade-e-nervosismo\/\" rel=\"noopener\">Redu\u00e7\u00e3o do nervosismo<\/a> para Falar em P\u00fablico<\/h2>\n<p>Uma das melhores maneiras de superar o medo de falar em p\u00fablico \u00e9 atrav\u00e9s do treinamento e da pr\u00e1tica adequada. Quanto mais familiarizado voc\u00ea estiver com a experi\u00eancia de falar em p\u00fablico, mais confiante voc\u00ea se tornar\u00e1. Aqui est\u00e1 a import\u00e2ncia desses dois aspectos na redu\u00e7\u00e3o do nervosismo para falar em p\u00fablico:<\/p>\n<ul>\n<li>O treinamento permite adquirir conhecimento e habilidades: Ao participar de cursos ou workshops sobre comunica\u00e7\u00e3o eficaz e t\u00e9cnicas de apresenta\u00e7\u00e3o, voc\u00ea ter\u00e1 a oportunidade de adquirir conhecimentos e habilidades espec\u00edficas para falar em p\u00fablico. Isso inclui aprender a estruturar uma apresenta\u00e7\u00e3o, usar t\u00e9cnicas para envolver a plateia e lidar com o nervosismo. Quanto mais preparado voc\u00ea estiver, menos nervoso ficar\u00e1 ao enfrentar uma plateia.<\/li>\n<li>A pr\u00e1tica aumenta a familiaridade e a confian\u00e7a: A pr\u00e1tica regular \u00e9 fundamental para se familiarizar com a experi\u00eancia de falar em p\u00fablico. Quanto mais vezes voc\u00ea praticar, melhor ser\u00e1 capaz de lidar com o nervosismo e os desafios que possam surgir durante uma apresenta\u00e7\u00e3o. A pr\u00e1tica tamb\u00e9m ajuda a aumentar a confian\u00e7a, pois voc\u00ea ter\u00e1 a oportunidade de aprimorar suas habilidades e receber feedback construtivo.<\/li>\n<li>O treinamento e a pr\u00e1tica permitem corrigir erros: Ao receber treinamento adequado e praticar regularmente, voc\u00ea ter\u00e1 a oportunidade de identificar e corrigir erros antes de uma apresenta\u00e7\u00e3o real. Isso inclui ajustar a linguagem corporal, melhorar a entona\u00e7\u00e3o da voz e aprimorar a forma como voc\u00ea transmite suas ideias. Quanto mais voc\u00ea trabalhar em seus pontos fracos, mais confiante voc\u00ea se sentir\u00e1 ao falar em p\u00fablico.<\/li>\n<li>A prepara\u00e7\u00e3o adequada reduz a ansiedade: Quando voc\u00ea est\u00e1 adequadamente preparado, seu n\u00edvel de ansiedade diminui. O treinamento e a pr\u00e1tica fornecem os recursos necess\u00e1rios para enfrentar uma plateia com confian\u00e7a e tranquilidade. Saber que voc\u00ea est\u00e1 bem preparado e conhece o assunto que est\u00e1 apresentando ajuda a reduzir o nervosismo e a ansiedade associados a falar em p\u00fablico.<\/li>\n<\/ul>\n<p>Em resumo, o medo de falar em p\u00fablico \u00e9 uma emo\u00e7\u00e3o comum, mas pode ser superado com t\u00e9cnicas e estrat\u00e9gias eficazes. Praticar a respira\u00e7\u00e3o profunda, visualizar o sucesso, ensaiar com anteced\u00eancia, usar linguagem corporal adequada e praticar o discurso improvisado s\u00e3o algumas das formas de superar esse medo. Al\u00e9m disso, o treinamento e a pr\u00e1tica regular s\u00e3o fundamentais para aumentar a familiaridade e a confian\u00e7a ao falar em p\u00fablico. Com o tempo e esfor\u00e7o adequados, qualquer pessoa pode se tornar um palestrante confiante e habilidoso.<\/p>\n<p>Desenvolva a sua carreira hoje mesmo! Conhe\u00e7a a <a href=\"https:\/\/fluency.io\/br\/blog\/?utm_source=blog\" target=\"_blank\" rel=\"noopener\">Awari<\/a>.<\/p>\n<p>A Awari \u00e9 uma plataforma de ensino completa que conta com mentorias individuais, cursos com aulas ao vivo e suporte de carreira para voc\u00ea dar seu pr\u00f3ximo passo profissional. Quer aprender mais sobre as t\u00e9cnicas necess\u00e1rias para se tornar um profissional de relev\u00e2ncia e sucesso?<\/p>\n<p>Conhe\u00e7a <a href=\"https:\/\/fluency.io\/br\/blog\/cursos?utm_source=blog\" target=\"_blank\" rel=\"noopener\">nossos cursos<\/a> e desenvolva compet\u00eancias essenciais com jornada personalizada, para desenvolver e evoluir seu curr\u00edculo, o seu pessoal e materiais complementares desenvolvidos por especialistas no mercado!<\/p>\n<p><\/body><br \/>\n<\/html><\/p>\n","protected":false},"excerpt":{"rendered":"<p>Neste artigo, vamos discutir por que temos medo de falar em p\u00fablico. Exploraremos as causas desse medo e como podemos super\u00e1-lo, atrav\u00e9s de t\u00e9cnicas como a respira\u00e7\u00e3o profunda e a visualiza\u00e7\u00e3o do sucesso. Al\u00e9m disso, abordaremos a import\u00e2ncia do treinamento e da pr\u00e1tica na redu\u00e7\u00e3o do nervosismo ao falar em p\u00fablico. Com a devida prepara\u00e7\u00e3o e esfor\u00e7o, qualquer pessoa pode se tornar um palestrante confiante e habilidoso. Leia mais e aprenda como superar o medo de falar em p\u00fablico! Conhe\u00e7a a Awari e desenvolva suas habilidades profissionais hoje mesmo!<\/p>\n","protected":false},"author":9,"featured_media":0,"comment_status":"open","ping_status":"open","sticky":false,"template":"","format":[186],"meta":{"inline_featured_image":false,"footnotes":""},"categories":[229],"tags":[],"trilha":[],"class_list":["post-124385","post","type-post","status-publish","format-standard","hentry","category-skills","format-artigos"],"acf":[],"yoast_head":"<!-- This site is optimized with the Yoast SEO plugin v27.4 - https:\/\/yoast.com\/product\/yoast-seo-wordpress\/ -->\n<title>Por que Temos Medo de Falar em P\u00fablico: Causas do Nervosismo - Fluency.io Brasil<\/title>\n<meta name=\"description\" content=\"Neste artigo, vamos discutir por que temos medo de falar em p\u00fablico. Exploraremos as causas desse medo e como podemos super\u00e1-lo, atrav\u00e9s de t\u00e9cnicas como a...\" \/>\n<meta name=\"robots\" content=\"noindex, follow, max-snippet:-1, max-image-preview:large, max-video-preview:-1\" \/>\n<meta property=\"og:locale\" content=\"pt_BR\" \/>\n<meta property=\"og:type\" content=\"article\" \/>\n<meta property=\"og:title\" content=\"Por que Temos Medo de Falar em P\u00fablico: Causas do Nervosismo - Fluency.io Brasil\" \/>\n<meta property=\"og:description\" content=\"Neste artigo, vamos discutir por que temos medo de falar em p\u00fablico. Exploraremos as causas desse medo e como podemos super\u00e1-lo, atrav\u00e9s de t\u00e9cnicas como a...\" \/>\n<meta property=\"og:url\" content=\"https:\/\/homolog.fluency.io\/br\/blog\/por-que-temos-medo-de-falar-em-publico-causas-do-nervosismo\/\" \/>\n<meta property=\"og:site_name\" content=\"Fluency.io Brasil\" \/>\n<meta property=\"article:published_time\" content=\"2023-06-30T03:17:37+00:00\" \/>\n<meta property=\"article:modified_time\" content=\"2023-08-01T17:43:15+00:00\" \/>\n<meta name=\"twitter:card\" content=\"summary_large_image\" \/>\n<meta name=\"twitter:label1\" content=\"Escrito por\" \/>\n\t<meta name=\"twitter:data1\" content=\"kaue\" \/>\n\t<meta name=\"twitter:label2\" content=\"Est. tempo de leitura\" \/>\n\t<meta name=\"twitter:data2\" content=\"5 minutos\" \/>\n<script type=\"application\/ld+json\" class=\"yoast-schema-graph\">{\"@context\":\"https:\\\/\\\/schema.org\",\"@graph\":[{\"@type\":\"Article\",\"@id\":\"https:\\\/\\\/homolog.fluency.io\\\/br\\\/blog\\\/por-que-temos-medo-de-falar-em-publico-causas-do-nervosismo\\\/#article\",\"isPartOf\":{\"@id\":\"https:\\\/\\\/homolog.fluency.io\\\/br\\\/blog\\\/por-que-temos-medo-de-falar-em-publico-causas-do-nervosismo\\\/\"},\"author\":{\"name\":\"kaue\",\"@id\":\"https:\\\/\\\/homolog.fluency.io\\\/br\\\/#\\\/schema\\\/person\\\/7b3b2b50ba17b7f2ad0cce0a40bfa00a\"},\"headline\":\"Por que Temos Medo de Falar em P\u00fablico: Causas do Nervosismo\",\"datePublished\":\"2023-06-30T03:17:37+00:00\",\"dateModified\":\"2023-08-01T17:43:15+00:00\",\"mainEntityOfPage\":{\"@id\":\"https:\\\/\\\/homolog.fluency.io\\\/br\\\/blog\\\/por-que-temos-medo-de-falar-em-publico-causas-do-nervosismo\\\/\"},\"wordCount\":962,\"commentCount\":0,\"articleSection\":[\"Skills\"],\"inLanguage\":\"pt-BR\",\"potentialAction\":[{\"@type\":\"CommentAction\",\"name\":\"Comment\",\"target\":[\"https:\\\/\\\/homolog.fluency.io\\\/br\\\/blog\\\/por-que-temos-medo-de-falar-em-publico-causas-do-nervosismo\\\/#respond\"]}]},{\"@type\":\"WebPage\",\"@id\":\"https:\\\/\\\/homolog.fluency.io\\\/br\\\/blog\\\/por-que-temos-medo-de-falar-em-publico-causas-do-nervosismo\\\/\",\"url\":\"https:\\\/\\\/homolog.fluency.io\\\/br\\\/blog\\\/por-que-temos-medo-de-falar-em-publico-causas-do-nervosismo\\\/\",\"name\":\"Por que Temos Medo de Falar em P\u00fablico: Causas do Nervosismo - Fluency.io Brasil\",\"isPartOf\":{\"@id\":\"https:\\\/\\\/homolog.fluency.io\\\/br\\\/#website\"},\"datePublished\":\"2023-06-30T03:17:37+00:00\",\"dateModified\":\"2023-08-01T17:43:15+00:00\",\"author\":{\"@id\":\"https:\\\/\\\/homolog.fluency.io\\\/br\\\/#\\\/schema\\\/person\\\/7b3b2b50ba17b7f2ad0cce0a40bfa00a\"},\"description\":\"Neste artigo, vamos discutir por que temos medo de falar em p\u00fablico. Exploraremos as causas desse medo e como podemos super\u00e1-lo, atrav\u00e9s de t\u00e9cnicas como a...\",\"breadcrumb\":{\"@id\":\"https:\\\/\\\/homolog.fluency.io\\\/br\\\/blog\\\/por-que-temos-medo-de-falar-em-publico-causas-do-nervosismo\\\/#breadcrumb\"},\"inLanguage\":\"pt-BR\",\"potentialAction\":[{\"@type\":\"ReadAction\",\"target\":[\"https:\\\/\\\/homolog.fluency.io\\\/br\\\/blog\\\/por-que-temos-medo-de-falar-em-publico-causas-do-nervosismo\\\/\"]}]},{\"@type\":\"BreadcrumbList\",\"@id\":\"https:\\\/\\\/homolog.fluency.io\\\/br\\\/blog\\\/por-que-temos-medo-de-falar-em-publico-causas-do-nervosismo\\\/#breadcrumb\",\"itemListElement\":[{\"@type\":\"ListItem\",\"position\":1,\"name\":\"In\u00edcio\",\"item\":\"https:\\\/\\\/homolog.fluency.io\\\/br\\\/\"},{\"@type\":\"ListItem\",\"position\":2,\"name\":\"Por que Temos Medo de Falar em P\u00fablico: Causas do Nervosismo\"}]},{\"@type\":\"WebSite\",\"@id\":\"https:\\\/\\\/homolog.fluency.io\\\/br\\\/#website\",\"url\":\"https:\\\/\\\/homolog.fluency.io\\\/br\\\/\",\"name\":\"Fluency.io Brasil\",\"description\":\"\",\"potentialAction\":[{\"@type\":\"SearchAction\",\"target\":{\"@type\":\"EntryPoint\",\"urlTemplate\":\"https:\\\/\\\/homolog.fluency.io\\\/br\\\/?s={search_term_string}\"},\"query-input\":{\"@type\":\"PropertyValueSpecification\",\"valueRequired\":true,\"valueName\":\"search_term_string\"}}],\"inLanguage\":\"pt-BR\"},{\"@type\":\"Person\",\"@id\":\"https:\\\/\\\/homolog.fluency.io\\\/br\\\/#\\\/schema\\\/person\\\/7b3b2b50ba17b7f2ad0cce0a40bfa00a\",\"name\":\"kaue\",\"image\":{\"@type\":\"ImageObject\",\"inLanguage\":\"pt-BR\",\"@id\":\"https:\\\/\\\/secure.gravatar.com\\\/avatar\\\/bdd3958fa53019cfd8f789c0a49a730e7ba40a1d20cb42c9ced7646285842479?s=96&d=mm&r=g\",\"url\":\"https:\\\/\\\/secure.gravatar.com\\\/avatar\\\/bdd3958fa53019cfd8f789c0a49a730e7ba40a1d20cb42c9ced7646285842479?s=96&d=mm&r=g\",\"contentUrl\":\"https:\\\/\\\/secure.gravatar.com\\\/avatar\\\/bdd3958fa53019cfd8f789c0a49a730e7ba40a1d20cb42c9ced7646285842479?s=96&d=mm&r=g\",\"caption\":\"kaue\"},\"url\":\"https:\\\/\\\/homolog.fluency.io\\\/br\\\/author\\\/kaue\\\/\"}]}<\/script>\n<!-- \/ Yoast SEO plugin. -->","yoast_head_json":{"title":"Por que Temos Medo de Falar em P\u00fablico: Causas do Nervosismo - Fluency.io Brasil","description":"Neste artigo, vamos discutir por que temos medo de falar em p\u00fablico. Exploraremos as causas desse medo e como podemos super\u00e1-lo, atrav\u00e9s de t\u00e9cnicas como a...","robots":{"index":"noindex","follow":"follow","max-snippet":"max-snippet:-1","max-image-preview":"max-image-preview:large","max-video-preview":"max-video-preview:-1"},"og_locale":"pt_BR","og_type":"article","og_title":"Por que Temos Medo de Falar em P\u00fablico: Causas do Nervosismo - Fluency.io Brasil","og_description":"Neste artigo, vamos discutir por que temos medo de falar em p\u00fablico. Exploraremos as causas desse medo e como podemos super\u00e1-lo, atrav\u00e9s de t\u00e9cnicas como a...","og_url":"https:\/\/homolog.fluency.io\/br\/blog\/por-que-temos-medo-de-falar-em-publico-causas-do-nervosismo\/","og_site_name":"Fluency.io Brasil","article_published_time":"2023-06-30T03:17:37+00:00","article_modified_time":"2023-08-01T17:43:15+00:00","twitter_card":"summary_large_image","twitter_misc":{"Escrito por":"kaue","Est. tempo de leitura":"5 minutos"},"schema":{"@context":"https:\/\/schema.org","@graph":[{"@type":"Article","@id":"https:\/\/homolog.fluency.io\/br\/blog\/por-que-temos-medo-de-falar-em-publico-causas-do-nervosismo\/#article","isPartOf":{"@id":"https:\/\/homolog.fluency.io\/br\/blog\/por-que-temos-medo-de-falar-em-publico-causas-do-nervosismo\/"},"author":{"name":"kaue","@id":"https:\/\/homolog.fluency.io\/br\/#\/schema\/person\/7b3b2b50ba17b7f2ad0cce0a40bfa00a"},"headline":"Por que Temos Medo de Falar em P\u00fablico: Causas do Nervosismo","datePublished":"2023-06-30T03:17:37+00:00","dateModified":"2023-08-01T17:43:15+00:00","mainEntityOfPage":{"@id":"https:\/\/homolog.fluency.io\/br\/blog\/por-que-temos-medo-de-falar-em-publico-causas-do-nervosismo\/"},"wordCount":962,"commentCount":0,"articleSection":["Skills"],"inLanguage":"pt-BR","potentialAction":[{"@type":"CommentAction","name":"Comment","target":["https:\/\/homolog.fluency.io\/br\/blog\/por-que-temos-medo-de-falar-em-publico-causas-do-nervosismo\/#respond"]}]},{"@type":"WebPage","@id":"https:\/\/homolog.fluency.io\/br\/blog\/por-que-temos-medo-de-falar-em-publico-causas-do-nervosismo\/","url":"https:\/\/homolog.fluency.io\/br\/blog\/por-que-temos-medo-de-falar-em-publico-causas-do-nervosismo\/","name":"Por que Temos Medo de Falar em P\u00fablico: Causas do Nervosismo - Fluency.io Brasil","isPartOf":{"@id":"https:\/\/homolog.fluency.io\/br\/#website"},"datePublished":"2023-06-30T03:17:37+00:00","dateModified":"2023-08-01T17:43:15+00:00","author":{"@id":"https:\/\/homolog.fluency.io\/br\/#\/schema\/person\/7b3b2b50ba17b7f2ad0cce0a40bfa00a"},"description":"Neste artigo, vamos discutir por que temos medo de falar em p\u00fablico. Exploraremos as causas desse medo e como podemos super\u00e1-lo, atrav\u00e9s de t\u00e9cnicas como a...","breadcrumb":{"@id":"https:\/\/homolog.fluency.io\/br\/blog\/por-que-temos-medo-de-falar-em-publico-causas-do-nervosismo\/#breadcrumb"},"inLanguage":"pt-BR","potentialAction":[{"@type":"ReadAction","target":["https:\/\/homolog.fluency.io\/br\/blog\/por-que-temos-medo-de-falar-em-publico-causas-do-nervosismo\/"]}]},{"@type":"BreadcrumbList","@id":"https:\/\/homolog.fluency.io\/br\/blog\/por-que-temos-medo-de-falar-em-publico-causas-do-nervosismo\/#breadcrumb","itemListElement":[{"@type":"ListItem","position":1,"name":"In\u00edcio","item":"https:\/\/homolog.fluency.io\/br\/"},{"@type":"ListItem","position":2,"name":"Por que Temos Medo de Falar em P\u00fablico: Causas do Nervosismo"}]},{"@type":"WebSite","@id":"https:\/\/homolog.fluency.io\/br\/#website","url":"https:\/\/homolog.fluency.io\/br\/","name":"Fluency.io Brasil","description":"","potentialAction":[{"@type":"SearchAction","target":{"@type":"EntryPoint","urlTemplate":"https:\/\/homolog.fluency.io\/br\/?s={search_term_string}"},"query-input":{"@type":"PropertyValueSpecification","valueRequired":true,"valueName":"search_term_string"}}],"inLanguage":"pt-BR"},{"@type":"Person","@id":"https:\/\/homolog.fluency.io\/br\/#\/schema\/person\/7b3b2b50ba17b7f2ad0cce0a40bfa00a","name":"kaue","image":{"@type":"ImageObject","inLanguage":"pt-BR","@id":"https:\/\/secure.gravatar.com\/avatar\/bdd3958fa53019cfd8f789c0a49a730e7ba40a1d20cb42c9ced7646285842479?s=96&d=mm&r=g","url":"https:\/\/secure.gravatar.com\/avatar\/bdd3958fa53019cfd8f789c0a49a730e7ba40a1d20cb42c9ced7646285842479?s=96&d=mm&r=g","contentUrl":"https:\/\/secure.gravatar.com\/avatar\/bdd3958fa53019cfd8f789c0a49a730e7ba40a1d20cb42c9ced7646285842479?s=96&d=mm&r=g","caption":"kaue"},"url":"https:\/\/homolog.fluency.io\/br\/author\/kaue\/"}]}},"_links":{"self":[{"href":"https:\/\/homolog.fluency.io\/br\/wp-json\/wp\/v2\/posts\/124385","targetHints":{"allow":["GET"]}}],"collection":[{"href":"https:\/\/homolog.fluency.io\/br\/wp-json\/wp\/v2\/posts"}],"about":[{"href":"https:\/\/homolog.fluency.io\/br\/wp-json\/wp\/v2\/types\/post"}],"author":[{"embeddable":true,"href":"https:\/\/homolog.fluency.io\/br\/wp-json\/wp\/v2\/users\/9"}],"replies":[{"embeddable":true,"href":"https:\/\/homolog.fluency.io\/br\/wp-json\/wp\/v2\/comments?post=124385"}],"version-history":[{"count":0,"href":"https:\/\/homolog.fluency.io\/br\/wp-json\/wp\/v2\/posts\/124385\/revisions"}],"wp:attachment":[{"href":"https:\/\/homolog.fluency.io\/br\/wp-json\/wp\/v2\/media?parent=124385"}],"wp:term":[{"taxonomy":"category","embeddable":true,"href":"https:\/\/homolog.fluency.io\/br\/wp-json\/wp\/v2\/categories?post=124385"},{"taxonomy":"post_tag","embeddable":true,"href":"https:\/\/homolog.fluency.io\/br\/wp-json\/wp\/v2\/tags?post=124385"},{"taxonomy":"format","embeddable":true,"href":"https:\/\/homolog.fluency.io\/br\/wp-json\/wp\/v2\/format?post=124385"},{"taxonomy":"trilha","embeddable":true,"href":"https:\/\/homolog.fluency.io\/br\/wp-json\/wp\/v2\/trilha?post=124385"}],"curies":[{"name":"wp","href":"https:\/\/api.w.org\/{rel}","templated":true}]}}