{"id":124386,"date":"2023-06-30T00:18:54","date_gmt":"2023-06-30T03:18:54","guid":{"rendered":"https:\/\/fluency.io\/br\/blog\/o-que-fazer-para-falar-em-publico-supere-o-medo-e-se-expresse\/"},"modified":"2023-08-01T14:43:19","modified_gmt":"2023-08-01T17:43:19","slug":"o-que-fazer-para-falar-em-publico-supere-o-medo-e-se-expresse","status":"publish","type":"post","link":"https:\/\/homolog.fluency.io\/br\/blog\/o-que-fazer-para-falar-em-publico-supere-o-medo-e-se-expresse\/","title":{"rendered":"O que Fazer para Falar em P\u00fablico: Supere o Medo e se Expresse"},"content":{"rendered":"<p><body><\/p>\n<h2>Conquistar o medo de falar em p\u00fablico<\/h2>\n<p>Conquistar o medo de falar em p\u00fablico \u00e9 uma jornada pessoal, mas com o tempo e a pr\u00e1tica, \u00e9 poss\u00edvel super\u00e1-lo. Lembre-se de que o medo \u00e9 apenas uma emo\u00e7\u00e3o e n\u00e3o precisa controlar sua vida. Ao enfrent\u00e1-lo de frente e aplicar as estrat\u00e9gias adequadas, voc\u00ea poder\u00e1 se expressar de forma confiante e eficaz diante de qualquer p\u00fablico.<\/p>\n<p>Lembre-se de que a pr\u00e1tica \u00e9 fundamental para aprimorar suas <a target=\"_blank\" href=\"https:\/\/www.universia.net\/br\/actualidad\/habilidades\/as-mais-importantes-habilidades-de-comunicacao-que-mais-importam-no-trabalho.html\" rel=\"noopener\">habilidades de comunica\u00e7\u00e3o<\/a>. Quanto mais voc\u00ea se expuser a situa\u00e7\u00f5es de falar em p\u00fablico, mais f\u00e1cil se tornar\u00e1. Portanto, n\u00e3o desanime e mantenha-se determinado a superar seu medo. Em pouco tempo, voc\u00ea estar\u00e1 se expressando com seguran\u00e7a e impacto.<\/p>\n<h3>T\u00e9cnicas para se Expressar em P\u00fablico com Confian\u00e7a<\/h3>\n<p>Expressar-se em p\u00fablico pode ser uma tarefa desafiadora para muitas pessoas. O medo e a ansiedade podem atrapalhar a nossa capacidade de comunicar de forma eficaz e confiante. No entanto, existem t\u00e9cnicas que podem nos ajudar a superar esses obst\u00e1culos e falar em p\u00fablico com mais confian\u00e7a. Neste artigo, iremos explorar algumas dessas t\u00e9cnicas e discutir como voc\u00ea pode praticar e aperfei\u00e7oar suas habilidades de falar em p\u00fablico.<\/p>\n<h4>1. Conhe\u00e7a o seu assunto:<\/h4>\n<p>Antes de falar em p\u00fablico, \u00e9 importante ter um bom conhecimento sobre o assunto que voc\u00ea estar\u00e1 abordando. Fa\u00e7a uma pesquisa completa e organize suas informa\u00e7\u00f5es de forma clara e coerente. Quanto mais voc\u00ea conhecer o assunto, mais confian\u00e7a ter\u00e1 ao falar sobre ele.<\/p>\n<h4>2. Prepare-se adequadamente:<\/h4>\n<p>A prepara\u00e7\u00e3o \u00e9 fundamental para se expressar em p\u00fablico com confian\u00e7a. Crie um roteiro ou um esbo\u00e7o do que voc\u00ea pretende falar, destacando os pontos principais. Pratique em frente ao espelho ou com amigos, a fim de aprimorar sua flu\u00eancia e ganhar confian\u00e7a ao apresentar o conte\u00fado.<\/p>\n<h4>3. Respire fundo e controle o nervosismo:<\/h4>\n<p>O medo e a ansiedade s\u00e3o comuns ao falar em p\u00fablico, mas \u00e9 importante aprender a control\u00e1-los. Antes de iniciar a apresenta\u00e7\u00e3o, respire fundo e tente relaxar. Lembre-se de que todos os presentes est\u00e3o l\u00e1 para ouvir voc\u00ea e desejam que voc\u00ea tenha sucesso.<\/p>\n<h4>4. Olhe para a plateia:<\/h4>\n<p>Ao falar em p\u00fablico, \u00e9 f\u00e1cil se concentrar em si mesmo e esquecer-se da plateia. No entanto, \u00e9 importante criar uma conex\u00e3o com o p\u00fablico, olhando para eles enquanto voc\u00ea fala. Mantenha o contato visual e tente envolv\u00ea-los na sua apresenta\u00e7\u00e3o.<\/p>\n<h3>Praticando e Aperfei\u00e7oando suas Habilidades de Falar em P\u00fablico<\/h3>\n<p>Praticar e aperfei\u00e7oar suas habilidades de falar em p\u00fablico s\u00e3o fundamentais para desenvolver confian\u00e7a e efic\u00e1cia ao se expressar diante de uma plateia. Aqui est\u00e3o algumas estrat\u00e9gias que voc\u00ea pode adotar para aprimorar suas habilidades de falar em p\u00fablico.<\/p>\n<ul>\n<li>Participe de <a target=\"_blank\" href=\"https:\/\/www.youper.ai\/medo-de-falar-em-publico\" rel=\"noopener\">grupos de fala em p\u00fablico<\/a>:<\/li>\n<p>Juntar-se a grupos de fala em p\u00fablico pode ser uma \u00f3tima maneira de praticar suas habilidades e receber feedback construtivo. Procure por grupos locais em sua \u00e1rea e junte-se a eles. Esses grupos proporcionam um ambiente seguro onde voc\u00ea pode praticar suas falas e obter conselhos \u00fateis de outros membros.<\/p>\n<li>Ensine algu\u00e9m o que voc\u00ea sabe:<\/li>\n<p>Ensinar \u00e9 uma maneira eficaz de praticar suas habilidades de falar em p\u00fablico. Considere oferecer-se como volunt\u00e1rio para ministrar palestras ou workshops na sua comunidade. Isso n\u00e3o apenas lhe dar\u00e1 a oportunidade de compartilhar seu conhecimento, mas tamb\u00e9m de praticar suas habilidades de comunica\u00e7\u00e3o perante uma audi\u00eancia.<\/p>\n<li>Assista a apresenta\u00e7\u00f5es de outros profissionais:<\/li>\n<p>Observar e estudar apresenta\u00e7\u00f5es de profissionais experientes pode ser uma forma valiosa de aprender e aprimorar suas pr\u00f3prias habilidades de falar em p\u00fablico. Assista a palestras, confer\u00eancias e apresenta\u00e7\u00f5es online de pessoas renomadas em seu campo de interesse. Observe sua postura, entona\u00e7\u00e3o e estrat\u00e9gias de envolvimento com o p\u00fablico.<\/p>\n<li>Fa\u00e7a cursos ou workshops de fala em p\u00fablico:<\/li>\n<p>Existem muitos cursos e workshops dispon\u00edveis para aqueles que desejam melhorar suas habilidades de falar em p\u00fablico. Esses programas oferecem treinamento pr\u00e1tico e orienta\u00e7\u00e3o especializada para ajudar voc\u00ea a desenvolver suas habilidades de comunica\u00e7\u00e3o e superar o medo de falar em p\u00fablico. Considere investir em um programa que se adapte \u00e0s suas necessidades e objetivos.<\/p>\n<li>Utilize recursos online:<\/li>\n<p>A internet est\u00e1 repleta de recursos valiosos para aqueles que desejam melhorar suas habilidades de falar em p\u00fablico. Procure v\u00eddeos, tutoriais e blogs que ofere\u00e7am dicas e conselhos pr\u00e1ticos para falar em p\u00fablico com confian\u00e7a. Al\u00e9m disso, existem aplicativos e ferramentas online que podem ajudar voc\u00ea a praticar e aprimorar suas habilidades de forma interativa.<\/p>\n<\/ul>\n<p>Em conclus\u00e3o, se expressar em p\u00fablico com confian\u00e7a requer pr\u00e1tica e determina\u00e7\u00e3o. Utilize as t\u00e9cnicas mencionadas neste artigo para superar o medo e aprimorar suas habilidades de falar em p\u00fablico. Lembre-se de conhecer bem o assunto, se preparar adequadamente, controlar o nervosismo, estabelecer contato visual com a plateia e praticar regularmente. Com o tempo, voc\u00ea ganhar\u00e1 confian\u00e7a e se tornar\u00e1 um comunicador eficaz, capaz de transmitir suas ideias de forma persuasiva e impactante.<\/p>\n<h2>Desenvolva a sua carreira hoje mesmo!<\/h2>\n<p>Conhe\u00e7a a <a href=\"https:\/\/fluency.io\/br\/blog\/?utm_source=blog\">Awari<\/a>, uma plataforma de ensino completa que conta com mentorias individuais, cursos com aulas ao vivo e suporte de carreira para voc\u00ea dar seu pr\u00f3ximo passo profissional. Quer aprender mais sobre as t\u00e9cnicas necess\u00e1rias para se tornar um profissional de relev\u00e2ncia e sucesso?<\/p>\n<p>Conhe\u00e7a <a href=\"https:\/\/fluency.io\/br\/blog\/cursos?utm_source=blog\">nossos cursos<\/a> e desenvolva compet\u00eancias essenciais com jornada personalizada, para desenvolver e evoluir seu curr\u00edculo, o seu pessoal e materiais complementares desenvolvidos por especialistas no mercado!<\/p>\n<p><\/body><\/p>\n","protected":false},"excerpt":{"rendered":"<p>Descubra o que fazer para falar em p\u00fablico com confian\u00e7a e impacto. Conhe\u00e7a t\u00e9cnicas para superar o medo e aprimorar suas habilidades. Pratique, respire fundo, olhe para a plateia e utilize recursos online. Desenvolva sua carreira com a Awari.<\/p>\n","protected":false},"author":9,"featured_media":0,"comment_status":"open","ping_status":"open","sticky":false,"template":"","format":[186],"meta":{"inline_featured_image":false,"footnotes":""},"categories":[229],"tags":[],"trilha":[],"class_list":["post-124386","post","type-post","status-publish","format-standard","hentry","category-skills","format-artigos"],"acf":[],"yoast_head":"<!-- This site is optimized with the Yoast SEO plugin v27.4 - https:\/\/yoast.com\/product\/yoast-seo-wordpress\/ -->\n<title>O que Fazer para Falar em P\u00fablico: Supere o Medo e se Expresse - Fluency.io Brasil<\/title>\n<meta name=\"description\" content=\"Descubra o que fazer para falar em p\u00fablico com confian\u00e7a e impacto. Conhe\u00e7a t\u00e9cnicas para superar o medo e aprimorar suas habilidades. Pratique, respire fu...\" \/>\n<meta name=\"robots\" content=\"noindex, follow, max-snippet:-1, max-image-preview:large, max-video-preview:-1\" \/>\n<meta property=\"og:locale\" content=\"pt_BR\" \/>\n<meta property=\"og:type\" content=\"article\" \/>\n<meta property=\"og:title\" content=\"O que Fazer para Falar em P\u00fablico: Supere o Medo e se Expresse - Fluency.io Brasil\" \/>\n<meta property=\"og:description\" content=\"Descubra o que fazer para falar em p\u00fablico com confian\u00e7a e impacto. Conhe\u00e7a t\u00e9cnicas para superar o medo e aprimorar suas habilidades. Pratique, respire fu...\" \/>\n<meta property=\"og:url\" content=\"https:\/\/homolog.fluency.io\/br\/blog\/o-que-fazer-para-falar-em-publico-supere-o-medo-e-se-expresse\/\" \/>\n<meta property=\"og:site_name\" content=\"Fluency.io Brasil\" \/>\n<meta property=\"article:published_time\" content=\"2023-06-30T03:18:54+00:00\" \/>\n<meta property=\"article:modified_time\" content=\"2023-08-01T17:43:19+00:00\" \/>\n<meta name=\"twitter:card\" content=\"summary_large_image\" \/>\n<meta name=\"twitter:label1\" content=\"Escrito por\" \/>\n\t<meta name=\"twitter:data1\" content=\"kaue\" \/>\n\t<meta name=\"twitter:label2\" content=\"Est. tempo de leitura\" \/>\n\t<meta name=\"twitter:data2\" content=\"5 minutos\" \/>\n<script type=\"application\/ld+json\" class=\"yoast-schema-graph\">{\"@context\":\"https:\\\/\\\/schema.org\",\"@graph\":[{\"@type\":\"Article\",\"@id\":\"https:\\\/\\\/homolog.fluency.io\\\/br\\\/blog\\\/o-que-fazer-para-falar-em-publico-supere-o-medo-e-se-expresse\\\/#article\",\"isPartOf\":{\"@id\":\"https:\\\/\\\/homolog.fluency.io\\\/br\\\/blog\\\/o-que-fazer-para-falar-em-publico-supere-o-medo-e-se-expresse\\\/\"},\"author\":{\"name\":\"kaue\",\"@id\":\"https:\\\/\\\/homolog.fluency.io\\\/br\\\/#\\\/schema\\\/person\\\/7b3b2b50ba17b7f2ad0cce0a40bfa00a\"},\"headline\":\"O que Fazer para Falar em P\u00fablico: Supere o Medo e se Expresse\",\"datePublished\":\"2023-06-30T03:18:54+00:00\",\"dateModified\":\"2023-08-01T17:43:19+00:00\",\"mainEntityOfPage\":{\"@id\":\"https:\\\/\\\/homolog.fluency.io\\\/br\\\/blog\\\/o-que-fazer-para-falar-em-publico-supere-o-medo-e-se-expresse\\\/\"},\"wordCount\":981,\"commentCount\":0,\"articleSection\":[\"Skills\"],\"inLanguage\":\"pt-BR\",\"potentialAction\":[{\"@type\":\"CommentAction\",\"name\":\"Comment\",\"target\":[\"https:\\\/\\\/homolog.fluency.io\\\/br\\\/blog\\\/o-que-fazer-para-falar-em-publico-supere-o-medo-e-se-expresse\\\/#respond\"]}]},{\"@type\":\"WebPage\",\"@id\":\"https:\\\/\\\/homolog.fluency.io\\\/br\\\/blog\\\/o-que-fazer-para-falar-em-publico-supere-o-medo-e-se-expresse\\\/\",\"url\":\"https:\\\/\\\/homolog.fluency.io\\\/br\\\/blog\\\/o-que-fazer-para-falar-em-publico-supere-o-medo-e-se-expresse\\\/\",\"name\":\"O que Fazer para Falar em P\u00fablico: Supere o Medo e se Expresse - Fluency.io Brasil\",\"isPartOf\":{\"@id\":\"https:\\\/\\\/homolog.fluency.io\\\/br\\\/#website\"},\"datePublished\":\"2023-06-30T03:18:54+00:00\",\"dateModified\":\"2023-08-01T17:43:19+00:00\",\"author\":{\"@id\":\"https:\\\/\\\/homolog.fluency.io\\\/br\\\/#\\\/schema\\\/person\\\/7b3b2b50ba17b7f2ad0cce0a40bfa00a\"},\"description\":\"Descubra o que fazer para falar em p\u00fablico com confian\u00e7a e impacto. Conhe\u00e7a t\u00e9cnicas para superar o medo e aprimorar suas habilidades. Pratique, respire fu...\",\"breadcrumb\":{\"@id\":\"https:\\\/\\\/homolog.fluency.io\\\/br\\\/blog\\\/o-que-fazer-para-falar-em-publico-supere-o-medo-e-se-expresse\\\/#breadcrumb\"},\"inLanguage\":\"pt-BR\",\"potentialAction\":[{\"@type\":\"ReadAction\",\"target\":[\"https:\\\/\\\/homolog.fluency.io\\\/br\\\/blog\\\/o-que-fazer-para-falar-em-publico-supere-o-medo-e-se-expresse\\\/\"]}]},{\"@type\":\"BreadcrumbList\",\"@id\":\"https:\\\/\\\/homolog.fluency.io\\\/br\\\/blog\\\/o-que-fazer-para-falar-em-publico-supere-o-medo-e-se-expresse\\\/#breadcrumb\",\"itemListElement\":[{\"@type\":\"ListItem\",\"position\":1,\"name\":\"In\u00edcio\",\"item\":\"https:\\\/\\\/homolog.fluency.io\\\/br\\\/\"},{\"@type\":\"ListItem\",\"position\":2,\"name\":\"O que Fazer para Falar em P\u00fablico: Supere o Medo e se Expresse\"}]},{\"@type\":\"WebSite\",\"@id\":\"https:\\\/\\\/homolog.fluency.io\\\/br\\\/#website\",\"url\":\"https:\\\/\\\/homolog.fluency.io\\\/br\\\/\",\"name\":\"Fluency.io Brasil\",\"description\":\"\",\"potentialAction\":[{\"@type\":\"SearchAction\",\"target\":{\"@type\":\"EntryPoint\",\"urlTemplate\":\"https:\\\/\\\/homolog.fluency.io\\\/br\\\/?s={search_term_string}\"},\"query-input\":{\"@type\":\"PropertyValueSpecification\",\"valueRequired\":true,\"valueName\":\"search_term_string\"}}],\"inLanguage\":\"pt-BR\"},{\"@type\":\"Person\",\"@id\":\"https:\\\/\\\/homolog.fluency.io\\\/br\\\/#\\\/schema\\\/person\\\/7b3b2b50ba17b7f2ad0cce0a40bfa00a\",\"name\":\"kaue\",\"image\":{\"@type\":\"ImageObject\",\"inLanguage\":\"pt-BR\",\"@id\":\"https:\\\/\\\/secure.gravatar.com\\\/avatar\\\/bdd3958fa53019cfd8f789c0a49a730e7ba40a1d20cb42c9ced7646285842479?s=96&d=mm&r=g\",\"url\":\"https:\\\/\\\/secure.gravatar.com\\\/avatar\\\/bdd3958fa53019cfd8f789c0a49a730e7ba40a1d20cb42c9ced7646285842479?s=96&d=mm&r=g\",\"contentUrl\":\"https:\\\/\\\/secure.gravatar.com\\\/avatar\\\/bdd3958fa53019cfd8f789c0a49a730e7ba40a1d20cb42c9ced7646285842479?s=96&d=mm&r=g\",\"caption\":\"kaue\"},\"url\":\"https:\\\/\\\/homolog.fluency.io\\\/br\\\/author\\\/kaue\\\/\"}]}<\/script>\n<!-- \/ Yoast SEO plugin. -->","yoast_head_json":{"title":"O que Fazer para Falar em P\u00fablico: Supere o Medo e se Expresse - Fluency.io Brasil","description":"Descubra o que fazer para falar em p\u00fablico com confian\u00e7a e impacto. Conhe\u00e7a t\u00e9cnicas para superar o medo e aprimorar suas habilidades. Pratique, respire fu...","robots":{"index":"noindex","follow":"follow","max-snippet":"max-snippet:-1","max-image-preview":"max-image-preview:large","max-video-preview":"max-video-preview:-1"},"og_locale":"pt_BR","og_type":"article","og_title":"O que Fazer para Falar em P\u00fablico: Supere o Medo e se Expresse - Fluency.io Brasil","og_description":"Descubra o que fazer para falar em p\u00fablico com confian\u00e7a e impacto. Conhe\u00e7a t\u00e9cnicas para superar o medo e aprimorar suas habilidades. Pratique, respire fu...","og_url":"https:\/\/homolog.fluency.io\/br\/blog\/o-que-fazer-para-falar-em-publico-supere-o-medo-e-se-expresse\/","og_site_name":"Fluency.io Brasil","article_published_time":"2023-06-30T03:18:54+00:00","article_modified_time":"2023-08-01T17:43:19+00:00","twitter_card":"summary_large_image","twitter_misc":{"Escrito por":"kaue","Est. tempo de leitura":"5 minutos"},"schema":{"@context":"https:\/\/schema.org","@graph":[{"@type":"Article","@id":"https:\/\/homolog.fluency.io\/br\/blog\/o-que-fazer-para-falar-em-publico-supere-o-medo-e-se-expresse\/#article","isPartOf":{"@id":"https:\/\/homolog.fluency.io\/br\/blog\/o-que-fazer-para-falar-em-publico-supere-o-medo-e-se-expresse\/"},"author":{"name":"kaue","@id":"https:\/\/homolog.fluency.io\/br\/#\/schema\/person\/7b3b2b50ba17b7f2ad0cce0a40bfa00a"},"headline":"O que Fazer para Falar em P\u00fablico: Supere o Medo e se Expresse","datePublished":"2023-06-30T03:18:54+00:00","dateModified":"2023-08-01T17:43:19+00:00","mainEntityOfPage":{"@id":"https:\/\/homolog.fluency.io\/br\/blog\/o-que-fazer-para-falar-em-publico-supere-o-medo-e-se-expresse\/"},"wordCount":981,"commentCount":0,"articleSection":["Skills"],"inLanguage":"pt-BR","potentialAction":[{"@type":"CommentAction","name":"Comment","target":["https:\/\/homolog.fluency.io\/br\/blog\/o-que-fazer-para-falar-em-publico-supere-o-medo-e-se-expresse\/#respond"]}]},{"@type":"WebPage","@id":"https:\/\/homolog.fluency.io\/br\/blog\/o-que-fazer-para-falar-em-publico-supere-o-medo-e-se-expresse\/","url":"https:\/\/homolog.fluency.io\/br\/blog\/o-que-fazer-para-falar-em-publico-supere-o-medo-e-se-expresse\/","name":"O que Fazer para Falar em P\u00fablico: Supere o Medo e se Expresse - Fluency.io Brasil","isPartOf":{"@id":"https:\/\/homolog.fluency.io\/br\/#website"},"datePublished":"2023-06-30T03:18:54+00:00","dateModified":"2023-08-01T17:43:19+00:00","author":{"@id":"https:\/\/homolog.fluency.io\/br\/#\/schema\/person\/7b3b2b50ba17b7f2ad0cce0a40bfa00a"},"description":"Descubra o que fazer para falar em p\u00fablico com confian\u00e7a e impacto. Conhe\u00e7a t\u00e9cnicas para superar o medo e aprimorar suas habilidades. Pratique, respire fu...","breadcrumb":{"@id":"https:\/\/homolog.fluency.io\/br\/blog\/o-que-fazer-para-falar-em-publico-supere-o-medo-e-se-expresse\/#breadcrumb"},"inLanguage":"pt-BR","potentialAction":[{"@type":"ReadAction","target":["https:\/\/homolog.fluency.io\/br\/blog\/o-que-fazer-para-falar-em-publico-supere-o-medo-e-se-expresse\/"]}]},{"@type":"BreadcrumbList","@id":"https:\/\/homolog.fluency.io\/br\/blog\/o-que-fazer-para-falar-em-publico-supere-o-medo-e-se-expresse\/#breadcrumb","itemListElement":[{"@type":"ListItem","position":1,"name":"In\u00edcio","item":"https:\/\/homolog.fluency.io\/br\/"},{"@type":"ListItem","position":2,"name":"O que Fazer para Falar em P\u00fablico: Supere o Medo e se Expresse"}]},{"@type":"WebSite","@id":"https:\/\/homolog.fluency.io\/br\/#website","url":"https:\/\/homolog.fluency.io\/br\/","name":"Fluency.io Brasil","description":"","potentialAction":[{"@type":"SearchAction","target":{"@type":"EntryPoint","urlTemplate":"https:\/\/homolog.fluency.io\/br\/?s={search_term_string}"},"query-input":{"@type":"PropertyValueSpecification","valueRequired":true,"valueName":"search_term_string"}}],"inLanguage":"pt-BR"},{"@type":"Person","@id":"https:\/\/homolog.fluency.io\/br\/#\/schema\/person\/7b3b2b50ba17b7f2ad0cce0a40bfa00a","name":"kaue","image":{"@type":"ImageObject","inLanguage":"pt-BR","@id":"https:\/\/secure.gravatar.com\/avatar\/bdd3958fa53019cfd8f789c0a49a730e7ba40a1d20cb42c9ced7646285842479?s=96&d=mm&r=g","url":"https:\/\/secure.gravatar.com\/avatar\/bdd3958fa53019cfd8f789c0a49a730e7ba40a1d20cb42c9ced7646285842479?s=96&d=mm&r=g","contentUrl":"https:\/\/secure.gravatar.com\/avatar\/bdd3958fa53019cfd8f789c0a49a730e7ba40a1d20cb42c9ced7646285842479?s=96&d=mm&r=g","caption":"kaue"},"url":"https:\/\/homolog.fluency.io\/br\/author\/kaue\/"}]}},"_links":{"self":[{"href":"https:\/\/homolog.fluency.io\/br\/wp-json\/wp\/v2\/posts\/124386","targetHints":{"allow":["GET"]}}],"collection":[{"href":"https:\/\/homolog.fluency.io\/br\/wp-json\/wp\/v2\/posts"}],"about":[{"href":"https:\/\/homolog.fluency.io\/br\/wp-json\/wp\/v2\/types\/post"}],"author":[{"embeddable":true,"href":"https:\/\/homolog.fluency.io\/br\/wp-json\/wp\/v2\/users\/9"}],"replies":[{"embeddable":true,"href":"https:\/\/homolog.fluency.io\/br\/wp-json\/wp\/v2\/comments?post=124386"}],"version-history":[{"count":0,"href":"https:\/\/homolog.fluency.io\/br\/wp-json\/wp\/v2\/posts\/124386\/revisions"}],"wp:attachment":[{"href":"https:\/\/homolog.fluency.io\/br\/wp-json\/wp\/v2\/media?parent=124386"}],"wp:term":[{"taxonomy":"category","embeddable":true,"href":"https:\/\/homolog.fluency.io\/br\/wp-json\/wp\/v2\/categories?post=124386"},{"taxonomy":"post_tag","embeddable":true,"href":"https:\/\/homolog.fluency.io\/br\/wp-json\/wp\/v2\/tags?post=124386"},{"taxonomy":"format","embeddable":true,"href":"https:\/\/homolog.fluency.io\/br\/wp-json\/wp\/v2\/format?post=124386"},{"taxonomy":"trilha","embeddable":true,"href":"https:\/\/homolog.fluency.io\/br\/wp-json\/wp\/v2\/trilha?post=124386"}],"curies":[{"name":"wp","href":"https:\/\/api.w.org\/{rel}","templated":true}]}}