{"id":124387,"date":"2023-06-30T00:20:47","date_gmt":"2023-06-30T03:20:47","guid":{"rendered":"https:\/\/fluency.io\/br\/blog\/o-que-medo-de-falar-em-publico-emocoes-e-reacoes-diante-da-audiencia\/"},"modified":"2023-08-01T14:43:22","modified_gmt":"2023-08-01T17:43:22","slug":"o-que-medo-de-falar-em-publico-emocoes-e-reacoes-diante-da-audiencia","status":"publish","type":"post","link":"https:\/\/homolog.fluency.io\/br\/blog\/o-que-medo-de-falar-em-publico-emocoes-e-reacoes-diante-da-audiencia\/","title":{"rendered":"O que Medo de Falar em P\u00fablico: Emo\u00e7\u00f5es e Rea\u00e7\u00f5es Diante da Audi\u00eancia"},"content":{"rendered":"<p><!DOCTYPE html><br \/>\n<html><\/p>\n<p><head><br \/>\n  <title><a target=\"_blank\" href=\"https:\/\/www.mackenzie.br\/noticias\/artigo\/n\/a\/i\/medo-de-falar-em-publico-e-maior-do-que-da-morte-diz-estudo\" rel=\"noopener\">Superando o Medo de Falar em P\u00fablico<\/a><\/title><br \/>\n<\/head><\/p>\n<p><body><\/p>\n<h2>Superando o Medo de Falar em P\u00fablico<\/h2>\n<ul>\n<li><a target=\"_blank\" href=\"https:\/\/zenklub.com.br\/blog\/para-voce\/ansiedade\/\" rel=\"noopener\">Reconhecer a ansiedade como algo natural<\/a> e esperado ao falar em p\u00fablico.<\/li>\n<li>Realizar uma prepara\u00e7\u00e3o adequada e pr\u00e1tica para a apresenta\u00e7\u00e3o.<\/li>\n<li><a target=\"_blank\" href=\"https:\/\/blog.trello.com\/br\/estresse-trabalho\" rel=\"noopener\">Utilizar t\u00e9cnicas de respira\u00e7\u00e3o e relaxamento<\/a> para controlar o nervosismo.<\/li>\n<li><a target=\"_blank\" href=\"https:\/\/www.curitiba.pr.gov.br\/noticias\/fala-curitiba-exemplos-de-sucesso-despertam-a-confianca-da-comunidade\/68924\" rel=\"noopener\">Visualizar o sucesso e a confian\u00e7a<\/a> ao se apresentar.<\/li>\n<li><a target=\"_blank\" href=\"https:\/\/br.pinterest.com\/pin\/752664156453215201\/\" rel=\"noopener\">Fazer um ensaio pr\u00e9vio com amigos ou familiares<\/a> para ganhar mais confian\u00e7a.<\/li>\n<li>Enfrentar o medo gradualmente, come\u00e7ando com pequenas audi\u00eancias e aumentando gradualmente a exposi\u00e7\u00e3o.<\/li>\n<li>Buscar apoio de um terapeuta ou grupo de suporte para lidar com o medo.<\/li>\n<li>Ter uma mentalidade positiva e acreditar em si mesmo.<\/li>\n<\/ul>\n<h3>Entendendo as Emo\u00e7\u00f5es ao se Apresentar<\/h3>\n<ul>\n<li>Reconhecer a import\u00e2ncia das emo\u00e7\u00f5es ao se apresentar.<\/li>\n<li>Compreender que o medo de falar em p\u00fablico \u00e9 uma resposta emocional natural.<\/li>\n<li>Entender que o medo pode ser uma motiva\u00e7\u00e3o para se preparar melhor e realizar uma apresenta\u00e7\u00e3o de qualidade.<\/li>\n<li>Identificar as emo\u00e7\u00f5es espec\u00edficas que surgem ao falar em p\u00fablico, como ansiedade, nervosismo, medo do julgamento dos outros, entre outras.<\/li>\n<li>Saber que emo\u00e7\u00f5es negativas podem ser transformadas em emo\u00e7\u00f5es positivas e motivadoras com o uso de t\u00e9cnicas adequadas.<\/li>\n<li>Exercitar a intelig\u00eancia emocional ao se apresentar, compreendendo e controlando as emo\u00e7\u00f5es pr\u00f3prias e percebendo as emo\u00e7\u00f5es da audi\u00eancia.<\/li>\n<li>Utilizar t\u00e9cnicas de respira\u00e7\u00e3o e relaxamento para manejar as emo\u00e7\u00f5es antes e durante a apresenta\u00e7\u00e3o.<\/li>\n<li>Desenvolver a capacidade de adaptar-se \u00e0s emo\u00e7\u00f5es da audi\u00eancia, buscando uma conex\u00e3o emocional e uma comunica\u00e7\u00e3o efetiva.<\/li>\n<\/ul>\n<p>Entender e adaptar-se \u00e0s emo\u00e7\u00f5es da audi\u00eancia tamb\u00e9m \u00e9 essencial. Ao perceber e responder \u00e0s emo\u00e7\u00f5es da plateia, \u00e9 poss\u00edvel estabelecer uma conex\u00e3o mais forte e engajar o p\u00fablico de forma efetiva. Isso pode envolver ajustar o tom de voz, a linguagem corporal e a entrega da apresenta\u00e7\u00e3o para atender \u00e0s necessidades e rea\u00e7\u00f5es emocionais da audi\u00eancia.<\/p>\n<p>Em resumo, superar o medo de falar em p\u00fablico e entender as emo\u00e7\u00f5es ao se apresentar s\u00e3o partes essenciais do processo de apresenta\u00e7\u00e3o. Reconhecer que o medo \u00e9 natural e esperado, realizar uma prepara\u00e7\u00e3o adequada, utilizar t\u00e9cnicas de respira\u00e7\u00e3o e relaxamento, visualizar o sucesso, praticar com amigos ou familiares, enfrentar o medo gradualmente, buscar apoio e desenvolver uma mentalidade positiva s\u00e3o estrat\u00e9gias que podem ajudar a superar o medo de falar em p\u00fablico. Al\u00e9m disso, compreender as emo\u00e7\u00f5es envolvidas na apresenta\u00e7\u00e3o, identificar emo\u00e7\u00f5es espec\u00edficas, transformar emo\u00e7\u00f5es negativas em positivas, desenvolver a intelig\u00eancia emocional e adaptar-se \u00e0s emo\u00e7\u00f5es da audi\u00eancia s\u00e3o formas de lidar com as emo\u00e7\u00f5es ao se apresentar.<\/p>\n<h3>Rea\u00e7\u00f5es Comuns Diante da Audi\u00eancia<\/h3>\n<ul>\n<li>Sentimento de ansiedade: O medo de falar em p\u00fablico \u00e9 geralmente acompanhado por uma sensa\u00e7\u00e3o intensa de ansiedade. A pessoa pode sentir tremores, suor excessivo, boca seca e cora\u00e7\u00e3o acelerado antes e durante a apresenta\u00e7\u00e3o.<\/li>\n<li>Nervosismo: \u00c9 comum sentir-se nervoso antes de falar em p\u00fablico. Os pensamentos de que algo pode dar errado ou que a audi\u00eancia n\u00e3o ir\u00e1 gostar da apresenta\u00e7\u00e3o podem levar ao nervosismo.<\/li>\n<li>Falhas de mem\u00f3ria: O medo de falar em p\u00fablico pode afetar a capacidade de lembrar os pontos-chave da apresenta\u00e7\u00e3o. A ansiedade pode levar a brancos mentais e dificuldade em articular as ideias de forma clara.<\/li>\n<li>Medo de julgamento: Muitas pessoas que t\u00eam medo de falar em p\u00fablico temem ser julgadas pela audi\u00eancia. Elas se preocupam com a possibilidade de serem criticadas ou de n\u00e3o alcan\u00e7arem as expectativas dos ouvintes.<\/li>\n<li>Timidez: O medo de falar em p\u00fablico pode estar ligado \u00e0 timidez. Pessoas t\u00edmidas t\u00eam dificuldade em se expor e se sentir confort\u00e1veis em situa\u00e7\u00f5es sociais, como apresenta\u00e7\u00f5es em p\u00fablico.<\/li>\n<\/ul>\n<h3>Estrat\u00e9gias para Lidar com o Medo de Falar em P\u00fablico<\/h3>\n<ul>\n<li>Pratique e se prepare: A pr\u00e1tica \u00e9 fundamental para ganhar confian\u00e7a ao falar em p\u00fablico. Ensaiar a apresenta\u00e7\u00e3o v\u00e1rias vezes, visualizar o sucesso e antecipar poss\u00edveis perguntas da audi\u00eancia pode reduzir a ansiedade e aumentar a confian\u00e7a.<\/li>\n<li>Conhe\u00e7a o assunto: Tenha um bom dom\u00ednio sobre o assunto que ser\u00e1 apresentado. Quanto mais bem preparado estiver, mais seguro se sentir\u00e1 ao falar sobre o tema. Estudar e pesquisar sobre o assunto tamb\u00e9m ajuda a responder perguntas de forma mais assertiva.<\/li>\n<li>Respire fundo: Antes de iniciar a apresenta\u00e7\u00e3o, respire fundo e lentamente algumas vezes para acalmar os nervos. A respira\u00e7\u00e3o profunda pode ajudar a relaxar e diminuir a ansiedade.<\/li>\n<li>Foque na audi\u00eancia: Em vez de se concentrar no pr\u00f3prio medo, direcione sua aten\u00e7\u00e3o para a audi\u00eancia. Pense em como ajudar e transmitir informa\u00e7\u00f5es \u00fateis para as pessoas. Essa mudan\u00e7a de foco pode ajudar a diminuir o medo e melhorar a comunica\u00e7\u00e3o.<\/li>\n<li>Comece com pequenos p\u00fablicos: Se iniciar com grandes audi\u00eancias \u00e9 muito assustador, comece com grupos menores. Apresente para amigos, familiares ou colegas de trabalho e ganhe confian\u00e7a gradualmente ao falar em p\u00fablico.<\/li>\n<li>Busque apoio: Compartilhar seus medos e preocupa\u00e7\u00f5es com outras pessoas pode ajudar a aliviar o estresse. Procure grupos de apoio, mentores ou at\u00e9 mesmo um profissional para ajud\u00e1-lo a lidar com o medo de falar em p\u00fablico.<\/li>\n<\/ul>\n<p>O medo de falar em p\u00fablico pode ser superado com pr\u00e1tica e estrat\u00e9gias adequadas. Aprender a controlar a ansiedade, se preparar adequadamente e direcionar sua aten\u00e7\u00e3o para a audi\u00eancia s\u00e3o passos importantes para se tornar um comunicador mais confiante.<\/p>\n<p>Ao aplicar essas estrat\u00e9gias, o medo de falar em p\u00fablico pode ser transformado em uma oportunidade para crescimento pessoal e profissional. Lembre-se de que pequenos passos podem levar a grandes conquistas, e n\u00e3o h\u00e1 problema em buscar ajuda para superar esse medo. A pr\u00e1tica constante e o enfrentamento gradual das situa\u00e7\u00f5es de falar em p\u00fablico permitir\u00e3o que voc\u00ea ganhe confian\u00e7a, melhore suas habilidades de comunica\u00e7\u00e3o e alcance seus objetivos com sucesso.<\/p>\n<p>Desenvolva a sua carreira hoje mesmo! Conhe\u00e7a a <a href=\"https:\/\/fluency.io\/br\/blog\/?utm_source=blog\">Awari<\/a>.<\/p>\n<p>A Awari \u00e9 uma plataforma de ensino completa que conta com mentorias individuais, cursos com aulas ao vivo e suporte de carreira para voc\u00ea dar seu pr\u00f3ximo passo profissional. Quer aprender mais sobre as t\u00e9cnicas necess\u00e1rias para se tornar um profissional de relev\u00e2ncia e sucesso? Conhe\u00e7a <a href=\"https:\/\/fluency.io\/br\/blog\/cursos?utm_source=blog\">nossos cursos<\/a> e desenvolva compet\u00eancias essenciais com jornada personalizada, para desenvolver e evoluir seu curr\u00edculo, o seu pessoal e materiais complementares desenvolvidos por especialistas no mercado!<\/p>\n<p><\/body><\/p>\n<p><\/html><\/p>\n","protected":false},"excerpt":{"rendered":"<p>Summary:<br \/>\nSuperando o Medo de Falar em P\u00fablico: Reconhe\u00e7a a ansiedade como algo natural, realize uma prepara\u00e7\u00e3o adequada, utilize t\u00e9cnicas de respira\u00e7\u00e3o e relaxamento, pratique com amigos, enfrente o medo gradualmente e busque apoio. Entenda as emo\u00e7\u00f5es ao se apresentar e adapte-se \u00e0 audi\u00eancia. Lidar com o medo envolve reconhecer as rea\u00e7\u00f5es comuns, como ansiedade e nervosismo. Estrat\u00e9gias para superar o medo incluem praticar e se preparar, conhecer o assunto, respirar fundo, focar na audi\u00eancia, come\u00e7ar com pequenos p\u00fablicos e buscar apoio. Com essas estrat\u00e9gias, o medo pode ser superado para desenvolver habilidades de comunica\u00e7\u00e3o e alcan\u00e7ar o sucesso profissional.<\/p>\n","protected":false},"author":9,"featured_media":0,"comment_status":"open","ping_status":"open","sticky":false,"template":"","format":[186],"meta":{"inline_featured_image":false,"footnotes":""},"categories":[229],"tags":[],"trilha":[],"class_list":["post-124387","post","type-post","status-publish","format-standard","hentry","category-skills","format-artigos"],"acf":[],"yoast_head":"<!-- This site is optimized with the Yoast SEO plugin v27.4 - https:\/\/yoast.com\/product\/yoast-seo-wordpress\/ -->\n<title>O que Medo de Falar em P\u00fablico: Emo\u00e7\u00f5es e Rea\u00e7\u00f5es Diante da Audi\u00eancia - Fluency.io Brasil<\/title>\n<meta name=\"description\" content=\"Summary: Superando o Medo de Falar em P\u00fablico: Reconhe\u00e7a a ansiedade como algo natural, realize uma prepara\u00e7\u00e3o adequada, utilize t\u00e9cnicas de respira\u00e7\u00e3o e r...\" \/>\n<meta name=\"robots\" content=\"noindex, follow, max-snippet:-1, max-image-preview:large, max-video-preview:-1\" \/>\n<meta property=\"og:locale\" content=\"pt_BR\" \/>\n<meta property=\"og:type\" content=\"article\" \/>\n<meta property=\"og:title\" content=\"O que Medo de Falar em P\u00fablico: Emo\u00e7\u00f5es e Rea\u00e7\u00f5es Diante da Audi\u00eancia - Fluency.io Brasil\" \/>\n<meta property=\"og:description\" content=\"Summary: Superando o Medo de Falar em P\u00fablico: Reconhe\u00e7a a ansiedade como algo natural, realize uma prepara\u00e7\u00e3o adequada, utilize t\u00e9cnicas de respira\u00e7\u00e3o e r...\" \/>\n<meta property=\"og:url\" content=\"https:\/\/homolog.fluency.io\/br\/blog\/o-que-medo-de-falar-em-publico-emocoes-e-reacoes-diante-da-audiencia\/\" \/>\n<meta property=\"og:site_name\" content=\"Fluency.io Brasil\" \/>\n<meta property=\"article:published_time\" content=\"2023-06-30T03:20:47+00:00\" \/>\n<meta property=\"article:modified_time\" content=\"2023-08-01T17:43:22+00:00\" \/>\n<meta name=\"twitter:card\" content=\"summary_large_image\" \/>\n<meta name=\"twitter:label1\" content=\"Escrito por\" \/>\n\t<meta name=\"twitter:data1\" content=\"kaue\" \/>\n\t<meta name=\"twitter:label2\" content=\"Est. tempo de leitura\" \/>\n\t<meta name=\"twitter:data2\" content=\"6 minutos\" \/>\n<script type=\"application\/ld+json\" class=\"yoast-schema-graph\">{\"@context\":\"https:\\\/\\\/schema.org\",\"@graph\":[{\"@type\":\"Article\",\"@id\":\"https:\\\/\\\/homolog.fluency.io\\\/br\\\/blog\\\/o-que-medo-de-falar-em-publico-emocoes-e-reacoes-diante-da-audiencia\\\/#article\",\"isPartOf\":{\"@id\":\"https:\\\/\\\/homolog.fluency.io\\\/br\\\/blog\\\/o-que-medo-de-falar-em-publico-emocoes-e-reacoes-diante-da-audiencia\\\/\"},\"author\":{\"name\":\"kaue\",\"@id\":\"https:\\\/\\\/homolog.fluency.io\\\/br\\\/#\\\/schema\\\/person\\\/7b3b2b50ba17b7f2ad0cce0a40bfa00a\"},\"headline\":\"O que Medo de Falar em P\u00fablico: Emo\u00e7\u00f5es e Rea\u00e7\u00f5es Diante da Audi\u00eancia\",\"datePublished\":\"2023-06-30T03:20:47+00:00\",\"dateModified\":\"2023-08-01T17:43:22+00:00\",\"mainEntityOfPage\":{\"@id\":\"https:\\\/\\\/homolog.fluency.io\\\/br\\\/blog\\\/o-que-medo-de-falar-em-publico-emocoes-e-reacoes-diante-da-audiencia\\\/\"},\"wordCount\":1145,\"commentCount\":0,\"articleSection\":[\"Skills\"],\"inLanguage\":\"pt-BR\",\"potentialAction\":[{\"@type\":\"CommentAction\",\"name\":\"Comment\",\"target\":[\"https:\\\/\\\/homolog.fluency.io\\\/br\\\/blog\\\/o-que-medo-de-falar-em-publico-emocoes-e-reacoes-diante-da-audiencia\\\/#respond\"]}]},{\"@type\":\"WebPage\",\"@id\":\"https:\\\/\\\/homolog.fluency.io\\\/br\\\/blog\\\/o-que-medo-de-falar-em-publico-emocoes-e-reacoes-diante-da-audiencia\\\/\",\"url\":\"https:\\\/\\\/homolog.fluency.io\\\/br\\\/blog\\\/o-que-medo-de-falar-em-publico-emocoes-e-reacoes-diante-da-audiencia\\\/\",\"name\":\"O que Medo de Falar em P\u00fablico: Emo\u00e7\u00f5es e Rea\u00e7\u00f5es Diante da Audi\u00eancia - Fluency.io Brasil\",\"isPartOf\":{\"@id\":\"https:\\\/\\\/homolog.fluency.io\\\/br\\\/#website\"},\"datePublished\":\"2023-06-30T03:20:47+00:00\",\"dateModified\":\"2023-08-01T17:43:22+00:00\",\"author\":{\"@id\":\"https:\\\/\\\/homolog.fluency.io\\\/br\\\/#\\\/schema\\\/person\\\/7b3b2b50ba17b7f2ad0cce0a40bfa00a\"},\"description\":\"Summary: Superando o Medo de Falar em P\u00fablico: Reconhe\u00e7a a ansiedade como algo natural, realize uma prepara\u00e7\u00e3o adequada, utilize t\u00e9cnicas de respira\u00e7\u00e3o e r...\",\"breadcrumb\":{\"@id\":\"https:\\\/\\\/homolog.fluency.io\\\/br\\\/blog\\\/o-que-medo-de-falar-em-publico-emocoes-e-reacoes-diante-da-audiencia\\\/#breadcrumb\"},\"inLanguage\":\"pt-BR\",\"potentialAction\":[{\"@type\":\"ReadAction\",\"target\":[\"https:\\\/\\\/homolog.fluency.io\\\/br\\\/blog\\\/o-que-medo-de-falar-em-publico-emocoes-e-reacoes-diante-da-audiencia\\\/\"]}]},{\"@type\":\"BreadcrumbList\",\"@id\":\"https:\\\/\\\/homolog.fluency.io\\\/br\\\/blog\\\/o-que-medo-de-falar-em-publico-emocoes-e-reacoes-diante-da-audiencia\\\/#breadcrumb\",\"itemListElement\":[{\"@type\":\"ListItem\",\"position\":1,\"name\":\"In\u00edcio\",\"item\":\"https:\\\/\\\/homolog.fluency.io\\\/br\\\/\"},{\"@type\":\"ListItem\",\"position\":2,\"name\":\"O que Medo de Falar em P\u00fablico: Emo\u00e7\u00f5es e Rea\u00e7\u00f5es Diante da Audi\u00eancia\"}]},{\"@type\":\"WebSite\",\"@id\":\"https:\\\/\\\/homolog.fluency.io\\\/br\\\/#website\",\"url\":\"https:\\\/\\\/homolog.fluency.io\\\/br\\\/\",\"name\":\"Fluency.io Brasil\",\"description\":\"\",\"potentialAction\":[{\"@type\":\"SearchAction\",\"target\":{\"@type\":\"EntryPoint\",\"urlTemplate\":\"https:\\\/\\\/homolog.fluency.io\\\/br\\\/?s={search_term_string}\"},\"query-input\":{\"@type\":\"PropertyValueSpecification\",\"valueRequired\":true,\"valueName\":\"search_term_string\"}}],\"inLanguage\":\"pt-BR\"},{\"@type\":\"Person\",\"@id\":\"https:\\\/\\\/homolog.fluency.io\\\/br\\\/#\\\/schema\\\/person\\\/7b3b2b50ba17b7f2ad0cce0a40bfa00a\",\"name\":\"kaue\",\"image\":{\"@type\":\"ImageObject\",\"inLanguage\":\"pt-BR\",\"@id\":\"https:\\\/\\\/secure.gravatar.com\\\/avatar\\\/bdd3958fa53019cfd8f789c0a49a730e7ba40a1d20cb42c9ced7646285842479?s=96&d=mm&r=g\",\"url\":\"https:\\\/\\\/secure.gravatar.com\\\/avatar\\\/bdd3958fa53019cfd8f789c0a49a730e7ba40a1d20cb42c9ced7646285842479?s=96&d=mm&r=g\",\"contentUrl\":\"https:\\\/\\\/secure.gravatar.com\\\/avatar\\\/bdd3958fa53019cfd8f789c0a49a730e7ba40a1d20cb42c9ced7646285842479?s=96&d=mm&r=g\",\"caption\":\"kaue\"},\"url\":\"https:\\\/\\\/homolog.fluency.io\\\/br\\\/author\\\/kaue\\\/\"}]}<\/script>\n<!-- \/ Yoast SEO plugin. -->","yoast_head_json":{"title":"O que Medo de Falar em P\u00fablico: Emo\u00e7\u00f5es e Rea\u00e7\u00f5es Diante da Audi\u00eancia - Fluency.io Brasil","description":"Summary: Superando o Medo de Falar em P\u00fablico: Reconhe\u00e7a a ansiedade como algo natural, realize uma prepara\u00e7\u00e3o adequada, utilize t\u00e9cnicas de respira\u00e7\u00e3o e r...","robots":{"index":"noindex","follow":"follow","max-snippet":"max-snippet:-1","max-image-preview":"max-image-preview:large","max-video-preview":"max-video-preview:-1"},"og_locale":"pt_BR","og_type":"article","og_title":"O que Medo de Falar em P\u00fablico: Emo\u00e7\u00f5es e Rea\u00e7\u00f5es Diante da Audi\u00eancia - Fluency.io Brasil","og_description":"Summary: Superando o Medo de Falar em P\u00fablico: Reconhe\u00e7a a ansiedade como algo natural, realize uma prepara\u00e7\u00e3o adequada, utilize t\u00e9cnicas de respira\u00e7\u00e3o e r...","og_url":"https:\/\/homolog.fluency.io\/br\/blog\/o-que-medo-de-falar-em-publico-emocoes-e-reacoes-diante-da-audiencia\/","og_site_name":"Fluency.io Brasil","article_published_time":"2023-06-30T03:20:47+00:00","article_modified_time":"2023-08-01T17:43:22+00:00","twitter_card":"summary_large_image","twitter_misc":{"Escrito por":"kaue","Est. tempo de leitura":"6 minutos"},"schema":{"@context":"https:\/\/schema.org","@graph":[{"@type":"Article","@id":"https:\/\/homolog.fluency.io\/br\/blog\/o-que-medo-de-falar-em-publico-emocoes-e-reacoes-diante-da-audiencia\/#article","isPartOf":{"@id":"https:\/\/homolog.fluency.io\/br\/blog\/o-que-medo-de-falar-em-publico-emocoes-e-reacoes-diante-da-audiencia\/"},"author":{"name":"kaue","@id":"https:\/\/homolog.fluency.io\/br\/#\/schema\/person\/7b3b2b50ba17b7f2ad0cce0a40bfa00a"},"headline":"O que Medo de Falar em P\u00fablico: Emo\u00e7\u00f5es e Rea\u00e7\u00f5es Diante da Audi\u00eancia","datePublished":"2023-06-30T03:20:47+00:00","dateModified":"2023-08-01T17:43:22+00:00","mainEntityOfPage":{"@id":"https:\/\/homolog.fluency.io\/br\/blog\/o-que-medo-de-falar-em-publico-emocoes-e-reacoes-diante-da-audiencia\/"},"wordCount":1145,"commentCount":0,"articleSection":["Skills"],"inLanguage":"pt-BR","potentialAction":[{"@type":"CommentAction","name":"Comment","target":["https:\/\/homolog.fluency.io\/br\/blog\/o-que-medo-de-falar-em-publico-emocoes-e-reacoes-diante-da-audiencia\/#respond"]}]},{"@type":"WebPage","@id":"https:\/\/homolog.fluency.io\/br\/blog\/o-que-medo-de-falar-em-publico-emocoes-e-reacoes-diante-da-audiencia\/","url":"https:\/\/homolog.fluency.io\/br\/blog\/o-que-medo-de-falar-em-publico-emocoes-e-reacoes-diante-da-audiencia\/","name":"O que Medo de Falar em P\u00fablico: Emo\u00e7\u00f5es e Rea\u00e7\u00f5es Diante da Audi\u00eancia - Fluency.io Brasil","isPartOf":{"@id":"https:\/\/homolog.fluency.io\/br\/#website"},"datePublished":"2023-06-30T03:20:47+00:00","dateModified":"2023-08-01T17:43:22+00:00","author":{"@id":"https:\/\/homolog.fluency.io\/br\/#\/schema\/person\/7b3b2b50ba17b7f2ad0cce0a40bfa00a"},"description":"Summary: Superando o Medo de Falar em P\u00fablico: Reconhe\u00e7a a ansiedade como algo natural, realize uma prepara\u00e7\u00e3o adequada, utilize t\u00e9cnicas de respira\u00e7\u00e3o e r...","breadcrumb":{"@id":"https:\/\/homolog.fluency.io\/br\/blog\/o-que-medo-de-falar-em-publico-emocoes-e-reacoes-diante-da-audiencia\/#breadcrumb"},"inLanguage":"pt-BR","potentialAction":[{"@type":"ReadAction","target":["https:\/\/homolog.fluency.io\/br\/blog\/o-que-medo-de-falar-em-publico-emocoes-e-reacoes-diante-da-audiencia\/"]}]},{"@type":"BreadcrumbList","@id":"https:\/\/homolog.fluency.io\/br\/blog\/o-que-medo-de-falar-em-publico-emocoes-e-reacoes-diante-da-audiencia\/#breadcrumb","itemListElement":[{"@type":"ListItem","position":1,"name":"In\u00edcio","item":"https:\/\/homolog.fluency.io\/br\/"},{"@type":"ListItem","position":2,"name":"O que Medo de Falar em P\u00fablico: Emo\u00e7\u00f5es e Rea\u00e7\u00f5es Diante da Audi\u00eancia"}]},{"@type":"WebSite","@id":"https:\/\/homolog.fluency.io\/br\/#website","url":"https:\/\/homolog.fluency.io\/br\/","name":"Fluency.io Brasil","description":"","potentialAction":[{"@type":"SearchAction","target":{"@type":"EntryPoint","urlTemplate":"https:\/\/homolog.fluency.io\/br\/?s={search_term_string}"},"query-input":{"@type":"PropertyValueSpecification","valueRequired":true,"valueName":"search_term_string"}}],"inLanguage":"pt-BR"},{"@type":"Person","@id":"https:\/\/homolog.fluency.io\/br\/#\/schema\/person\/7b3b2b50ba17b7f2ad0cce0a40bfa00a","name":"kaue","image":{"@type":"ImageObject","inLanguage":"pt-BR","@id":"https:\/\/secure.gravatar.com\/avatar\/bdd3958fa53019cfd8f789c0a49a730e7ba40a1d20cb42c9ced7646285842479?s=96&d=mm&r=g","url":"https:\/\/secure.gravatar.com\/avatar\/bdd3958fa53019cfd8f789c0a49a730e7ba40a1d20cb42c9ced7646285842479?s=96&d=mm&r=g","contentUrl":"https:\/\/secure.gravatar.com\/avatar\/bdd3958fa53019cfd8f789c0a49a730e7ba40a1d20cb42c9ced7646285842479?s=96&d=mm&r=g","caption":"kaue"},"url":"https:\/\/homolog.fluency.io\/br\/author\/kaue\/"}]}},"_links":{"self":[{"href":"https:\/\/homolog.fluency.io\/br\/wp-json\/wp\/v2\/posts\/124387","targetHints":{"allow":["GET"]}}],"collection":[{"href":"https:\/\/homolog.fluency.io\/br\/wp-json\/wp\/v2\/posts"}],"about":[{"href":"https:\/\/homolog.fluency.io\/br\/wp-json\/wp\/v2\/types\/post"}],"author":[{"embeddable":true,"href":"https:\/\/homolog.fluency.io\/br\/wp-json\/wp\/v2\/users\/9"}],"replies":[{"embeddable":true,"href":"https:\/\/homolog.fluency.io\/br\/wp-json\/wp\/v2\/comments?post=124387"}],"version-history":[{"count":0,"href":"https:\/\/homolog.fluency.io\/br\/wp-json\/wp\/v2\/posts\/124387\/revisions"}],"wp:attachment":[{"href":"https:\/\/homolog.fluency.io\/br\/wp-json\/wp\/v2\/media?parent=124387"}],"wp:term":[{"taxonomy":"category","embeddable":true,"href":"https:\/\/homolog.fluency.io\/br\/wp-json\/wp\/v2\/categories?post=124387"},{"taxonomy":"post_tag","embeddable":true,"href":"https:\/\/homolog.fluency.io\/br\/wp-json\/wp\/v2\/tags?post=124387"},{"taxonomy":"format","embeddable":true,"href":"https:\/\/homolog.fluency.io\/br\/wp-json\/wp\/v2\/format?post=124387"},{"taxonomy":"trilha","embeddable":true,"href":"https:\/\/homolog.fluency.io\/br\/wp-json\/wp\/v2\/trilha?post=124387"}],"curies":[{"name":"wp","href":"https:\/\/api.w.org\/{rel}","templated":true}]}}