{"id":124388,"date":"2023-06-30T00:22:02","date_gmt":"2023-06-30T03:22:02","guid":{"rendered":"https:\/\/fluency.io\/br\/blog\/o-que-e-facilidade-de-falar-em-publico-tracos-da-comunicacao-natural\/"},"modified":"2023-08-01T14:43:25","modified_gmt":"2023-08-01T17:43:25","slug":"o-que-e-facilidade-de-falar-em-publico-tracos-da-comunicacao-natural","status":"publish","type":"post","link":"https:\/\/homolog.fluency.io\/br\/blog\/o-que-e-facilidade-de-falar-em-publico-tracos-da-comunicacao-natural\/","title":{"rendered":"O que \u00e9 Facilidade de Falar em P\u00fablico: Tra\u00e7os da Comunica\u00e7\u00e3o Natural"},"content":{"rendered":"<p><!DOCTYPE html><br \/>\n<html><br \/>\n<head><br \/>\n<\/head><br \/>\n<body><\/p>\n<h2>A <a target=\"_blank\" href=\"https:\/\/ead.pucgoias.edu.br\/blog\/medo-de-falar-em-publico\" rel=\"noopener\">facilidade de falar em p\u00fablico<\/a><\/h2>\n<p>\u00c9 uma habilidade valiosa que traz benef\u00edcios tanto para a vida pessoal quanto profissional. Ela melhora a autoconfian\u00e7a, aprimora a comunica\u00e7\u00e3o, cria oportunidades de carreira, aumenta a influ\u00eancia e alivia o estresse relacionado a apresenta\u00e7\u00f5es e discursos. Com pr\u00e1tica e dedica\u00e7\u00e3o, \u00e9 poss\u00edvel desenvolver essa habilidade e colher todos os benef\u00edcios que ela proporciona. Ent\u00e3o, n\u00e3o deixe o medo ou a inseguran\u00e7a impedirem voc\u00ea de aprimorar sua <a target=\"_blank\" href=\"https:\/\/www.conjur.com.br\/2022-jun-01\/george-marmelstein-habilidade-falar-publico\" rel=\"noopener\">habilidade de falar em p\u00fablico<\/a>. Comece hoje mesmo a trabalhar nessa compet\u00eancia e desfrute de todos os benef\u00edcios que ela pode trazer para sua vida.<\/p>\n<h2>Caracter\u00edsticas de uma <a target=\"_blank\" href=\"https:\/\/www.ecommercebrasil.com.br\/artigos\/qual-a-linguagem-ideal-para-o-publico-alvo-do-seu-e-commerce\" rel=\"noopener\">comunica\u00e7\u00e3o natural em p\u00fablico<\/a><\/h2>\n<p>Uma comunica\u00e7\u00e3o natural em p\u00fablico \u00e9 aquela em que o orador transmite suas ideias e mensagens de forma clara, confiante e aut\u00eantica. \u00c9 uma habilidade essencial para aqueles que desejam ter sucesso em suas carreiras e estabelecer conex\u00f5es genu\u00ednas com seu p\u00fablico. Existem v\u00e1rias caracter\u00edsticas importantes que definem uma comunica\u00e7\u00e3o natural em p\u00fablico. Vamos explorar algumas delas:<\/p>\n<h3>Dom\u00ednio do assunto<\/h3>\n<p>Um orador que possui uma comunica\u00e7\u00e3o natural em p\u00fablico tem um conhecimento profundo do assunto que est\u00e1 apresentando. Isso permite que eles falem com confian\u00e7a e autoridade, transmitindo seguran\u00e7a ao p\u00fablico.<\/p>\n<h3>Express\u00e3o corporal<\/h3>\n<p>A comunica\u00e7\u00e3o n\u00e3o verbal \u00e9 uma parte essencial de uma comunica\u00e7\u00e3o natural em p\u00fablico. Gestos, postura e contato visual adequados ajudam a transmitir confian\u00e7a e envolver o p\u00fablico. O orador deve estar consciente de sua linguagem corporal e us\u00e1-la de forma eficaz para transmitir sua mensagem.<\/p>\n<h3>Clareza e organiza\u00e7\u00e3o<\/h3>\n<p>Uma comunica\u00e7\u00e3o natural em p\u00fablico requer clareza e organiza\u00e7\u00e3o na estrutura do discurso. O orador deve ser capaz de articular suas ideias de forma l\u00f3gica e coerente, mantendo a aten\u00e7\u00e3o do p\u00fablico ao longo de sua apresenta\u00e7\u00e3o.<\/p>\n<h3>Adapta\u00e7\u00e3o ao p\u00fablico<\/h3>\n<p>Um bom comunicador \u00e9 capaz de se adaptar ao seu p\u00fablico-alvo. Eles devem ser capazes de ajustar sua linguagem, tom de voz e estilo de apresenta\u00e7\u00e3o para atender \u00e0s necessidades e expectativas do p\u00fablico.<\/p>\n<h3>Autenticidade<\/h3>\n<p>Uma comunica\u00e7\u00e3o natural em p\u00fablico \u00e9 aut\u00eantica e genu\u00edna. O orador deve ser capaz de mostrar sua personalidade e ser ele mesmo durante a apresenta\u00e7\u00e3o. Isso ajuda a estabelecer uma conex\u00e3o emocional com o p\u00fablico e permite que eles se relacionem com o orador.<\/p>\n<h2>Dicas para Melhorar a Facilidade de Falar em P\u00fablico<\/h2>\n<p>Falar em p\u00fablico pode ser uma tarefa desafiadora para muitas pessoas, mas com algumas dicas simples, \u00e9 poss\u00edvel melhorar sua habilidade de comunica\u00e7\u00e3o e desenvolver uma maior facilidade ao falar em p\u00fablico. Aqui est\u00e3o algumas dicas \u00fateis:<\/p>\n<h3>Pratique regularmente<\/h3>\n<p>A pr\u00e1tica \u00e9 fundamental para melhorar a facilidade de falar em p\u00fablico. Dedique tempo para praticar sua apresenta\u00e7\u00e3o, seja sozinho ou na frente de um espelho. Isso ajudar\u00e1 a aumentar sua confian\u00e7a e familiaridade com o conte\u00fado.<\/p>\n<h3>Conhe\u00e7a o seu p\u00fablico<\/h3>\n<p>Antes de fazer uma apresenta\u00e7\u00e3o, pesquise e entenda quem ser\u00e1 o seu p\u00fablico. Isso permitir\u00e1 que voc\u00ea adapte sua linguagem e conte\u00fado para torn\u00e1-lo mais relevante e envolvente para o p\u00fablico.<\/p>\n<h3>Use t\u00e9cnicas de respira\u00e7\u00e3o<\/h3>\n<p>A respira\u00e7\u00e3o correta pode ajudar a acalmar os nervos e fornecer uma sensa\u00e7\u00e3o de tranquilidade durante uma apresenta\u00e7\u00e3o. Pratique t\u00e9cnicas de respira\u00e7\u00e3o profunda antes de falar em p\u00fablico, isso pode ajudar a controlar o ritmo da fala e reduzir a ansiedade.<\/p>\n<h3>Utilize recursos visuais<\/h3>\n<p>O uso de recursos visuais, como slides ou gr\u00e1ficos, pode ajudar a refor\u00e7ar sua mensagem e manter o p\u00fablico engajado. No entanto, \u00e9 importante n\u00e3o depender excessivamente desses recursos e garantir que eles complementem sua apresenta\u00e7\u00e3o, em vez de distrair o p\u00fablico.<\/p>\n<h3>Envolva o p\u00fablico<\/h3>\n<p>Uma maneira eficaz de aumentar a facilidade de falar em p\u00fablico \u00e9 estimulando a participa\u00e7\u00e3o do p\u00fablico. Fa\u00e7a perguntas, solicite feedback e incentive a intera\u00e7\u00e3o. Isso ajuda a criar uma atmosfera mais envolvente e colaborativa.<\/p>\n<h3>Lide com os nervos<\/h3>\n<p>\u00c9 normal sentir nervosismo ao falar em p\u00fablico. Em vez de tentar eliminar completamente os nervos, aprenda a lidar com eles. Foque em pensamentos positivos, respire profundamente e use t\u00e9cnicas de relaxamento para controlar a ansiedade e canalizar essa energia de forma positiva.<\/p>\n<h3>Busque feedback<\/h3>\n<p>Ap\u00f3s cada apresenta\u00e7\u00e3o, solicite feedback dos colegas ou pessoas da plateia. Este feedback construtivo ajudar\u00e1 a identificar \u00e1reas de melhoria e aprimorar sua habilidade de falar em p\u00fablico.<\/p>\n<h2>Conclus\u00e3o<\/h2>\n<p>A facilidade de falar em p\u00fablico \u00e9 uma habilidade valiosa que pode ser desenvolvida com pr\u00e1tica e aprimoramento cont\u00ednuos. Ao compreender as caracter\u00edsticas de uma comunica\u00e7\u00e3o natural em p\u00fablico e seguir dicas \u00fateis, \u00e9 poss\u00edvel superar a ansiedade e se tornar um orador confiante, cativando o p\u00fablico com suas habilidades de comunica\u00e7\u00e3o. Portanto, dedique tempo para aprimorar suas habilidades de falar em p\u00fablico e aproveite as oportunidades para se expressar e influenciar os outros de forma positiva.<\/p>\n<p>Desenvolva a sua carreira hoje mesmo! Conhe\u00e7a a <a href=\"https:\/\/fluency.io\/br\/blog\/?utm_source=blog\">Awari<\/a>.<\/p>\n<p>A Awari \u00e9 uma plataforma de ensino completa que conta com mentorias individuais, cursos com aulas ao vivo e suporte de carreira para voc\u00ea dar seu pr\u00f3ximo passo profissional. Quer aprender mais sobre as t\u00e9cnicas necess\u00e1rias para se tornar um profissional de relev\u00e2ncia e sucesso? Conhe\u00e7a <a href=\"https:\/\/fluency.io\/br\/blog\/cursos?utm_source=blog\">nossos cursos<\/a> e desenvolva compet\u00eancias essenciais com jornada personalizada, para desenvolver e evoluir seu curr\u00edculo, o seu pessoal e materiais complementares desenvolvidos por especialistas no mercado!<\/p>\n<p><\/body><br \/>\n<\/html><\/p>\n","protected":false},"excerpt":{"rendered":"<p>Summary: Descubra o que \u00e9 facilidade de falar em p\u00fablico e como desenvolver essa habilidade valiosa. Aprenda caracter\u00edsticas de uma comunica\u00e7\u00e3o natural em p\u00fablico e dicas para melhorar sua facilidade ao falar em p\u00fablico. Desenvolva sua carreira hoje mesmo com a Awari.<\/p>\n","protected":false},"author":9,"featured_media":0,"comment_status":"open","ping_status":"open","sticky":false,"template":"","format":[186],"meta":{"inline_featured_image":false,"footnotes":""},"categories":[229],"tags":[],"trilha":[],"class_list":["post-124388","post","type-post","status-publish","format-standard","hentry","category-skills","format-artigos"],"acf":[],"yoast_head":"<!-- This site is optimized with the Yoast SEO plugin v27.4 - https:\/\/yoast.com\/product\/yoast-seo-wordpress\/ -->\n<title>O que \u00e9 Facilidade de Falar em P\u00fablico: Tra\u00e7os da Comunica\u00e7\u00e3o Natural - Fluency.io Brasil<\/title>\n<meta name=\"description\" content=\"Summary: Descubra o que \u00e9 facilidade de falar em p\u00fablico e como desenvolver essa habilidade valiosa. Aprenda caracter\u00edsticas de uma comunica\u00e7\u00e3o natural em ...\" \/>\n<meta name=\"robots\" content=\"noindex, follow, max-snippet:-1, max-image-preview:large, max-video-preview:-1\" \/>\n<meta property=\"og:locale\" content=\"pt_BR\" \/>\n<meta property=\"og:type\" content=\"article\" \/>\n<meta property=\"og:title\" content=\"O que \u00e9 Facilidade de Falar em P\u00fablico: Tra\u00e7os da Comunica\u00e7\u00e3o Natural - Fluency.io Brasil\" \/>\n<meta property=\"og:description\" content=\"Summary: Descubra o que \u00e9 facilidade de falar em p\u00fablico e como desenvolver essa habilidade valiosa. Aprenda caracter\u00edsticas de uma comunica\u00e7\u00e3o natural em ...\" \/>\n<meta property=\"og:url\" content=\"https:\/\/homolog.fluency.io\/br\/blog\/o-que-e-facilidade-de-falar-em-publico-tracos-da-comunicacao-natural\/\" \/>\n<meta property=\"og:site_name\" content=\"Fluency.io Brasil\" \/>\n<meta property=\"article:published_time\" content=\"2023-06-30T03:22:02+00:00\" \/>\n<meta property=\"article:modified_time\" content=\"2023-08-01T17:43:25+00:00\" \/>\n<meta name=\"twitter:card\" content=\"summary_large_image\" \/>\n<meta name=\"twitter:label1\" content=\"Escrito por\" \/>\n\t<meta name=\"twitter:data1\" content=\"kaue\" \/>\n\t<meta name=\"twitter:label2\" content=\"Est. tempo de leitura\" \/>\n\t<meta name=\"twitter:data2\" content=\"5 minutos\" \/>\n<script type=\"application\/ld+json\" class=\"yoast-schema-graph\">{\"@context\":\"https:\\\/\\\/schema.org\",\"@graph\":[{\"@type\":\"Article\",\"@id\":\"https:\\\/\\\/homolog.fluency.io\\\/br\\\/blog\\\/o-que-e-facilidade-de-falar-em-publico-tracos-da-comunicacao-natural\\\/#article\",\"isPartOf\":{\"@id\":\"https:\\\/\\\/homolog.fluency.io\\\/br\\\/blog\\\/o-que-e-facilidade-de-falar-em-publico-tracos-da-comunicacao-natural\\\/\"},\"author\":{\"name\":\"kaue\",\"@id\":\"https:\\\/\\\/homolog.fluency.io\\\/br\\\/#\\\/schema\\\/person\\\/7b3b2b50ba17b7f2ad0cce0a40bfa00a\"},\"headline\":\"O que \u00e9 Facilidade de Falar em P\u00fablico: Tra\u00e7os da Comunica\u00e7\u00e3o Natural\",\"datePublished\":\"2023-06-30T03:22:02+00:00\",\"dateModified\":\"2023-08-01T17:43:25+00:00\",\"mainEntityOfPage\":{\"@id\":\"https:\\\/\\\/homolog.fluency.io\\\/br\\\/blog\\\/o-que-e-facilidade-de-falar-em-publico-tracos-da-comunicacao-natural\\\/\"},\"wordCount\":974,\"commentCount\":0,\"articleSection\":[\"Skills\"],\"inLanguage\":\"pt-BR\",\"potentialAction\":[{\"@type\":\"CommentAction\",\"name\":\"Comment\",\"target\":[\"https:\\\/\\\/homolog.fluency.io\\\/br\\\/blog\\\/o-que-e-facilidade-de-falar-em-publico-tracos-da-comunicacao-natural\\\/#respond\"]}]},{\"@type\":\"WebPage\",\"@id\":\"https:\\\/\\\/homolog.fluency.io\\\/br\\\/blog\\\/o-que-e-facilidade-de-falar-em-publico-tracos-da-comunicacao-natural\\\/\",\"url\":\"https:\\\/\\\/homolog.fluency.io\\\/br\\\/blog\\\/o-que-e-facilidade-de-falar-em-publico-tracos-da-comunicacao-natural\\\/\",\"name\":\"O que \u00e9 Facilidade de Falar em P\u00fablico: Tra\u00e7os da Comunica\u00e7\u00e3o Natural - Fluency.io Brasil\",\"isPartOf\":{\"@id\":\"https:\\\/\\\/homolog.fluency.io\\\/br\\\/#website\"},\"datePublished\":\"2023-06-30T03:22:02+00:00\",\"dateModified\":\"2023-08-01T17:43:25+00:00\",\"author\":{\"@id\":\"https:\\\/\\\/homolog.fluency.io\\\/br\\\/#\\\/schema\\\/person\\\/7b3b2b50ba17b7f2ad0cce0a40bfa00a\"},\"description\":\"Summary: Descubra o que \u00e9 facilidade de falar em p\u00fablico e como desenvolver essa habilidade valiosa. Aprenda caracter\u00edsticas de uma comunica\u00e7\u00e3o natural em ...\",\"breadcrumb\":{\"@id\":\"https:\\\/\\\/homolog.fluency.io\\\/br\\\/blog\\\/o-que-e-facilidade-de-falar-em-publico-tracos-da-comunicacao-natural\\\/#breadcrumb\"},\"inLanguage\":\"pt-BR\",\"potentialAction\":[{\"@type\":\"ReadAction\",\"target\":[\"https:\\\/\\\/homolog.fluency.io\\\/br\\\/blog\\\/o-que-e-facilidade-de-falar-em-publico-tracos-da-comunicacao-natural\\\/\"]}]},{\"@type\":\"BreadcrumbList\",\"@id\":\"https:\\\/\\\/homolog.fluency.io\\\/br\\\/blog\\\/o-que-e-facilidade-de-falar-em-publico-tracos-da-comunicacao-natural\\\/#breadcrumb\",\"itemListElement\":[{\"@type\":\"ListItem\",\"position\":1,\"name\":\"In\u00edcio\",\"item\":\"https:\\\/\\\/homolog.fluency.io\\\/br\\\/\"},{\"@type\":\"ListItem\",\"position\":2,\"name\":\"O que \u00e9 Facilidade de Falar em P\u00fablico: Tra\u00e7os da Comunica\u00e7\u00e3o Natural\"}]},{\"@type\":\"WebSite\",\"@id\":\"https:\\\/\\\/homolog.fluency.io\\\/br\\\/#website\",\"url\":\"https:\\\/\\\/homolog.fluency.io\\\/br\\\/\",\"name\":\"Fluency.io Brasil\",\"description\":\"\",\"potentialAction\":[{\"@type\":\"SearchAction\",\"target\":{\"@type\":\"EntryPoint\",\"urlTemplate\":\"https:\\\/\\\/homolog.fluency.io\\\/br\\\/?s={search_term_string}\"},\"query-input\":{\"@type\":\"PropertyValueSpecification\",\"valueRequired\":true,\"valueName\":\"search_term_string\"}}],\"inLanguage\":\"pt-BR\"},{\"@type\":\"Person\",\"@id\":\"https:\\\/\\\/homolog.fluency.io\\\/br\\\/#\\\/schema\\\/person\\\/7b3b2b50ba17b7f2ad0cce0a40bfa00a\",\"name\":\"kaue\",\"image\":{\"@type\":\"ImageObject\",\"inLanguage\":\"pt-BR\",\"@id\":\"https:\\\/\\\/secure.gravatar.com\\\/avatar\\\/bdd3958fa53019cfd8f789c0a49a730e7ba40a1d20cb42c9ced7646285842479?s=96&d=mm&r=g\",\"url\":\"https:\\\/\\\/secure.gravatar.com\\\/avatar\\\/bdd3958fa53019cfd8f789c0a49a730e7ba40a1d20cb42c9ced7646285842479?s=96&d=mm&r=g\",\"contentUrl\":\"https:\\\/\\\/secure.gravatar.com\\\/avatar\\\/bdd3958fa53019cfd8f789c0a49a730e7ba40a1d20cb42c9ced7646285842479?s=96&d=mm&r=g\",\"caption\":\"kaue\"},\"url\":\"https:\\\/\\\/homolog.fluency.io\\\/br\\\/author\\\/kaue\\\/\"}]}<\/script>\n<!-- \/ Yoast SEO plugin. -->","yoast_head_json":{"title":"O que \u00e9 Facilidade de Falar em P\u00fablico: Tra\u00e7os da Comunica\u00e7\u00e3o Natural - Fluency.io Brasil","description":"Summary: Descubra o que \u00e9 facilidade de falar em p\u00fablico e como desenvolver essa habilidade valiosa. Aprenda caracter\u00edsticas de uma comunica\u00e7\u00e3o natural em ...","robots":{"index":"noindex","follow":"follow","max-snippet":"max-snippet:-1","max-image-preview":"max-image-preview:large","max-video-preview":"max-video-preview:-1"},"og_locale":"pt_BR","og_type":"article","og_title":"O que \u00e9 Facilidade de Falar em P\u00fablico: Tra\u00e7os da Comunica\u00e7\u00e3o Natural - Fluency.io Brasil","og_description":"Summary: Descubra o que \u00e9 facilidade de falar em p\u00fablico e como desenvolver essa habilidade valiosa. Aprenda caracter\u00edsticas de uma comunica\u00e7\u00e3o natural em ...","og_url":"https:\/\/homolog.fluency.io\/br\/blog\/o-que-e-facilidade-de-falar-em-publico-tracos-da-comunicacao-natural\/","og_site_name":"Fluency.io Brasil","article_published_time":"2023-06-30T03:22:02+00:00","article_modified_time":"2023-08-01T17:43:25+00:00","twitter_card":"summary_large_image","twitter_misc":{"Escrito por":"kaue","Est. tempo de leitura":"5 minutos"},"schema":{"@context":"https:\/\/schema.org","@graph":[{"@type":"Article","@id":"https:\/\/homolog.fluency.io\/br\/blog\/o-que-e-facilidade-de-falar-em-publico-tracos-da-comunicacao-natural\/#article","isPartOf":{"@id":"https:\/\/homolog.fluency.io\/br\/blog\/o-que-e-facilidade-de-falar-em-publico-tracos-da-comunicacao-natural\/"},"author":{"name":"kaue","@id":"https:\/\/homolog.fluency.io\/br\/#\/schema\/person\/7b3b2b50ba17b7f2ad0cce0a40bfa00a"},"headline":"O que \u00e9 Facilidade de Falar em P\u00fablico: Tra\u00e7os da Comunica\u00e7\u00e3o Natural","datePublished":"2023-06-30T03:22:02+00:00","dateModified":"2023-08-01T17:43:25+00:00","mainEntityOfPage":{"@id":"https:\/\/homolog.fluency.io\/br\/blog\/o-que-e-facilidade-de-falar-em-publico-tracos-da-comunicacao-natural\/"},"wordCount":974,"commentCount":0,"articleSection":["Skills"],"inLanguage":"pt-BR","potentialAction":[{"@type":"CommentAction","name":"Comment","target":["https:\/\/homolog.fluency.io\/br\/blog\/o-que-e-facilidade-de-falar-em-publico-tracos-da-comunicacao-natural\/#respond"]}]},{"@type":"WebPage","@id":"https:\/\/homolog.fluency.io\/br\/blog\/o-que-e-facilidade-de-falar-em-publico-tracos-da-comunicacao-natural\/","url":"https:\/\/homolog.fluency.io\/br\/blog\/o-que-e-facilidade-de-falar-em-publico-tracos-da-comunicacao-natural\/","name":"O que \u00e9 Facilidade de Falar em P\u00fablico: Tra\u00e7os da Comunica\u00e7\u00e3o Natural - Fluency.io Brasil","isPartOf":{"@id":"https:\/\/homolog.fluency.io\/br\/#website"},"datePublished":"2023-06-30T03:22:02+00:00","dateModified":"2023-08-01T17:43:25+00:00","author":{"@id":"https:\/\/homolog.fluency.io\/br\/#\/schema\/person\/7b3b2b50ba17b7f2ad0cce0a40bfa00a"},"description":"Summary: Descubra o que \u00e9 facilidade de falar em p\u00fablico e como desenvolver essa habilidade valiosa. Aprenda caracter\u00edsticas de uma comunica\u00e7\u00e3o natural em ...","breadcrumb":{"@id":"https:\/\/homolog.fluency.io\/br\/blog\/o-que-e-facilidade-de-falar-em-publico-tracos-da-comunicacao-natural\/#breadcrumb"},"inLanguage":"pt-BR","potentialAction":[{"@type":"ReadAction","target":["https:\/\/homolog.fluency.io\/br\/blog\/o-que-e-facilidade-de-falar-em-publico-tracos-da-comunicacao-natural\/"]}]},{"@type":"BreadcrumbList","@id":"https:\/\/homolog.fluency.io\/br\/blog\/o-que-e-facilidade-de-falar-em-publico-tracos-da-comunicacao-natural\/#breadcrumb","itemListElement":[{"@type":"ListItem","position":1,"name":"In\u00edcio","item":"https:\/\/homolog.fluency.io\/br\/"},{"@type":"ListItem","position":2,"name":"O que \u00e9 Facilidade de Falar em P\u00fablico: Tra\u00e7os da Comunica\u00e7\u00e3o Natural"}]},{"@type":"WebSite","@id":"https:\/\/homolog.fluency.io\/br\/#website","url":"https:\/\/homolog.fluency.io\/br\/","name":"Fluency.io Brasil","description":"","potentialAction":[{"@type":"SearchAction","target":{"@type":"EntryPoint","urlTemplate":"https:\/\/homolog.fluency.io\/br\/?s={search_term_string}"},"query-input":{"@type":"PropertyValueSpecification","valueRequired":true,"valueName":"search_term_string"}}],"inLanguage":"pt-BR"},{"@type":"Person","@id":"https:\/\/homolog.fluency.io\/br\/#\/schema\/person\/7b3b2b50ba17b7f2ad0cce0a40bfa00a","name":"kaue","image":{"@type":"ImageObject","inLanguage":"pt-BR","@id":"https:\/\/secure.gravatar.com\/avatar\/bdd3958fa53019cfd8f789c0a49a730e7ba40a1d20cb42c9ced7646285842479?s=96&d=mm&r=g","url":"https:\/\/secure.gravatar.com\/avatar\/bdd3958fa53019cfd8f789c0a49a730e7ba40a1d20cb42c9ced7646285842479?s=96&d=mm&r=g","contentUrl":"https:\/\/secure.gravatar.com\/avatar\/bdd3958fa53019cfd8f789c0a49a730e7ba40a1d20cb42c9ced7646285842479?s=96&d=mm&r=g","caption":"kaue"},"url":"https:\/\/homolog.fluency.io\/br\/author\/kaue\/"}]}},"_links":{"self":[{"href":"https:\/\/homolog.fluency.io\/br\/wp-json\/wp\/v2\/posts\/124388","targetHints":{"allow":["GET"]}}],"collection":[{"href":"https:\/\/homolog.fluency.io\/br\/wp-json\/wp\/v2\/posts"}],"about":[{"href":"https:\/\/homolog.fluency.io\/br\/wp-json\/wp\/v2\/types\/post"}],"author":[{"embeddable":true,"href":"https:\/\/homolog.fluency.io\/br\/wp-json\/wp\/v2\/users\/9"}],"replies":[{"embeddable":true,"href":"https:\/\/homolog.fluency.io\/br\/wp-json\/wp\/v2\/comments?post=124388"}],"version-history":[{"count":0,"href":"https:\/\/homolog.fluency.io\/br\/wp-json\/wp\/v2\/posts\/124388\/revisions"}],"wp:attachment":[{"href":"https:\/\/homolog.fluency.io\/br\/wp-json\/wp\/v2\/media?parent=124388"}],"wp:term":[{"taxonomy":"category","embeddable":true,"href":"https:\/\/homolog.fluency.io\/br\/wp-json\/wp\/v2\/categories?post=124388"},{"taxonomy":"post_tag","embeddable":true,"href":"https:\/\/homolog.fluency.io\/br\/wp-json\/wp\/v2\/tags?post=124388"},{"taxonomy":"format","embeddable":true,"href":"https:\/\/homolog.fluency.io\/br\/wp-json\/wp\/v2\/format?post=124388"},{"taxonomy":"trilha","embeddable":true,"href":"https:\/\/homolog.fluency.io\/br\/wp-json\/wp\/v2\/trilha?post=124388"}],"curies":[{"name":"wp","href":"https:\/\/api.w.org\/{rel}","templated":true}]}}