{"id":124389,"date":"2023-06-30T00:24:03","date_gmt":"2023-06-30T03:24:03","guid":{"rendered":"https:\/\/fluency.io\/br\/blog\/o-que-causa-o-medo-de-falar-em-publico-origens-e-fatores-psicologicos\/"},"modified":"2023-08-01T14:43:28","modified_gmt":"2023-08-01T17:43:28","slug":"o-que-causa-o-medo-de-falar-em-publico-origens-e-fatores-psicologicos","status":"publish","type":"post","link":"https:\/\/homolog.fluency.io\/br\/blog\/o-que-causa-o-medo-de-falar-em-publico-origens-e-fatores-psicologicos\/","title":{"rendered":"O que Causa o Medo de Falar em P\u00fablico: Origens e Fatores Psicol\u00f3gicos"},"content":{"rendered":"<p><!DOCTYPE html><br \/>\n<html><br \/>\n<head><br \/>\n<title>O <a target=\"_blank\" href=\"https:\/\/www.vittude.com\/blog\/medo-como-superar\/\" rel=\"noopener\">medo<\/a> de <a target=\"_blank\" href=\"https:\/\/www.goodreads.com\/pt\/book\/show\/28507045\" rel=\"noopener\">falar em p\u00fablico<\/a>: causas e como superar<\/title><br \/>\n<\/head><br \/>\n<body><\/p>\n<h2>A Natureza do Medo de Falar em P\u00fablico<\/h2>\n<p>O medo de falar em p\u00fablico \u00e9 uma fobia comum que afeta muitas pessoas. \u00c9 uma rea\u00e7\u00e3o natural causada pela ansiedade e pelo estresse associados ao ato de falar em frente a uma plateia. Essa fobia pode variar em intensidade, desde um certo desconforto at\u00e9 um p\u00e2nico absoluto. Aqueles que sofrem desse medo podem experimentar sintomas f\u00edsicos, como tremores, sudorese, batimentos card\u00edacos acelerados e at\u00e9 mesmo problemas de concentra\u00e7\u00e3o.<\/p>\n<h3>Origens do Medo de Falar em P\u00fablico: Entendendo suas Causas<\/h3>\n<p>O medo de falar em p\u00fablico pode ter diversas origens e \u00e9 importante entender suas causas para lidar com ele de maneira eficaz. Aqui est\u00e3o algumas das principais origens desse medo:<\/p>\n<ol>\n<li><strong>Traumas passados:<\/strong> Traumas ou experi\u00eancias negativas relacionadas ao falar em p\u00fablico podem levar a um medo persistente. Se algu\u00e9m teve uma experi\u00eancia embara\u00e7osa ou humilhante ao falar em p\u00fablico, \u00e9 comum que esse medo se desenvolva como uma resposta de prote\u00e7\u00e3o.<\/li>\n<li><strong>Baixa autoestima:<\/strong> A falta de confian\u00e7a em si mesmo e uma baixa autoestima podem contribuir para o medo de falar em p\u00fablico. Acreditar que n\u00e3o somos capazes ou que seremos julgados negativamente pelos outros pode aumentar a ansiedade e o medo.<\/li>\n<li><strong>Press\u00e3o social:<\/strong> A press\u00e3o social para se sair bem e a preocupa\u00e7\u00e3o com o julgamento dos outros tamb\u00e9m podem desempenhar um papel significativo no medo de falar em p\u00fablico. O medo de cometer erros e ser criticado pode levar \u00e0 evita\u00e7\u00e3o dessa situa\u00e7\u00e3o.<\/li>\n<li><strong>Expectativas irrealistas:<\/strong> Expectativas irrealistas de desempenho, como acreditar que \u00e9 preciso ser perfeito ou n\u00e3o cometer erros ao falar em p\u00fablico, podem intensificar o medo e a ansiedade.<\/li>\n<li><strong>Falta de <a target=\"_blank\" href=\"https:\/\/aquitemcomunicacao.com\/blog\/habilidades-de-comunicacao-para-empresarios\/\" rel=\"noopener\">habilidades de comunica\u00e7\u00e3o<\/a>:<\/strong> A falta de habilidades de comunica\u00e7\u00e3o eficazes pode aumentar a inseguran\u00e7a ao falar em p\u00fablico. A falta de pr\u00e1tica e conhecimento sobre t\u00e9cnicas de apresenta\u00e7\u00e3o e express\u00e3o verbal tamb\u00e9m pode contribuir para o medo.<\/li>\n<\/ol>\n<p>\u00c9 importante ressaltar que o medo de falar em p\u00fablico \u00e9 uma rea\u00e7\u00e3o normal do corpo \u00e0s situa\u00e7\u00f5es estressantes. No entanto, quando esse medo se torna excessivo e come\u00e7a a interferir nas atividades cotidianas, torna-se necess\u00e1rio buscar ajuda profissional para super\u00e1-lo.<\/p>\n<p>Existem diferentes t\u00e9cnicas e abordagens que podem ajudar a <a target=\"_blank\" href=\"https:\/\/forbes.com.br\/forbessaude\/2022\/12\/superar-o-medo-de-criticas-feedback-psicologia-ensina\/\" rel=\"noopener\">superar o medo<\/a> de falar em p\u00fablico, incluindo terapia cognitivo-comportamental, t\u00e9cnicas de relaxamento, pr\u00e1tica e exposi\u00e7\u00e3o gradual \u00e0 situa\u00e7\u00e3o temida. Com paci\u00eancia e dedica\u00e7\u00e3o, \u00e9 poss\u00edvel superar esse medo e desenvolver habilidades de comunica\u00e7\u00e3o eficazes.<\/p>\n<p>Em suma, o medo de falar em p\u00fablico pode ter v\u00e1rias origens, como traumas passados, baixa autoestima, press\u00e3o social, expectativas irrealistas e falta de habilidades de comunica\u00e7\u00e3o. Reconhecer e entender essas causas \u00e9 um passo importante para lidar com esse medo e buscar solu\u00e7\u00f5es efetivas. O importante \u00e9 lembrar que o medo de falar em p\u00fablico pode ser superado com tempo, esfor\u00e7o e ajuda profissional, e n\u00e3o precisa ser um obst\u00e1culo para o crescimento pessoal e profissional.<\/p>\n<p>Desenvolva a sua carreira hoje mesmo! Conhe\u00e7a a <a href=\"https:\/\/fluency.io\/br\/blog\/?utm_source=blog\">Awari<\/a>.<\/p>\n<p>A Awari \u00e9 uma plataforma de ensino completa que conta com mentorias individuais, cursos com aulas ao vivo e suporte de carreira para voc\u00ea dar seu pr\u00f3ximo passo profissional. Quer aprender mais sobre as t\u00e9cnicas necess\u00e1rias para se tornar um profissional de relev\u00e2ncia e sucesso?<\/p>\n<p>Conhe\u00e7a <a href=\"https:\/\/fluency.io\/br\/blog\/cursos?utm_source=blog\">nossos cursos<\/a> e desenvolva compet\u00eancias essenciais com jornada personalizada, para desenvolver e evoluir seu curr\u00edculo, o seu pessoal e materiais complementares desenvolvidos por especialistas no mercado!<\/p>\n<p><\/body><br \/>\n<\/html><\/p>\n","protected":false},"excerpt":{"rendered":"<p>O que causa o medo de falar em p\u00fablico? Descubra suas origens e como super\u00e1-lo atrav\u00e9s de t\u00e9cnicas e ajuda profissional. Saiba mais!<\/p>\n","protected":false},"author":9,"featured_media":0,"comment_status":"open","ping_status":"open","sticky":false,"template":"","format":[186],"meta":{"inline_featured_image":false,"footnotes":""},"categories":[229],"tags":[],"trilha":[],"class_list":["post-124389","post","type-post","status-publish","format-standard","hentry","category-skills","format-artigos"],"acf":[],"yoast_head":"<!-- This site is optimized with the Yoast SEO plugin v27.4 - https:\/\/yoast.com\/product\/yoast-seo-wordpress\/ -->\n<title>O que Causa o Medo de Falar em P\u00fablico: Origens e Fatores Psicol\u00f3gicos - Fluency.io Brasil<\/title>\n<meta name=\"description\" content=\"O que causa o medo de falar em p\u00fablico? Descubra suas origens e como super\u00e1-lo atrav\u00e9s de t\u00e9cnicas e ajuda profissional. Saiba mais!...\" \/>\n<meta name=\"robots\" content=\"noindex, follow, max-snippet:-1, max-image-preview:large, max-video-preview:-1\" \/>\n<meta property=\"og:locale\" content=\"pt_BR\" \/>\n<meta property=\"og:type\" content=\"article\" \/>\n<meta property=\"og:title\" content=\"O que Causa o Medo de Falar em P\u00fablico: Origens e Fatores Psicol\u00f3gicos - Fluency.io Brasil\" \/>\n<meta property=\"og:description\" content=\"O que causa o medo de falar em p\u00fablico? Descubra suas origens e como super\u00e1-lo atrav\u00e9s de t\u00e9cnicas e ajuda profissional. Saiba mais!...\" \/>\n<meta property=\"og:url\" content=\"https:\/\/homolog.fluency.io\/br\/blog\/o-que-causa-o-medo-de-falar-em-publico-origens-e-fatores-psicologicos\/\" \/>\n<meta property=\"og:site_name\" content=\"Fluency.io Brasil\" \/>\n<meta property=\"article:published_time\" content=\"2023-06-30T03:24:03+00:00\" \/>\n<meta property=\"article:modified_time\" content=\"2023-08-01T17:43:28+00:00\" \/>\n<meta name=\"twitter:card\" content=\"summary_large_image\" \/>\n<meta name=\"twitter:label1\" content=\"Escrito por\" \/>\n\t<meta name=\"twitter:data1\" content=\"kaue\" \/>\n\t<meta name=\"twitter:label2\" content=\"Est. tempo de leitura\" \/>\n\t<meta name=\"twitter:data2\" content=\"3 minutos\" \/>\n<script type=\"application\/ld+json\" class=\"yoast-schema-graph\">{\"@context\":\"https:\\\/\\\/schema.org\",\"@graph\":[{\"@type\":\"Article\",\"@id\":\"https:\\\/\\\/homolog.fluency.io\\\/br\\\/blog\\\/o-que-causa-o-medo-de-falar-em-publico-origens-e-fatores-psicologicos\\\/#article\",\"isPartOf\":{\"@id\":\"https:\\\/\\\/homolog.fluency.io\\\/br\\\/blog\\\/o-que-causa-o-medo-de-falar-em-publico-origens-e-fatores-psicologicos\\\/\"},\"author\":{\"name\":\"kaue\",\"@id\":\"https:\\\/\\\/homolog.fluency.io\\\/br\\\/#\\\/schema\\\/person\\\/7b3b2b50ba17b7f2ad0cce0a40bfa00a\"},\"headline\":\"O que Causa o Medo de Falar em P\u00fablico: Origens e Fatores Psicol\u00f3gicos\",\"datePublished\":\"2023-06-30T03:24:03+00:00\",\"dateModified\":\"2023-08-01T17:43:28+00:00\",\"mainEntityOfPage\":{\"@id\":\"https:\\\/\\\/homolog.fluency.io\\\/br\\\/blog\\\/o-que-causa-o-medo-de-falar-em-publico-origens-e-fatores-psicologicos\\\/\"},\"wordCount\":637,\"commentCount\":0,\"articleSection\":[\"Skills\"],\"inLanguage\":\"pt-BR\",\"potentialAction\":[{\"@type\":\"CommentAction\",\"name\":\"Comment\",\"target\":[\"https:\\\/\\\/homolog.fluency.io\\\/br\\\/blog\\\/o-que-causa-o-medo-de-falar-em-publico-origens-e-fatores-psicologicos\\\/#respond\"]}]},{\"@type\":\"WebPage\",\"@id\":\"https:\\\/\\\/homolog.fluency.io\\\/br\\\/blog\\\/o-que-causa-o-medo-de-falar-em-publico-origens-e-fatores-psicologicos\\\/\",\"url\":\"https:\\\/\\\/homolog.fluency.io\\\/br\\\/blog\\\/o-que-causa-o-medo-de-falar-em-publico-origens-e-fatores-psicologicos\\\/\",\"name\":\"O que Causa o Medo de Falar em P\u00fablico: Origens e Fatores Psicol\u00f3gicos - Fluency.io Brasil\",\"isPartOf\":{\"@id\":\"https:\\\/\\\/homolog.fluency.io\\\/br\\\/#website\"},\"datePublished\":\"2023-06-30T03:24:03+00:00\",\"dateModified\":\"2023-08-01T17:43:28+00:00\",\"author\":{\"@id\":\"https:\\\/\\\/homolog.fluency.io\\\/br\\\/#\\\/schema\\\/person\\\/7b3b2b50ba17b7f2ad0cce0a40bfa00a\"},\"description\":\"O que causa o medo de falar em p\u00fablico? Descubra suas origens e como super\u00e1-lo atrav\u00e9s de t\u00e9cnicas e ajuda profissional. Saiba mais!...\",\"breadcrumb\":{\"@id\":\"https:\\\/\\\/homolog.fluency.io\\\/br\\\/blog\\\/o-que-causa-o-medo-de-falar-em-publico-origens-e-fatores-psicologicos\\\/#breadcrumb\"},\"inLanguage\":\"pt-BR\",\"potentialAction\":[{\"@type\":\"ReadAction\",\"target\":[\"https:\\\/\\\/homolog.fluency.io\\\/br\\\/blog\\\/o-que-causa-o-medo-de-falar-em-publico-origens-e-fatores-psicologicos\\\/\"]}]},{\"@type\":\"BreadcrumbList\",\"@id\":\"https:\\\/\\\/homolog.fluency.io\\\/br\\\/blog\\\/o-que-causa-o-medo-de-falar-em-publico-origens-e-fatores-psicologicos\\\/#breadcrumb\",\"itemListElement\":[{\"@type\":\"ListItem\",\"position\":1,\"name\":\"In\u00edcio\",\"item\":\"https:\\\/\\\/homolog.fluency.io\\\/br\\\/\"},{\"@type\":\"ListItem\",\"position\":2,\"name\":\"O que Causa o Medo de Falar em P\u00fablico: Origens e Fatores Psicol\u00f3gicos\"}]},{\"@type\":\"WebSite\",\"@id\":\"https:\\\/\\\/homolog.fluency.io\\\/br\\\/#website\",\"url\":\"https:\\\/\\\/homolog.fluency.io\\\/br\\\/\",\"name\":\"Fluency.io Brasil\",\"description\":\"\",\"potentialAction\":[{\"@type\":\"SearchAction\",\"target\":{\"@type\":\"EntryPoint\",\"urlTemplate\":\"https:\\\/\\\/homolog.fluency.io\\\/br\\\/?s={search_term_string}\"},\"query-input\":{\"@type\":\"PropertyValueSpecification\",\"valueRequired\":true,\"valueName\":\"search_term_string\"}}],\"inLanguage\":\"pt-BR\"},{\"@type\":\"Person\",\"@id\":\"https:\\\/\\\/homolog.fluency.io\\\/br\\\/#\\\/schema\\\/person\\\/7b3b2b50ba17b7f2ad0cce0a40bfa00a\",\"name\":\"kaue\",\"image\":{\"@type\":\"ImageObject\",\"inLanguage\":\"pt-BR\",\"@id\":\"https:\\\/\\\/secure.gravatar.com\\\/avatar\\\/bdd3958fa53019cfd8f789c0a49a730e7ba40a1d20cb42c9ced7646285842479?s=96&d=mm&r=g\",\"url\":\"https:\\\/\\\/secure.gravatar.com\\\/avatar\\\/bdd3958fa53019cfd8f789c0a49a730e7ba40a1d20cb42c9ced7646285842479?s=96&d=mm&r=g\",\"contentUrl\":\"https:\\\/\\\/secure.gravatar.com\\\/avatar\\\/bdd3958fa53019cfd8f789c0a49a730e7ba40a1d20cb42c9ced7646285842479?s=96&d=mm&r=g\",\"caption\":\"kaue\"},\"url\":\"https:\\\/\\\/homolog.fluency.io\\\/br\\\/author\\\/kaue\\\/\"}]}<\/script>\n<!-- \/ Yoast SEO plugin. -->","yoast_head_json":{"title":"O que Causa o Medo de Falar em P\u00fablico: Origens e Fatores Psicol\u00f3gicos - Fluency.io Brasil","description":"O que causa o medo de falar em p\u00fablico? Descubra suas origens e como super\u00e1-lo atrav\u00e9s de t\u00e9cnicas e ajuda profissional. Saiba mais!...","robots":{"index":"noindex","follow":"follow","max-snippet":"max-snippet:-1","max-image-preview":"max-image-preview:large","max-video-preview":"max-video-preview:-1"},"og_locale":"pt_BR","og_type":"article","og_title":"O que Causa o Medo de Falar em P\u00fablico: Origens e Fatores Psicol\u00f3gicos - Fluency.io Brasil","og_description":"O que causa o medo de falar em p\u00fablico? Descubra suas origens e como super\u00e1-lo atrav\u00e9s de t\u00e9cnicas e ajuda profissional. Saiba mais!...","og_url":"https:\/\/homolog.fluency.io\/br\/blog\/o-que-causa-o-medo-de-falar-em-publico-origens-e-fatores-psicologicos\/","og_site_name":"Fluency.io Brasil","article_published_time":"2023-06-30T03:24:03+00:00","article_modified_time":"2023-08-01T17:43:28+00:00","twitter_card":"summary_large_image","twitter_misc":{"Escrito por":"kaue","Est. tempo de leitura":"3 minutos"},"schema":{"@context":"https:\/\/schema.org","@graph":[{"@type":"Article","@id":"https:\/\/homolog.fluency.io\/br\/blog\/o-que-causa-o-medo-de-falar-em-publico-origens-e-fatores-psicologicos\/#article","isPartOf":{"@id":"https:\/\/homolog.fluency.io\/br\/blog\/o-que-causa-o-medo-de-falar-em-publico-origens-e-fatores-psicologicos\/"},"author":{"name":"kaue","@id":"https:\/\/homolog.fluency.io\/br\/#\/schema\/person\/7b3b2b50ba17b7f2ad0cce0a40bfa00a"},"headline":"O que Causa o Medo de Falar em P\u00fablico: Origens e Fatores Psicol\u00f3gicos","datePublished":"2023-06-30T03:24:03+00:00","dateModified":"2023-08-01T17:43:28+00:00","mainEntityOfPage":{"@id":"https:\/\/homolog.fluency.io\/br\/blog\/o-que-causa-o-medo-de-falar-em-publico-origens-e-fatores-psicologicos\/"},"wordCount":637,"commentCount":0,"articleSection":["Skills"],"inLanguage":"pt-BR","potentialAction":[{"@type":"CommentAction","name":"Comment","target":["https:\/\/homolog.fluency.io\/br\/blog\/o-que-causa-o-medo-de-falar-em-publico-origens-e-fatores-psicologicos\/#respond"]}]},{"@type":"WebPage","@id":"https:\/\/homolog.fluency.io\/br\/blog\/o-que-causa-o-medo-de-falar-em-publico-origens-e-fatores-psicologicos\/","url":"https:\/\/homolog.fluency.io\/br\/blog\/o-que-causa-o-medo-de-falar-em-publico-origens-e-fatores-psicologicos\/","name":"O que Causa o Medo de Falar em P\u00fablico: Origens e Fatores Psicol\u00f3gicos - Fluency.io Brasil","isPartOf":{"@id":"https:\/\/homolog.fluency.io\/br\/#website"},"datePublished":"2023-06-30T03:24:03+00:00","dateModified":"2023-08-01T17:43:28+00:00","author":{"@id":"https:\/\/homolog.fluency.io\/br\/#\/schema\/person\/7b3b2b50ba17b7f2ad0cce0a40bfa00a"},"description":"O que causa o medo de falar em p\u00fablico? Descubra suas origens e como super\u00e1-lo atrav\u00e9s de t\u00e9cnicas e ajuda profissional. Saiba mais!...","breadcrumb":{"@id":"https:\/\/homolog.fluency.io\/br\/blog\/o-que-causa-o-medo-de-falar-em-publico-origens-e-fatores-psicologicos\/#breadcrumb"},"inLanguage":"pt-BR","potentialAction":[{"@type":"ReadAction","target":["https:\/\/homolog.fluency.io\/br\/blog\/o-que-causa-o-medo-de-falar-em-publico-origens-e-fatores-psicologicos\/"]}]},{"@type":"BreadcrumbList","@id":"https:\/\/homolog.fluency.io\/br\/blog\/o-que-causa-o-medo-de-falar-em-publico-origens-e-fatores-psicologicos\/#breadcrumb","itemListElement":[{"@type":"ListItem","position":1,"name":"In\u00edcio","item":"https:\/\/homolog.fluency.io\/br\/"},{"@type":"ListItem","position":2,"name":"O que Causa o Medo de Falar em P\u00fablico: Origens e Fatores Psicol\u00f3gicos"}]},{"@type":"WebSite","@id":"https:\/\/homolog.fluency.io\/br\/#website","url":"https:\/\/homolog.fluency.io\/br\/","name":"Fluency.io Brasil","description":"","potentialAction":[{"@type":"SearchAction","target":{"@type":"EntryPoint","urlTemplate":"https:\/\/homolog.fluency.io\/br\/?s={search_term_string}"},"query-input":{"@type":"PropertyValueSpecification","valueRequired":true,"valueName":"search_term_string"}}],"inLanguage":"pt-BR"},{"@type":"Person","@id":"https:\/\/homolog.fluency.io\/br\/#\/schema\/person\/7b3b2b50ba17b7f2ad0cce0a40bfa00a","name":"kaue","image":{"@type":"ImageObject","inLanguage":"pt-BR","@id":"https:\/\/secure.gravatar.com\/avatar\/bdd3958fa53019cfd8f789c0a49a730e7ba40a1d20cb42c9ced7646285842479?s=96&d=mm&r=g","url":"https:\/\/secure.gravatar.com\/avatar\/bdd3958fa53019cfd8f789c0a49a730e7ba40a1d20cb42c9ced7646285842479?s=96&d=mm&r=g","contentUrl":"https:\/\/secure.gravatar.com\/avatar\/bdd3958fa53019cfd8f789c0a49a730e7ba40a1d20cb42c9ced7646285842479?s=96&d=mm&r=g","caption":"kaue"},"url":"https:\/\/homolog.fluency.io\/br\/author\/kaue\/"}]}},"_links":{"self":[{"href":"https:\/\/homolog.fluency.io\/br\/wp-json\/wp\/v2\/posts\/124389","targetHints":{"allow":["GET"]}}],"collection":[{"href":"https:\/\/homolog.fluency.io\/br\/wp-json\/wp\/v2\/posts"}],"about":[{"href":"https:\/\/homolog.fluency.io\/br\/wp-json\/wp\/v2\/types\/post"}],"author":[{"embeddable":true,"href":"https:\/\/homolog.fluency.io\/br\/wp-json\/wp\/v2\/users\/9"}],"replies":[{"embeddable":true,"href":"https:\/\/homolog.fluency.io\/br\/wp-json\/wp\/v2\/comments?post=124389"}],"version-history":[{"count":0,"href":"https:\/\/homolog.fluency.io\/br\/wp-json\/wp\/v2\/posts\/124389\/revisions"}],"wp:attachment":[{"href":"https:\/\/homolog.fluency.io\/br\/wp-json\/wp\/v2\/media?parent=124389"}],"wp:term":[{"taxonomy":"category","embeddable":true,"href":"https:\/\/homolog.fluency.io\/br\/wp-json\/wp\/v2\/categories?post=124389"},{"taxonomy":"post_tag","embeddable":true,"href":"https:\/\/homolog.fluency.io\/br\/wp-json\/wp\/v2\/tags?post=124389"},{"taxonomy":"format","embeddable":true,"href":"https:\/\/homolog.fluency.io\/br\/wp-json\/wp\/v2\/format?post=124389"},{"taxonomy":"trilha","embeddable":true,"href":"https:\/\/homolog.fluency.io\/br\/wp-json\/wp\/v2\/trilha?post=124389"}],"curies":[{"name":"wp","href":"https:\/\/api.w.org\/{rel}","templated":true}]}}