{"id":124390,"date":"2023-06-30T00:25:35","date_gmt":"2023-06-30T03:25:35","guid":{"rendered":"https:\/\/fluency.io\/br\/blog\/o-que-fazer-para-falar-melhor-em-publico-dicas-e-praticas\/"},"modified":"2023-08-01T14:43:31","modified_gmt":"2023-08-01T17:43:31","slug":"o-que-fazer-para-falar-melhor-em-publico-dicas-e-praticas","status":"publish","type":"post","link":"https:\/\/homolog.fluency.io\/br\/blog\/o-que-fazer-para-falar-melhor-em-publico-dicas-e-praticas\/","title":{"rendered":"O que Fazer para Falar Melhor em P\u00fablico: Dicas e Pr\u00e1ticas"},"content":{"rendered":"<p><body><\/p>\n<h2><a target=\"_blank\" href=\"https:\/\/www.sesamehr.com.br\/blog\/como-falar-em-publico\/\" rel=\"noopener\">Estrat\u00e9gias Para Ganhar Confian\u00e7a ao Falar em P\u00fablico<\/a><\/h2>\n<p>\n    Falar em p\u00fablico pode ser uma experi\u00eancia assustadora para muitas pessoas. O medo de ser julgado, de esquecer o que dizer ou de fazer papel de bobo pode ser paralisante. No entanto, existem v\u00e1rias estrat\u00e9gias que podem ajudar a ganhar confian\u00e7a e tornar essa experi\u00eancia mais gratificante.\n  <\/p>\n<h3><a target=\"_blank\" href=\"https:\/\/penser.com.br\/autoconhecimento\/\" rel=\"noopener\">Autoconhecimento<\/a>:<\/h3>\n<p>\n    Conhecer a si mesmo \u00e9 um passo fundamental para ganhar confian\u00e7a ao falar em p\u00fablico. Isso envolve entender suas habilidades, pontos fortes e \u00e1reas que precisam de melhoria. Ao reconhecer suas qualidades, voc\u00ea ter\u00e1 mais seguran\u00e7a em compartilhar seu conhecimento com outras pessoas.\n  <\/p>\n<h3><a target=\"_blank\" href=\"https:\/\/www.cifraclub.com.br\/ministerio-acordi\/prepara-o-pe\/\" rel=\"noopener\">Prepara\u00e7\u00e3o<\/a>:<\/h3>\n<p>\n    Nada substitui a prepara\u00e7\u00e3o quando se trata de falar em p\u00fablico. Antes de qualquer apresenta\u00e7\u00e3o, dedique tempo para pesquisar, organizar suas ideias e praticar. Isso lhe dar\u00e1 confian\u00e7a, tanto no conte\u00fado que est\u00e1 apresentando, quanto na sua capacidade de se comunicar efetivamente.\n  <\/p>\n<h3><a target=\"_blank\" href=\"https:\/\/www.tecconcursos.com.br\/questoes\/1870202\" rel=\"noopener\">Visualiza\u00e7\u00e3o Positiva<\/a>:<\/h3>\n<p>\n    Antes de entrar no palco, reserve alguns minutos para visualizar-se falando com confian\u00e7a e transmitindo sua mensagem com clareza. Imagine a plateia reagindo de forma positiva e voc\u00ea obtendo sucesso. A visualiza\u00e7\u00e3o positiva pode ajudar a reduzir o medo e aumentar a confian\u00e7a em si mesmo.\n  <\/p>\n<h3><a target=\"_blank\" href=\"https:\/\/www.cnnbrasil.com.br\/saude\/como-melhorar-a-postura-e-aliviar-a-dor-com-a-respiracao\/\" rel=\"noopener\">Respira\u00e7\u00e3o e Postura<\/a>:<\/h3>\n<p>\n    A respira\u00e7\u00e3o profunda e consciente \u00e9 uma estrat\u00e9gia eficaz para controlar a ansiedade e aumentar a confian\u00e7a ao falar em p\u00fablico. Enquanto estiver no palco, mantenha uma postura ereta e aberta, transmitindo confian\u00e7a e seguran\u00e7a para a plateia.\n  <\/p>\n<h3>Contato Visual:<\/h3>\n<p>\n    Olhar diretamente para a plateia \u00e9 uma maneira direta de criar conex\u00e3o e ganhar confian\u00e7a ao falar em p\u00fablico. Estabele\u00e7a contato visual com diferentes pessoas na plateia e sorria para transmitir empatia e receptividade.\n  <\/p>\n<h2>Dicas Para Se Preparar e Enfrentar o Medo de Falar em P\u00fablico<\/h2>\n<p>\n    O medo de falar em p\u00fablico \u00e9 algo comum e, muitas vezes, pode atrapalhar bastante nossa capacidade de nos expressarmos adequadamente. Entretanto, com algumas dicas e prepara\u00e7\u00e3o adequada, \u00e9 poss\u00edvel enfrentar esse medo e ter uma experi\u00eancia mais positiva ao falar em p\u00fablico.\n  <\/p>\n<h3>Pratique Regularmente:<\/h3>\n<p>\n    A pr\u00e1tica regular \u00e9 essencial para superar o medo de falar em p\u00fablico. Ao praticar suas apresenta\u00e7\u00f5es, voc\u00ea se sentir\u00e1 mais familiarizado com o conte\u00fado e ter\u00e1 mais confian\u00e7a para enfrentar a plateia. Comece praticando com amigos ou familiares e, em seguida, avance para grupos maiores e mais desafiadores.\n  <\/p>\n<h3>Conhe\u00e7a o Seu P\u00fablico:<\/h3>\n<p>\n    Antes de uma apresenta\u00e7\u00e3o, \u00e9 importante conhecer seu p\u00fablico-alvo. Isso permitir\u00e1 que voc\u00ea adapte sua mensagem e se conecte de forma mais eficaz com a plateia. Conhecer as necessidades, interesses e expectativas do p\u00fablico ajudar\u00e1 a aumentar sua confian\u00e7a ao falar em p\u00fablico.\n  <\/p>\n<h3>Utilize T\u00e9cnicas de Relaxamento:<\/h3>\n<p>\n    O medo de falar em p\u00fablico muitas vezes est\u00e1 ligado \u00e0 ansiedade. Utilizar t\u00e9cnicas de relaxamento, como respira\u00e7\u00e3o profunda, medita\u00e7\u00e3o ou exerc\u00edcios de alongamento, pode ajudar a acalmar os nervos antes de uma apresenta\u00e7\u00e3o. Essas t\u00e9cnicas permitem que voc\u00ea se concentre no momento presente e controle a ansiedade.\n  <\/p>\n<h3>Aprenda Com a Experi\u00eancia:<\/h3>\n<p>\n    Cada oportunidade de falar em p\u00fablico \u00e9 uma chance de aprendizado. Mesmo que a apresenta\u00e7\u00e3o n\u00e3o seja perfeita, encare o desafio como uma oportunidade de crescimento. Ap\u00f3s cada apresenta\u00e7\u00e3o, avalie seu desempenho e identifique \u00e1reas que precisam de melhoria. Aprender com a experi\u00eancia ajudar\u00e1 a aumentar sua confian\u00e7a ao falar em p\u00fablico.\n  <\/p>\n<h3>Encontre um Grupo de Apoio:<\/h3>\n<p>\n    Participar de um grupo de apoio ou clube de fala pode ser extremamente \u00fatil para superar o medo de falar em p\u00fablico. Esses grupos oferecem um ambiente seguro para praticar suas habilidades de comunica\u00e7\u00e3o e receber feedback construtivo. Al\u00e9m disso, eles s\u00e3o uma \u00f3tima maneira de se conectar com outras pessoas que tamb\u00e9m est\u00e3o enfrentando o medo de falar em p\u00fablico.\n  <\/p>\n<p>\n    No geral, superar o medo e ganhar confian\u00e7a ao falar em p\u00fablico requer pr\u00e1tica, prepara\u00e7\u00e3o e autoconhecimento. Utilize as estrat\u00e9gias mencionadas e as dicas fornecidas para melhorar suas habilidades de comunica\u00e7\u00e3o e enfrentar o medo de falar em p\u00fablico. Com paci\u00eancia e perseveran\u00e7a, voc\u00ea poder\u00e1 se tornar um comunicador confiante e eficaz.\n  <\/p>\n<p>Desenvolva a sua carreira hoje mesmo! Conhe\u00e7a a <a href=\"https:\/\/fluency.io\/br\/blog\/?utm_source=blog\">Awari<\/a>.<\/p>\n<p>\n    A Awari \u00e9 uma plataforma de ensino completa que conta com mentorias individuais, cursos com aulas ao vivo e suporte de carreira para voc\u00ea dar seu pr\u00f3ximo passo profissional. Quer aprender mais sobre as t\u00e9cnicas necess\u00e1rias para se tornar um profissional de relev\u00e2ncia e sucesso? Conhe\u00e7a nossos cursos e desenvolva compet\u00eancias essenciais com jornada personalizada, para desenvolver e evoluir seu curr\u00edculo, o seu pessoal e materiais complementares desenvolvidos por especialistas no mercado!\n  <\/p>\n<p><\/body><\/p>\n","protected":false},"excerpt":{"rendered":"<p>Descubra o que fazer para falar melhor em p\u00fablico! Conhe\u00e7a estrat\u00e9gias como autoconhecimento, prepara\u00e7\u00e3o, visualiza\u00e7\u00e3o positiva, respira\u00e7\u00e3o e postura, e dicas para superar o medo. Desenvolva sua confian\u00e7a e habilidade de comunica\u00e7\u00e3o hoje mesmo! #o que fazer para falar melhor em p\u00fablico<\/p>\n","protected":false},"author":9,"featured_media":0,"comment_status":"open","ping_status":"open","sticky":false,"template":"","format":[186],"meta":{"inline_featured_image":false,"footnotes":""},"categories":[229],"tags":[],"trilha":[],"class_list":["post-124390","post","type-post","status-publish","format-standard","hentry","category-skills","format-artigos"],"acf":[],"yoast_head":"<!-- This site is optimized with the Yoast SEO plugin v27.4 - https:\/\/yoast.com\/product\/yoast-seo-wordpress\/ -->\n<title>O que Fazer para Falar Melhor em P\u00fablico: Dicas e Pr\u00e1ticas - Fluency.io Brasil<\/title>\n<meta name=\"description\" content=\"Descubra o que fazer para falar melhor em p\u00fablico! Conhe\u00e7a estrat\u00e9gias como autoconhecimento, prepara\u00e7\u00e3o, visualiza\u00e7\u00e3o positiva, respira\u00e7\u00e3o e postura, e di...\" \/>\n<meta name=\"robots\" content=\"noindex, follow, max-snippet:-1, max-image-preview:large, max-video-preview:-1\" \/>\n<meta property=\"og:locale\" content=\"pt_BR\" \/>\n<meta property=\"og:type\" content=\"article\" \/>\n<meta property=\"og:title\" content=\"O que Fazer para Falar Melhor em P\u00fablico: Dicas e Pr\u00e1ticas - Fluency.io Brasil\" \/>\n<meta property=\"og:description\" content=\"Descubra o que fazer para falar melhor em p\u00fablico! Conhe\u00e7a estrat\u00e9gias como autoconhecimento, prepara\u00e7\u00e3o, visualiza\u00e7\u00e3o positiva, respira\u00e7\u00e3o e postura, e di...\" \/>\n<meta property=\"og:url\" content=\"https:\/\/homolog.fluency.io\/br\/blog\/o-que-fazer-para-falar-melhor-em-publico-dicas-e-praticas\/\" \/>\n<meta property=\"og:site_name\" content=\"Fluency.io Brasil\" \/>\n<meta property=\"article:published_time\" content=\"2023-06-30T03:25:35+00:00\" \/>\n<meta property=\"article:modified_time\" content=\"2023-08-01T17:43:31+00:00\" \/>\n<meta name=\"twitter:card\" content=\"summary_large_image\" \/>\n<meta name=\"twitter:label1\" content=\"Escrito por\" \/>\n\t<meta name=\"twitter:data1\" content=\"kaue\" \/>\n\t<meta name=\"twitter:label2\" content=\"Est. tempo de leitura\" \/>\n\t<meta name=\"twitter:data2\" content=\"4 minutos\" \/>\n<script type=\"application\/ld+json\" class=\"yoast-schema-graph\">{\"@context\":\"https:\\\/\\\/schema.org\",\"@graph\":[{\"@type\":\"Article\",\"@id\":\"https:\\\/\\\/homolog.fluency.io\\\/br\\\/blog\\\/o-que-fazer-para-falar-melhor-em-publico-dicas-e-praticas\\\/#article\",\"isPartOf\":{\"@id\":\"https:\\\/\\\/homolog.fluency.io\\\/br\\\/blog\\\/o-que-fazer-para-falar-melhor-em-publico-dicas-e-praticas\\\/\"},\"author\":{\"name\":\"kaue\",\"@id\":\"https:\\\/\\\/homolog.fluency.io\\\/br\\\/#\\\/schema\\\/person\\\/7b3b2b50ba17b7f2ad0cce0a40bfa00a\"},\"headline\":\"O que Fazer para Falar Melhor em P\u00fablico: Dicas e Pr\u00e1ticas\",\"datePublished\":\"2023-06-30T03:25:35+00:00\",\"dateModified\":\"2023-08-01T17:43:31+00:00\",\"mainEntityOfPage\":{\"@id\":\"https:\\\/\\\/homolog.fluency.io\\\/br\\\/blog\\\/o-que-fazer-para-falar-melhor-em-publico-dicas-e-praticas\\\/\"},\"wordCount\":822,\"commentCount\":0,\"articleSection\":[\"Skills\"],\"inLanguage\":\"pt-BR\",\"potentialAction\":[{\"@type\":\"CommentAction\",\"name\":\"Comment\",\"target\":[\"https:\\\/\\\/homolog.fluency.io\\\/br\\\/blog\\\/o-que-fazer-para-falar-melhor-em-publico-dicas-e-praticas\\\/#respond\"]}]},{\"@type\":\"WebPage\",\"@id\":\"https:\\\/\\\/homolog.fluency.io\\\/br\\\/blog\\\/o-que-fazer-para-falar-melhor-em-publico-dicas-e-praticas\\\/\",\"url\":\"https:\\\/\\\/homolog.fluency.io\\\/br\\\/blog\\\/o-que-fazer-para-falar-melhor-em-publico-dicas-e-praticas\\\/\",\"name\":\"O que Fazer para Falar Melhor em P\u00fablico: Dicas e Pr\u00e1ticas - Fluency.io Brasil\",\"isPartOf\":{\"@id\":\"https:\\\/\\\/homolog.fluency.io\\\/br\\\/#website\"},\"datePublished\":\"2023-06-30T03:25:35+00:00\",\"dateModified\":\"2023-08-01T17:43:31+00:00\",\"author\":{\"@id\":\"https:\\\/\\\/homolog.fluency.io\\\/br\\\/#\\\/schema\\\/person\\\/7b3b2b50ba17b7f2ad0cce0a40bfa00a\"},\"description\":\"Descubra o que fazer para falar melhor em p\u00fablico! Conhe\u00e7a estrat\u00e9gias como autoconhecimento, prepara\u00e7\u00e3o, visualiza\u00e7\u00e3o positiva, respira\u00e7\u00e3o e postura, e di...\",\"breadcrumb\":{\"@id\":\"https:\\\/\\\/homolog.fluency.io\\\/br\\\/blog\\\/o-que-fazer-para-falar-melhor-em-publico-dicas-e-praticas\\\/#breadcrumb\"},\"inLanguage\":\"pt-BR\",\"potentialAction\":[{\"@type\":\"ReadAction\",\"target\":[\"https:\\\/\\\/homolog.fluency.io\\\/br\\\/blog\\\/o-que-fazer-para-falar-melhor-em-publico-dicas-e-praticas\\\/\"]}]},{\"@type\":\"BreadcrumbList\",\"@id\":\"https:\\\/\\\/homolog.fluency.io\\\/br\\\/blog\\\/o-que-fazer-para-falar-melhor-em-publico-dicas-e-praticas\\\/#breadcrumb\",\"itemListElement\":[{\"@type\":\"ListItem\",\"position\":1,\"name\":\"In\u00edcio\",\"item\":\"https:\\\/\\\/homolog.fluency.io\\\/br\\\/\"},{\"@type\":\"ListItem\",\"position\":2,\"name\":\"O que Fazer para Falar Melhor em P\u00fablico: Dicas e Pr\u00e1ticas\"}]},{\"@type\":\"WebSite\",\"@id\":\"https:\\\/\\\/homolog.fluency.io\\\/br\\\/#website\",\"url\":\"https:\\\/\\\/homolog.fluency.io\\\/br\\\/\",\"name\":\"Fluency.io Brasil\",\"description\":\"\",\"potentialAction\":[{\"@type\":\"SearchAction\",\"target\":{\"@type\":\"EntryPoint\",\"urlTemplate\":\"https:\\\/\\\/homolog.fluency.io\\\/br\\\/?s={search_term_string}\"},\"query-input\":{\"@type\":\"PropertyValueSpecification\",\"valueRequired\":true,\"valueName\":\"search_term_string\"}}],\"inLanguage\":\"pt-BR\"},{\"@type\":\"Person\",\"@id\":\"https:\\\/\\\/homolog.fluency.io\\\/br\\\/#\\\/schema\\\/person\\\/7b3b2b50ba17b7f2ad0cce0a40bfa00a\",\"name\":\"kaue\",\"image\":{\"@type\":\"ImageObject\",\"inLanguage\":\"pt-BR\",\"@id\":\"https:\\\/\\\/secure.gravatar.com\\\/avatar\\\/bdd3958fa53019cfd8f789c0a49a730e7ba40a1d20cb42c9ced7646285842479?s=96&d=mm&r=g\",\"url\":\"https:\\\/\\\/secure.gravatar.com\\\/avatar\\\/bdd3958fa53019cfd8f789c0a49a730e7ba40a1d20cb42c9ced7646285842479?s=96&d=mm&r=g\",\"contentUrl\":\"https:\\\/\\\/secure.gravatar.com\\\/avatar\\\/bdd3958fa53019cfd8f789c0a49a730e7ba40a1d20cb42c9ced7646285842479?s=96&d=mm&r=g\",\"caption\":\"kaue\"},\"url\":\"https:\\\/\\\/homolog.fluency.io\\\/br\\\/author\\\/kaue\\\/\"}]}<\/script>\n<!-- \/ Yoast SEO plugin. -->","yoast_head_json":{"title":"O que Fazer para Falar Melhor em P\u00fablico: Dicas e Pr\u00e1ticas - Fluency.io Brasil","description":"Descubra o que fazer para falar melhor em p\u00fablico! Conhe\u00e7a estrat\u00e9gias como autoconhecimento, prepara\u00e7\u00e3o, visualiza\u00e7\u00e3o positiva, respira\u00e7\u00e3o e postura, e di...","robots":{"index":"noindex","follow":"follow","max-snippet":"max-snippet:-1","max-image-preview":"max-image-preview:large","max-video-preview":"max-video-preview:-1"},"og_locale":"pt_BR","og_type":"article","og_title":"O que Fazer para Falar Melhor em P\u00fablico: Dicas e Pr\u00e1ticas - Fluency.io Brasil","og_description":"Descubra o que fazer para falar melhor em p\u00fablico! Conhe\u00e7a estrat\u00e9gias como autoconhecimento, prepara\u00e7\u00e3o, visualiza\u00e7\u00e3o positiva, respira\u00e7\u00e3o e postura, e di...","og_url":"https:\/\/homolog.fluency.io\/br\/blog\/o-que-fazer-para-falar-melhor-em-publico-dicas-e-praticas\/","og_site_name":"Fluency.io Brasil","article_published_time":"2023-06-30T03:25:35+00:00","article_modified_time":"2023-08-01T17:43:31+00:00","twitter_card":"summary_large_image","twitter_misc":{"Escrito por":"kaue","Est. tempo de leitura":"4 minutos"},"schema":{"@context":"https:\/\/schema.org","@graph":[{"@type":"Article","@id":"https:\/\/homolog.fluency.io\/br\/blog\/o-que-fazer-para-falar-melhor-em-publico-dicas-e-praticas\/#article","isPartOf":{"@id":"https:\/\/homolog.fluency.io\/br\/blog\/o-que-fazer-para-falar-melhor-em-publico-dicas-e-praticas\/"},"author":{"name":"kaue","@id":"https:\/\/homolog.fluency.io\/br\/#\/schema\/person\/7b3b2b50ba17b7f2ad0cce0a40bfa00a"},"headline":"O que Fazer para Falar Melhor em P\u00fablico: Dicas e Pr\u00e1ticas","datePublished":"2023-06-30T03:25:35+00:00","dateModified":"2023-08-01T17:43:31+00:00","mainEntityOfPage":{"@id":"https:\/\/homolog.fluency.io\/br\/blog\/o-que-fazer-para-falar-melhor-em-publico-dicas-e-praticas\/"},"wordCount":822,"commentCount":0,"articleSection":["Skills"],"inLanguage":"pt-BR","potentialAction":[{"@type":"CommentAction","name":"Comment","target":["https:\/\/homolog.fluency.io\/br\/blog\/o-que-fazer-para-falar-melhor-em-publico-dicas-e-praticas\/#respond"]}]},{"@type":"WebPage","@id":"https:\/\/homolog.fluency.io\/br\/blog\/o-que-fazer-para-falar-melhor-em-publico-dicas-e-praticas\/","url":"https:\/\/homolog.fluency.io\/br\/blog\/o-que-fazer-para-falar-melhor-em-publico-dicas-e-praticas\/","name":"O que Fazer para Falar Melhor em P\u00fablico: Dicas e Pr\u00e1ticas - Fluency.io Brasil","isPartOf":{"@id":"https:\/\/homolog.fluency.io\/br\/#website"},"datePublished":"2023-06-30T03:25:35+00:00","dateModified":"2023-08-01T17:43:31+00:00","author":{"@id":"https:\/\/homolog.fluency.io\/br\/#\/schema\/person\/7b3b2b50ba17b7f2ad0cce0a40bfa00a"},"description":"Descubra o que fazer para falar melhor em p\u00fablico! Conhe\u00e7a estrat\u00e9gias como autoconhecimento, prepara\u00e7\u00e3o, visualiza\u00e7\u00e3o positiva, respira\u00e7\u00e3o e postura, e di...","breadcrumb":{"@id":"https:\/\/homolog.fluency.io\/br\/blog\/o-que-fazer-para-falar-melhor-em-publico-dicas-e-praticas\/#breadcrumb"},"inLanguage":"pt-BR","potentialAction":[{"@type":"ReadAction","target":["https:\/\/homolog.fluency.io\/br\/blog\/o-que-fazer-para-falar-melhor-em-publico-dicas-e-praticas\/"]}]},{"@type":"BreadcrumbList","@id":"https:\/\/homolog.fluency.io\/br\/blog\/o-que-fazer-para-falar-melhor-em-publico-dicas-e-praticas\/#breadcrumb","itemListElement":[{"@type":"ListItem","position":1,"name":"In\u00edcio","item":"https:\/\/homolog.fluency.io\/br\/"},{"@type":"ListItem","position":2,"name":"O que Fazer para Falar Melhor em P\u00fablico: Dicas e Pr\u00e1ticas"}]},{"@type":"WebSite","@id":"https:\/\/homolog.fluency.io\/br\/#website","url":"https:\/\/homolog.fluency.io\/br\/","name":"Fluency.io Brasil","description":"","potentialAction":[{"@type":"SearchAction","target":{"@type":"EntryPoint","urlTemplate":"https:\/\/homolog.fluency.io\/br\/?s={search_term_string}"},"query-input":{"@type":"PropertyValueSpecification","valueRequired":true,"valueName":"search_term_string"}}],"inLanguage":"pt-BR"},{"@type":"Person","@id":"https:\/\/homolog.fluency.io\/br\/#\/schema\/person\/7b3b2b50ba17b7f2ad0cce0a40bfa00a","name":"kaue","image":{"@type":"ImageObject","inLanguage":"pt-BR","@id":"https:\/\/secure.gravatar.com\/avatar\/bdd3958fa53019cfd8f789c0a49a730e7ba40a1d20cb42c9ced7646285842479?s=96&d=mm&r=g","url":"https:\/\/secure.gravatar.com\/avatar\/bdd3958fa53019cfd8f789c0a49a730e7ba40a1d20cb42c9ced7646285842479?s=96&d=mm&r=g","contentUrl":"https:\/\/secure.gravatar.com\/avatar\/bdd3958fa53019cfd8f789c0a49a730e7ba40a1d20cb42c9ced7646285842479?s=96&d=mm&r=g","caption":"kaue"},"url":"https:\/\/homolog.fluency.io\/br\/author\/kaue\/"}]}},"_links":{"self":[{"href":"https:\/\/homolog.fluency.io\/br\/wp-json\/wp\/v2\/posts\/124390","targetHints":{"allow":["GET"]}}],"collection":[{"href":"https:\/\/homolog.fluency.io\/br\/wp-json\/wp\/v2\/posts"}],"about":[{"href":"https:\/\/homolog.fluency.io\/br\/wp-json\/wp\/v2\/types\/post"}],"author":[{"embeddable":true,"href":"https:\/\/homolog.fluency.io\/br\/wp-json\/wp\/v2\/users\/9"}],"replies":[{"embeddable":true,"href":"https:\/\/homolog.fluency.io\/br\/wp-json\/wp\/v2\/comments?post=124390"}],"version-history":[{"count":0,"href":"https:\/\/homolog.fluency.io\/br\/wp-json\/wp\/v2\/posts\/124390\/revisions"}],"wp:attachment":[{"href":"https:\/\/homolog.fluency.io\/br\/wp-json\/wp\/v2\/media?parent=124390"}],"wp:term":[{"taxonomy":"category","embeddable":true,"href":"https:\/\/homolog.fluency.io\/br\/wp-json\/wp\/v2\/categories?post=124390"},{"taxonomy":"post_tag","embeddable":true,"href":"https:\/\/homolog.fluency.io\/br\/wp-json\/wp\/v2\/tags?post=124390"},{"taxonomy":"format","embeddable":true,"href":"https:\/\/homolog.fluency.io\/br\/wp-json\/wp\/v2\/format?post=124390"},{"taxonomy":"trilha","embeddable":true,"href":"https:\/\/homolog.fluency.io\/br\/wp-json\/wp\/v2\/trilha?post=124390"}],"curies":[{"name":"wp","href":"https:\/\/api.w.org\/{rel}","templated":true}]}}