{"id":60091,"date":"2021-02-27T12:52:00","date_gmt":"2021-02-27T12:52:00","guid":{"rendered":"https:\/\/fluency.io\/br\/blog\/conjugacao-dos-verbos-are\/"},"modified":"2024-08-26T10:57:13","modified_gmt":"2024-08-26T13:57:13","slug":"conjugacao-dos-verbos-are","status":"publish","type":"post","link":"https:\/\/homolog.fluency.io\/br\/blog\/conjugacao-dos-verbos-are\/","title":{"rendered":"Conjuga\u00e7\u00e3o dos verbos -ARE"},"content":{"rendered":"<p><em>Ciao!<\/em><\/p>\n<p>Sejam bem-vindos e bem-vindas a mais uma dica de um minuto de italiano! Voc\u00ea j\u00e1 ouviu aquela m\u00fasica: \u201c<em>Volare, oh oh! Cantare, oh oh<\/em>!\u201d? Percebeu que muitos verbos italianos terminam em <em>-ARE<\/em>? \u00c9 sobre esses verbos que vamos falar hoje!<\/p>\n<p>Em italiano, os verbos s\u00e3o agrupados em tr\u00eas categorias, segundo as suas termina\u00e7\u00f5es: -are, -ere e -ire. Como em outros idiomas, cada categoria tem o seu pr\u00f3prio final quando os verbos s\u00e3o conjugados! Hoje, quero te ensinar como conjugar os verbos regulares terminados em -ARE no presente, vamos nessa?<\/p>\n<p>Vou usar como exemplo o verbo <em>AMARE<\/em>, \u201camar\u201d em portugu\u00eas! Primeiramente, voc\u00ea vai tirar a termina\u00e7\u00e3o -ARE: no caso do exemplo, AMARE se torna AM. Em seguida, acrescentamos as termina\u00e7\u00f5es do presente: <strong>-o<\/strong>, <strong>-i<\/strong>, <strong>-a<\/strong>, <strong>-iamo<\/strong>, <strong>-ate<\/strong>, <strong>-ano<\/strong>. Veja:<\/p>\n<p><strong><em>AMARE<\/em><\/strong> (AMAR)<em><br \/>\nIo am<\/em><strong><em>o<\/em><\/strong><em><br \/>\nTu am<\/em><strong><em>i<\/em><\/strong><em><br \/>\nLui\/lei am<\/em><strong><em>a<\/em><\/strong><em><br \/>\nNoi am<\/em><strong><em>iamo<\/em><\/strong><em><br \/>\nVoi am<\/em><strong><em>ate<\/em><\/strong><em><br \/>\nLoro am<\/em><strong><em>ano <\/em><\/strong><\/p>\n<p>Vamos conferir outros exemplos:<\/p>\n<p><strong><em>PARLARE<\/em><\/strong> (FALAR)<em><br \/>\nIo parl<\/em><strong><em>o<\/em><\/strong><em><br \/>\nTu parl<\/em><strong><em>i<\/em><\/strong><em><br \/>\nLui\/lei parl<\/em><strong><em>a<\/em><\/strong><em><br \/>\nNoi parl<\/em><strong><em>iamo<\/em><\/strong><em><br \/>\nVoi parl<\/em><strong><em>ate<\/em><\/strong><em><br \/>\nLoro parl<\/em><strong><em>ano<\/em><\/strong><\/p>\n<p><strong><em>MANGIARE<\/em><\/strong> (COMER)<br \/>\nIo mangi<strong>o<\/strong><br \/>\nTu mang<strong>i<\/strong><br \/>\nLui\/lei mang<strong>ia<\/strong><br \/>\nNoi mang<strong>iamo<\/strong><br \/>\nVoi mangi<strong>ate<\/strong><br \/>\nLoro mangi<strong>ano<\/strong><\/p>\n<p><strong><em>ASCOLTARE<\/em><\/strong> (ESCUTAR)<em><br \/>\nIo ascolt<\/em><strong><em>o<\/em><\/strong><em><br \/>\nTu ascolt<\/em><strong><em>i<\/em><\/strong><em><br \/>\nLui\/lei ascolt<\/em><strong><em>a<\/em><\/strong><em><br \/>\nNoi ascolt<\/em><strong><em>iamo<\/em><\/strong><em><br \/>\nVoi ascolt<\/em><strong><em>ate<\/em><\/strong><em><br \/>\nLoro ascolt<\/em><strong><em>ano<\/em><\/strong><\/p>\n<p><a href=\"\/br\/blog\/aprenda-a-pronunciar-o-g-do-italiano\">Aproveitando que voc\u00ea est\u00e1 aprendendo mais sobre as letras, voc\u00ea sabe como falar \u201cgirafa\u201d ou \u201cguerra\u201d em italiano? Aprenda as diferentes pron\u00fancias da letra G!<\/a><\/p>\n<p>Esperamos que tenha curtido a dica de hoje! Continue estudando pelos conte\u00fados do nosso portal!<\/p>\n<p><em>Noi ci vediamo presto! Ciao!<\/em><\/p>\n","protected":false},"excerpt":{"rendered":"<p>Os verbos em italiano n\u00e3o s\u00e3o t\u00e3o dif\u00edceis! Saiba como conjugar os verbos regulares terminados em -ARE no presente!<\/p>\n","protected":false},"author":6,"featured_media":60092,"comment_status":"open","ping_status":"open","sticky":false,"template":"","format":[186],"meta":{"inline_featured_image":false,"footnotes":""},"categories":[229],"tags":[],"trilha":[],"class_list":["post-60091","post","type-post","status-publish","format-standard","has-post-thumbnail","hentry","category-skills","format-artigos"],"acf":[],"yoast_head":"<!-- This site is optimized with the Yoast SEO plugin v27.4 - https:\/\/yoast.com\/product\/yoast-seo-wordpress\/ -->\n<title>Conjuga\u00e7\u00e3o dos verbos -ARE<\/title>\n<meta name=\"description\" content=\"Os verbos em italiano n\u00e3o s\u00e3o t\u00e3o dif\u00edceis! Saiba como conjugar os verbos regulares terminados em -ARE no presente!...\" \/>\n<meta name=\"robots\" content=\"noindex, follow, max-snippet:-1, max-image-preview:large, max-video-preview:-1\" \/>\n<meta property=\"og:locale\" content=\"pt_BR\" \/>\n<meta property=\"og:type\" content=\"article\" \/>\n<meta property=\"og:title\" content=\"Conjuga\u00e7\u00e3o dos verbos -ARE\" \/>\n<meta property=\"og:description\" content=\"Os verbos em italiano n\u00e3o s\u00e3o t\u00e3o dif\u00edceis! Saiba como conjugar os verbos regulares terminados em -ARE no presente!...\" \/>\n<meta property=\"og:url\" content=\"https:\/\/homolog.fluency.io\/br\/blog\/conjugacao-dos-verbos-are\/\" \/>\n<meta property=\"og:site_name\" content=\"Fluency.io Brasil\" \/>\n<meta property=\"article:published_time\" content=\"2021-02-27T12:52:00+00:00\" \/>\n<meta property=\"article:modified_time\" content=\"2024-08-26T13:57:13+00:00\" \/>\n<meta property=\"og:image\" content=\"https:\/\/homolog.fluency.io\/br\/wp-content\/uploads\/sites\/3\/2023\/12\/60392614351796f4d70b1b41_TIP_ITA_Stephano_conjugacao-verbo-em-are_Thumb_YT-1.jpg\" \/>\n\t<meta property=\"og:image:width\" content=\"1920\" \/>\n\t<meta property=\"og:image:height\" content=\"1080\" \/>\n\t<meta property=\"og:image:type\" content=\"image\/jpeg\" \/>\n<meta name=\"twitter:card\" content=\"summary_large_image\" \/>\n<meta name=\"twitter:label1\" content=\"Escrito por\" \/>\n\t<meta name=\"twitter:data1\" content=\"marcelo\" \/>\n\t<meta name=\"twitter:label2\" content=\"Est. tempo de leitura\" \/>\n\t<meta name=\"twitter:data2\" content=\"1 minuto\" \/>\n<script type=\"application\/ld+json\" class=\"yoast-schema-graph\">{\"@context\":\"https:\\\/\\\/schema.org\",\"@graph\":[{\"@type\":\"Article\",\"@id\":\"https:\\\/\\\/homolog.fluency.io\\\/br\\\/blog\\\/conjugacao-dos-verbos-are\\\/#article\",\"isPartOf\":{\"@id\":\"https:\\\/\\\/homolog.fluency.io\\\/br\\\/blog\\\/conjugacao-dos-verbos-are\\\/\"},\"author\":{\"name\":\"marcelo\",\"@id\":\"https:\\\/\\\/homolog.fluency.io\\\/br\\\/#\\\/schema\\\/person\\\/395d83f1006a72bd4912230eea50ff6f\"},\"headline\":\"Conjuga\u00e7\u00e3o dos verbos -ARE\",\"datePublished\":\"2021-02-27T12:52:00+00:00\",\"dateModified\":\"2024-08-26T13:57:13+00:00\",\"mainEntityOfPage\":{\"@id\":\"https:\\\/\\\/homolog.fluency.io\\\/br\\\/blog\\\/conjugacao-dos-verbos-are\\\/\"},\"wordCount\":271,\"commentCount\":0,\"image\":{\"@id\":\"https:\\\/\\\/homolog.fluency.io\\\/br\\\/blog\\\/conjugacao-dos-verbos-are\\\/#primaryimage\"},\"thumbnailUrl\":\"https:\\\/\\\/homolog.fluency.io\\\/br\\\/wp-content\\\/uploads\\\/sites\\\/3\\\/2023\\\/12\\\/60392614351796f4d70b1b41_TIP_ITA_Stephano_conjugacao-verbo-em-are_Thumb_YT-1.jpg\",\"articleSection\":[\"Skills\"],\"inLanguage\":\"pt-BR\",\"potentialAction\":[{\"@type\":\"CommentAction\",\"name\":\"Comment\",\"target\":[\"https:\\\/\\\/homolog.fluency.io\\\/br\\\/blog\\\/conjugacao-dos-verbos-are\\\/#respond\"]}]},{\"@type\":\"WebPage\",\"@id\":\"https:\\\/\\\/homolog.fluency.io\\\/br\\\/blog\\\/conjugacao-dos-verbos-are\\\/\",\"url\":\"https:\\\/\\\/homolog.fluency.io\\\/br\\\/blog\\\/conjugacao-dos-verbos-are\\\/\",\"name\":\"Conjuga\u00e7\u00e3o dos verbos -ARE\",\"isPartOf\":{\"@id\":\"https:\\\/\\\/homolog.fluency.io\\\/br\\\/#website\"},\"primaryImageOfPage\":{\"@id\":\"https:\\\/\\\/homolog.fluency.io\\\/br\\\/blog\\\/conjugacao-dos-verbos-are\\\/#primaryimage\"},\"image\":{\"@id\":\"https:\\\/\\\/homolog.fluency.io\\\/br\\\/blog\\\/conjugacao-dos-verbos-are\\\/#primaryimage\"},\"thumbnailUrl\":\"https:\\\/\\\/homolog.fluency.io\\\/br\\\/wp-content\\\/uploads\\\/sites\\\/3\\\/2023\\\/12\\\/60392614351796f4d70b1b41_TIP_ITA_Stephano_conjugacao-verbo-em-are_Thumb_YT-1.jpg\",\"datePublished\":\"2021-02-27T12:52:00+00:00\",\"dateModified\":\"2024-08-26T13:57:13+00:00\",\"author\":{\"@id\":\"https:\\\/\\\/homolog.fluency.io\\\/br\\\/#\\\/schema\\\/person\\\/395d83f1006a72bd4912230eea50ff6f\"},\"description\":\"Os verbos em italiano n\u00e3o s\u00e3o t\u00e3o dif\u00edceis! Saiba como conjugar os verbos regulares terminados em -ARE no presente!...\",\"breadcrumb\":{\"@id\":\"https:\\\/\\\/homolog.fluency.io\\\/br\\\/blog\\\/conjugacao-dos-verbos-are\\\/#breadcrumb\"},\"inLanguage\":\"pt-BR\",\"potentialAction\":[{\"@type\":\"ReadAction\",\"target\":[\"https:\\\/\\\/homolog.fluency.io\\\/br\\\/blog\\\/conjugacao-dos-verbos-are\\\/\"]}]},{\"@type\":\"ImageObject\",\"inLanguage\":\"pt-BR\",\"@id\":\"https:\\\/\\\/homolog.fluency.io\\\/br\\\/blog\\\/conjugacao-dos-verbos-are\\\/#primaryimage\",\"url\":\"https:\\\/\\\/homolog.fluency.io\\\/br\\\/wp-content\\\/uploads\\\/sites\\\/3\\\/2023\\\/12\\\/60392614351796f4d70b1b41_TIP_ITA_Stephano_conjugacao-verbo-em-are_Thumb_YT-1.jpg\",\"contentUrl\":\"https:\\\/\\\/homolog.fluency.io\\\/br\\\/wp-content\\\/uploads\\\/sites\\\/3\\\/2023\\\/12\\\/60392614351796f4d70b1b41_TIP_ITA_Stephano_conjugacao-verbo-em-are_Thumb_YT-1.jpg\",\"width\":1920,\"height\":1080,\"caption\":\"Conjuga\u00e7\u00e3o dos verbos -ARE\"},{\"@type\":\"BreadcrumbList\",\"@id\":\"https:\\\/\\\/homolog.fluency.io\\\/br\\\/blog\\\/conjugacao-dos-verbos-are\\\/#breadcrumb\",\"itemListElement\":[{\"@type\":\"ListItem\",\"position\":1,\"name\":\"In\u00edcio\",\"item\":\"https:\\\/\\\/homolog.fluency.io\\\/br\\\/\"},{\"@type\":\"ListItem\",\"position\":2,\"name\":\"Conjuga\u00e7\u00e3o dos verbos -ARE\"}]},{\"@type\":\"WebSite\",\"@id\":\"https:\\\/\\\/homolog.fluency.io\\\/br\\\/#website\",\"url\":\"https:\\\/\\\/homolog.fluency.io\\\/br\\\/\",\"name\":\"Fluency.io Brasil\",\"description\":\"\",\"potentialAction\":[{\"@type\":\"SearchAction\",\"target\":{\"@type\":\"EntryPoint\",\"urlTemplate\":\"https:\\\/\\\/homolog.fluency.io\\\/br\\\/?s={search_term_string}\"},\"query-input\":{\"@type\":\"PropertyValueSpecification\",\"valueRequired\":true,\"valueName\":\"search_term_string\"}}],\"inLanguage\":\"pt-BR\"},{\"@type\":\"Person\",\"@id\":\"https:\\\/\\\/homolog.fluency.io\\\/br\\\/#\\\/schema\\\/person\\\/395d83f1006a72bd4912230eea50ff6f\",\"name\":\"marcelo\",\"image\":{\"@type\":\"ImageObject\",\"inLanguage\":\"pt-BR\",\"@id\":\"https:\\\/\\\/secure.gravatar.com\\\/avatar\\\/9050681441880d21ef4048d38965a107dc5b77bf302f57fa3939973bdafa41d8?s=96&d=mm&r=g\",\"url\":\"https:\\\/\\\/secure.gravatar.com\\\/avatar\\\/9050681441880d21ef4048d38965a107dc5b77bf302f57fa3939973bdafa41d8?s=96&d=mm&r=g\",\"contentUrl\":\"https:\\\/\\\/secure.gravatar.com\\\/avatar\\\/9050681441880d21ef4048d38965a107dc5b77bf302f57fa3939973bdafa41d8?s=96&d=mm&r=g\",\"caption\":\"marcelo\"},\"url\":\"https:\\\/\\\/homolog.fluency.io\\\/br\\\/author\\\/marcelo\\\/\"}]}<\/script>\n<!-- \/ Yoast SEO plugin. -->","yoast_head_json":{"title":"Conjuga\u00e7\u00e3o dos verbos -ARE","description":"Os verbos em italiano n\u00e3o s\u00e3o t\u00e3o dif\u00edceis! Saiba como conjugar os verbos regulares terminados em -ARE no presente!...","robots":{"index":"noindex","follow":"follow","max-snippet":"max-snippet:-1","max-image-preview":"max-image-preview:large","max-video-preview":"max-video-preview:-1"},"og_locale":"pt_BR","og_type":"article","og_title":"Conjuga\u00e7\u00e3o dos verbos -ARE","og_description":"Os verbos em italiano n\u00e3o s\u00e3o t\u00e3o dif\u00edceis! Saiba como conjugar os verbos regulares terminados em -ARE no presente!...","og_url":"https:\/\/homolog.fluency.io\/br\/blog\/conjugacao-dos-verbos-are\/","og_site_name":"Fluency.io Brasil","article_published_time":"2021-02-27T12:52:00+00:00","article_modified_time":"2024-08-26T13:57:13+00:00","og_image":[{"width":1920,"height":1080,"url":"https:\/\/homolog.fluency.io\/br\/wp-content\/uploads\/sites\/3\/2023\/12\/60392614351796f4d70b1b41_TIP_ITA_Stephano_conjugacao-verbo-em-are_Thumb_YT-1.jpg","type":"image\/jpeg"}],"twitter_card":"summary_large_image","twitter_misc":{"Escrito por":"marcelo","Est. tempo de leitura":"1 minuto"},"schema":{"@context":"https:\/\/schema.org","@graph":[{"@type":"Article","@id":"https:\/\/homolog.fluency.io\/br\/blog\/conjugacao-dos-verbos-are\/#article","isPartOf":{"@id":"https:\/\/homolog.fluency.io\/br\/blog\/conjugacao-dos-verbos-are\/"},"author":{"name":"marcelo","@id":"https:\/\/homolog.fluency.io\/br\/#\/schema\/person\/395d83f1006a72bd4912230eea50ff6f"},"headline":"Conjuga\u00e7\u00e3o dos verbos -ARE","datePublished":"2021-02-27T12:52:00+00:00","dateModified":"2024-08-26T13:57:13+00:00","mainEntityOfPage":{"@id":"https:\/\/homolog.fluency.io\/br\/blog\/conjugacao-dos-verbos-are\/"},"wordCount":271,"commentCount":0,"image":{"@id":"https:\/\/homolog.fluency.io\/br\/blog\/conjugacao-dos-verbos-are\/#primaryimage"},"thumbnailUrl":"https:\/\/homolog.fluency.io\/br\/wp-content\/uploads\/sites\/3\/2023\/12\/60392614351796f4d70b1b41_TIP_ITA_Stephano_conjugacao-verbo-em-are_Thumb_YT-1.jpg","articleSection":["Skills"],"inLanguage":"pt-BR","potentialAction":[{"@type":"CommentAction","name":"Comment","target":["https:\/\/homolog.fluency.io\/br\/blog\/conjugacao-dos-verbos-are\/#respond"]}]},{"@type":"WebPage","@id":"https:\/\/homolog.fluency.io\/br\/blog\/conjugacao-dos-verbos-are\/","url":"https:\/\/homolog.fluency.io\/br\/blog\/conjugacao-dos-verbos-are\/","name":"Conjuga\u00e7\u00e3o dos verbos -ARE","isPartOf":{"@id":"https:\/\/homolog.fluency.io\/br\/#website"},"primaryImageOfPage":{"@id":"https:\/\/homolog.fluency.io\/br\/blog\/conjugacao-dos-verbos-are\/#primaryimage"},"image":{"@id":"https:\/\/homolog.fluency.io\/br\/blog\/conjugacao-dos-verbos-are\/#primaryimage"},"thumbnailUrl":"https:\/\/homolog.fluency.io\/br\/wp-content\/uploads\/sites\/3\/2023\/12\/60392614351796f4d70b1b41_TIP_ITA_Stephano_conjugacao-verbo-em-are_Thumb_YT-1.jpg","datePublished":"2021-02-27T12:52:00+00:00","dateModified":"2024-08-26T13:57:13+00:00","author":{"@id":"https:\/\/homolog.fluency.io\/br\/#\/schema\/person\/395d83f1006a72bd4912230eea50ff6f"},"description":"Os verbos em italiano n\u00e3o s\u00e3o t\u00e3o dif\u00edceis! Saiba como conjugar os verbos regulares terminados em -ARE no presente!...","breadcrumb":{"@id":"https:\/\/homolog.fluency.io\/br\/blog\/conjugacao-dos-verbos-are\/#breadcrumb"},"inLanguage":"pt-BR","potentialAction":[{"@type":"ReadAction","target":["https:\/\/homolog.fluency.io\/br\/blog\/conjugacao-dos-verbos-are\/"]}]},{"@type":"ImageObject","inLanguage":"pt-BR","@id":"https:\/\/homolog.fluency.io\/br\/blog\/conjugacao-dos-verbos-are\/#primaryimage","url":"https:\/\/homolog.fluency.io\/br\/wp-content\/uploads\/sites\/3\/2023\/12\/60392614351796f4d70b1b41_TIP_ITA_Stephano_conjugacao-verbo-em-are_Thumb_YT-1.jpg","contentUrl":"https:\/\/homolog.fluency.io\/br\/wp-content\/uploads\/sites\/3\/2023\/12\/60392614351796f4d70b1b41_TIP_ITA_Stephano_conjugacao-verbo-em-are_Thumb_YT-1.jpg","width":1920,"height":1080,"caption":"Conjuga\u00e7\u00e3o dos verbos -ARE"},{"@type":"BreadcrumbList","@id":"https:\/\/homolog.fluency.io\/br\/blog\/conjugacao-dos-verbos-are\/#breadcrumb","itemListElement":[{"@type":"ListItem","position":1,"name":"In\u00edcio","item":"https:\/\/homolog.fluency.io\/br\/"},{"@type":"ListItem","position":2,"name":"Conjuga\u00e7\u00e3o dos verbos -ARE"}]},{"@type":"WebSite","@id":"https:\/\/homolog.fluency.io\/br\/#website","url":"https:\/\/homolog.fluency.io\/br\/","name":"Fluency.io Brasil","description":"","potentialAction":[{"@type":"SearchAction","target":{"@type":"EntryPoint","urlTemplate":"https:\/\/homolog.fluency.io\/br\/?s={search_term_string}"},"query-input":{"@type":"PropertyValueSpecification","valueRequired":true,"valueName":"search_term_string"}}],"inLanguage":"pt-BR"},{"@type":"Person","@id":"https:\/\/homolog.fluency.io\/br\/#\/schema\/person\/395d83f1006a72bd4912230eea50ff6f","name":"marcelo","image":{"@type":"ImageObject","inLanguage":"pt-BR","@id":"https:\/\/secure.gravatar.com\/avatar\/9050681441880d21ef4048d38965a107dc5b77bf302f57fa3939973bdafa41d8?s=96&d=mm&r=g","url":"https:\/\/secure.gravatar.com\/avatar\/9050681441880d21ef4048d38965a107dc5b77bf302f57fa3939973bdafa41d8?s=96&d=mm&r=g","contentUrl":"https:\/\/secure.gravatar.com\/avatar\/9050681441880d21ef4048d38965a107dc5b77bf302f57fa3939973bdafa41d8?s=96&d=mm&r=g","caption":"marcelo"},"url":"https:\/\/homolog.fluency.io\/br\/author\/marcelo\/"}]}},"_links":{"self":[{"href":"https:\/\/homolog.fluency.io\/br\/wp-json\/wp\/v2\/posts\/60091","targetHints":{"allow":["GET"]}}],"collection":[{"href":"https:\/\/homolog.fluency.io\/br\/wp-json\/wp\/v2\/posts"}],"about":[{"href":"https:\/\/homolog.fluency.io\/br\/wp-json\/wp\/v2\/types\/post"}],"author":[{"embeddable":true,"href":"https:\/\/homolog.fluency.io\/br\/wp-json\/wp\/v2\/users\/6"}],"replies":[{"embeddable":true,"href":"https:\/\/homolog.fluency.io\/br\/wp-json\/wp\/v2\/comments?post=60091"}],"version-history":[{"count":2,"href":"https:\/\/homolog.fluency.io\/br\/wp-json\/wp\/v2\/posts\/60091\/revisions"}],"predecessor-version":[{"id":70022,"href":"https:\/\/homolog.fluency.io\/br\/wp-json\/wp\/v2\/posts\/60091\/revisions\/70022"}],"wp:featuredmedia":[{"embeddable":true,"href":"https:\/\/homolog.fluency.io\/br\/wp-json\/wp\/v2\/media\/60092"}],"wp:attachment":[{"href":"https:\/\/homolog.fluency.io\/br\/wp-json\/wp\/v2\/media?parent=60091"}],"wp:term":[{"taxonomy":"category","embeddable":true,"href":"https:\/\/homolog.fluency.io\/br\/wp-json\/wp\/v2\/categories?post=60091"},{"taxonomy":"post_tag","embeddable":true,"href":"https:\/\/homolog.fluency.io\/br\/wp-json\/wp\/v2\/tags?post=60091"},{"taxonomy":"format","embeddable":true,"href":"https:\/\/homolog.fluency.io\/br\/wp-json\/wp\/v2\/format?post=60091"},{"taxonomy":"trilha","embeddable":true,"href":"https:\/\/homolog.fluency.io\/br\/wp-json\/wp\/v2\/trilha?post=60091"}],"curies":[{"name":"wp","href":"https:\/\/api.w.org\/{rel}","templated":true}]}}