{"id":60421,"date":"2022-08-29T12:52:00","date_gmt":"2022-08-29T12:52:00","guid":{"rendered":"https:\/\/fluency.io\/br\/blog\/si-em-frances\/"},"modified":"2024-08-26T10:57:18","modified_gmt":"2024-08-26T13:57:18","slug":"si-em-frances","status":"publish","type":"post","link":"https:\/\/homolog.fluency.io\/br\/blog\/si-em-frances\/","title":{"rendered":"Como podemos usar o \u201csi\u201d do Franc\u00eas?"},"content":{"rendered":"<h2>&#8220;Oui&#8221; ou &#8220;si&#8221;?<\/h2>\n<p>\u200d<em>Salut! \u00c7a va?<\/em><\/p>\n<p><em>\u200d<\/em>Talvez voc\u00ea j\u00e1 saiba que <strong>\u201csim\u201d<\/strong> em franc\u00eas \u00e9 <strong><em>\u201coui\u201d<\/em><\/strong>, mas voc\u00ea sabia que tamb\u00e9m pode ser <strong><em>\u201csi\u201d<\/em><\/strong>? Pois \u00e9!<br \/>\nS\u00f3 tenha cuidado, j\u00e1 que eles s\u00e3o usados em situa\u00e7\u00f5es diferentes. Vem comigo que eu vou te explicar quando falar <strong><em>\u201coui\u201d<\/em><\/strong> ou <strong><em>\u201csi\u201d<\/em><\/strong>!<\/p>\n<p>O famoso <strong><em>\u201coui\u201d<\/em><\/strong> \u00e9 usado para <strong>afirmar uma afirma\u00e7\u00e3o<\/strong>, enquanto o <strong><em>\u201csi\u201d<\/em><\/strong> \u00e9 usado para <strong>afirmar uma nega\u00e7\u00e3o<\/strong>. Confundiu tudo? Calma que vou te ajudar com os exemplos!<\/p>\n<p>Neste di\u00e1logo, a pergunta \u00e9 feita na <strong>afirmativa<\/strong>, e portanto usamos o <strong><em>\u201coui\u201d<\/em><\/strong>:<\/p>\n<p>A: Voc\u00ea fala franc\u00eas?<br \/>\n<strong>A:<\/strong> <strong><em>Tu parle fran\u00e7ais?<\/em><\/strong><\/p>\n<p>B: Sim, eu falo!<br \/>\n<strong>B:<\/strong> <strong><em>Oui, je parle!<\/em><\/strong><\/p>\n<p><strong><em>\u200d<\/em><\/strong>Mas neste exemplo, a pergunta \u00e9 feita com uma <strong>nega\u00e7\u00e3o<\/strong>, ent\u00e3o aqui usamos o<strong><em> \u201csi\u201d<\/em><\/strong>:<\/p>\n<p>A: Voc\u00ea n\u00e3o fala franc\u00eas?<br \/>\n<strong>A: <em>Tu ne parles pas fran\u00e7ais?<\/em><\/strong><\/p>\n<p>B: Sim, eu falo!<br \/>\n<strong>B:<\/strong> <strong><em>Si, je parle!<\/em><\/strong><\/p>\n<p>Ficou mais f\u00e1cil? Agora voc\u00ea j\u00e1 sabe como usar as duas vers\u00f5es do \u201csim\u201d do franc\u00eas!<\/p>\n","protected":false},"excerpt":{"rendered":"<p>Voc\u00ea sabia que existe um \u201csi\u201d no franc\u00eas? Vem comigo que eu vou te ensinar como us\u00e1-lo.<\/p>\n","protected":false},"author":6,"featured_media":60422,"comment_status":"open","ping_status":"open","sticky":false,"template":"","format":[184],"meta":{"inline_featured_image":false,"footnotes":""},"categories":[162,160],"tags":[],"trilha":[],"class_list":["post-60421","post","type-post","status-publish","format-standard","has-post-thumbnail","hentry","category-expressao","category-gramatica","format-videos"],"acf":[],"yoast_head":"<!-- This site is optimized with the Yoast SEO plugin v27.4 - https:\/\/yoast.com\/product\/yoast-seo-wordpress\/ -->\n<title>Como podemos usar o \u201csi\u201d do Franc\u00eas?<\/title>\n<meta name=\"description\" content=\"Veja alguns exemplos de como se falar e escrever \u201cSIM\u201d em Franc\u00eas, uma palavra que apesar de simples \u00e9 muito utilizada. Venha aprender mais com a gente!\" \/>\n<meta name=\"robots\" content=\"noindex, follow, max-snippet:-1, max-image-preview:large, max-video-preview:-1\" \/>\n<meta property=\"og:locale\" content=\"pt_BR\" \/>\n<meta property=\"og:type\" content=\"article\" \/>\n<meta property=\"og:title\" content=\"Como podemos usar o \u201csi\u201d do Franc\u00eas?\" \/>\n<meta property=\"og:description\" content=\"Veja alguns exemplos de como se falar e escrever \u201cSIM\u201d em Franc\u00eas, uma palavra que apesar de simples \u00e9 muito utilizada. Venha aprender mais com a gente!\" \/>\n<meta property=\"og:url\" content=\"https:\/\/fluency.io\/br\/blog\/si-em-frances\/\" \/>\n<meta property=\"og:site_name\" content=\"Fluency.io Brasil\" \/>\n<meta property=\"article:published_time\" content=\"2022-08-29T12:52:00+00:00\" \/>\n<meta property=\"article:modified_time\" content=\"2024-08-26T13:57:18+00:00\" \/>\n<meta property=\"og:image\" content=\"https:\/\/fluency.io\/br\/wp-content\/uploads\/sites\/3\/2023\/12\/5ede84974bb6f076f3eb8138__0021_FR_Teurra_Thumb_Si-frases-negativas_YT.jpg\" \/>\n\t<meta property=\"og:image:width\" content=\"1920\" \/>\n\t<meta property=\"og:image:height\" content=\"1080\" \/>\n\t<meta property=\"og:image:type\" content=\"image\/jpeg\" \/>\n<meta name=\"twitter:card\" content=\"summary_large_image\" \/>\n<meta name=\"twitter:label1\" content=\"Escrito por\" \/>\n\t<meta name=\"twitter:data1\" content=\"marcelo\" \/>\n\t<meta name=\"twitter:label2\" content=\"Est. tempo de leitura\" \/>\n\t<meta name=\"twitter:data2\" content=\"1 minuto\" \/>\n<script type=\"application\/ld+json\" class=\"yoast-schema-graph\">{\"@context\":\"https:\\\/\\\/schema.org\",\"@graph\":[{\"@type\":\"Article\",\"@id\":\"https:\\\/\\\/fluency.io\\\/br\\\/blog\\\/si-em-frances\\\/#article\",\"isPartOf\":{\"@id\":\"https:\\\/\\\/fluency.io\\\/br\\\/blog\\\/si-em-frances\\\/\"},\"author\":{\"name\":\"marcelo\",\"@id\":\"https:\\\/\\\/homolog.fluency.io\\\/br\\\/#\\\/schema\\\/person\\\/395d83f1006a72bd4912230eea50ff6f\"},\"headline\":\"Como podemos usar o \u201csi\u201d do Franc\u00eas?\",\"datePublished\":\"2022-08-29T12:52:00+00:00\",\"dateModified\":\"2024-08-26T13:57:18+00:00\",\"mainEntityOfPage\":{\"@id\":\"https:\\\/\\\/fluency.io\\\/br\\\/blog\\\/si-em-frances\\\/\"},\"wordCount\":175,\"commentCount\":0,\"image\":{\"@id\":\"https:\\\/\\\/fluency.io\\\/br\\\/blog\\\/si-em-frances\\\/#primaryimage\"},\"thumbnailUrl\":\"https:\\\/\\\/homolog.fluency.io\\\/br\\\/wp-content\\\/uploads\\\/sites\\\/3\\\/2023\\\/12\\\/5ede84974bb6f076f3eb8138__0021_FR_Teurra_Thumb_Si-frases-negativas_YT.jpg\",\"articleSection\":[\"Express\u00e3o\",\"Gram\u00e1tica\"],\"inLanguage\":\"pt-BR\",\"potentialAction\":[{\"@type\":\"CommentAction\",\"name\":\"Comment\",\"target\":[\"https:\\\/\\\/fluency.io\\\/br\\\/blog\\\/si-em-frances\\\/#respond\"]}]},{\"@type\":\"WebPage\",\"@id\":\"https:\\\/\\\/fluency.io\\\/br\\\/blog\\\/si-em-frances\\\/\",\"url\":\"https:\\\/\\\/fluency.io\\\/br\\\/blog\\\/si-em-frances\\\/\",\"name\":\"Como podemos usar o \u201csi\u201d do Franc\u00eas?\",\"isPartOf\":{\"@id\":\"https:\\\/\\\/homolog.fluency.io\\\/br\\\/#website\"},\"primaryImageOfPage\":{\"@id\":\"https:\\\/\\\/fluency.io\\\/br\\\/blog\\\/si-em-frances\\\/#primaryimage\"},\"image\":{\"@id\":\"https:\\\/\\\/fluency.io\\\/br\\\/blog\\\/si-em-frances\\\/#primaryimage\"},\"thumbnailUrl\":\"https:\\\/\\\/homolog.fluency.io\\\/br\\\/wp-content\\\/uploads\\\/sites\\\/3\\\/2023\\\/12\\\/5ede84974bb6f076f3eb8138__0021_FR_Teurra_Thumb_Si-frases-negativas_YT.jpg\",\"datePublished\":\"2022-08-29T12:52:00+00:00\",\"dateModified\":\"2024-08-26T13:57:18+00:00\",\"author\":{\"@id\":\"https:\\\/\\\/homolog.fluency.io\\\/br\\\/#\\\/schema\\\/person\\\/395d83f1006a72bd4912230eea50ff6f\"},\"description\":\"Veja alguns exemplos de como se falar e escrever \u201cSIM\u201d em Franc\u00eas, uma palavra que apesar de simples \u00e9 muito utilizada. Venha aprender mais com a gente!\",\"breadcrumb\":{\"@id\":\"https:\\\/\\\/fluency.io\\\/br\\\/blog\\\/si-em-frances\\\/#breadcrumb\"},\"inLanguage\":\"pt-BR\",\"potentialAction\":[{\"@type\":\"ReadAction\",\"target\":[\"https:\\\/\\\/fluency.io\\\/br\\\/blog\\\/si-em-frances\\\/\"]}]},{\"@type\":\"ImageObject\",\"inLanguage\":\"pt-BR\",\"@id\":\"https:\\\/\\\/fluency.io\\\/br\\\/blog\\\/si-em-frances\\\/#primaryimage\",\"url\":\"https:\\\/\\\/homolog.fluency.io\\\/br\\\/wp-content\\\/uploads\\\/sites\\\/3\\\/2023\\\/12\\\/5ede84974bb6f076f3eb8138__0021_FR_Teurra_Thumb_Si-frases-negativas_YT.jpg\",\"contentUrl\":\"https:\\\/\\\/homolog.fluency.io\\\/br\\\/wp-content\\\/uploads\\\/sites\\\/3\\\/2023\\\/12\\\/5ede84974bb6f076f3eb8138__0021_FR_Teurra_Thumb_Si-frases-negativas_YT.jpg\",\"width\":1920,\"height\":1080,\"caption\":\"Como podemos usar o \u201csi\u201d do Franc\u00eas?\"},{\"@type\":\"BreadcrumbList\",\"@id\":\"https:\\\/\\\/fluency.io\\\/br\\\/blog\\\/si-em-frances\\\/#breadcrumb\",\"itemListElement\":[{\"@type\":\"ListItem\",\"position\":1,\"name\":\"In\u00edcio\",\"item\":\"https:\\\/\\\/homolog.fluency.io\\\/br\\\/\"},{\"@type\":\"ListItem\",\"position\":2,\"name\":\"Como podemos usar o \u201csi\u201d do Franc\u00eas?\"}]},{\"@type\":\"WebSite\",\"@id\":\"https:\\\/\\\/homolog.fluency.io\\\/br\\\/#website\",\"url\":\"https:\\\/\\\/homolog.fluency.io\\\/br\\\/\",\"name\":\"Fluency.io Brasil\",\"description\":\"\",\"potentialAction\":[{\"@type\":\"SearchAction\",\"target\":{\"@type\":\"EntryPoint\",\"urlTemplate\":\"https:\\\/\\\/homolog.fluency.io\\\/br\\\/?s={search_term_string}\"},\"query-input\":{\"@type\":\"PropertyValueSpecification\",\"valueRequired\":true,\"valueName\":\"search_term_string\"}}],\"inLanguage\":\"pt-BR\"},{\"@type\":\"Person\",\"@id\":\"https:\\\/\\\/homolog.fluency.io\\\/br\\\/#\\\/schema\\\/person\\\/395d83f1006a72bd4912230eea50ff6f\",\"name\":\"marcelo\",\"image\":{\"@type\":\"ImageObject\",\"inLanguage\":\"pt-BR\",\"@id\":\"https:\\\/\\\/secure.gravatar.com\\\/avatar\\\/9050681441880d21ef4048d38965a107dc5b77bf302f57fa3939973bdafa41d8?s=96&d=mm&r=g\",\"url\":\"https:\\\/\\\/secure.gravatar.com\\\/avatar\\\/9050681441880d21ef4048d38965a107dc5b77bf302f57fa3939973bdafa41d8?s=96&d=mm&r=g\",\"contentUrl\":\"https:\\\/\\\/secure.gravatar.com\\\/avatar\\\/9050681441880d21ef4048d38965a107dc5b77bf302f57fa3939973bdafa41d8?s=96&d=mm&r=g\",\"caption\":\"marcelo\"},\"url\":\"https:\\\/\\\/homolog.fluency.io\\\/br\\\/author\\\/marcelo\\\/\"}]}<\/script>\n<!-- \/ Yoast SEO plugin. -->","yoast_head_json":{"title":"Como podemos usar o \u201csi\u201d do Franc\u00eas?","description":"Veja alguns exemplos de como se falar e escrever \u201cSIM\u201d em Franc\u00eas, uma palavra que apesar de simples \u00e9 muito utilizada. Venha aprender mais com a gente!","robots":{"index":"noindex","follow":"follow","max-snippet":"max-snippet:-1","max-image-preview":"max-image-preview:large","max-video-preview":"max-video-preview:-1"},"og_locale":"pt_BR","og_type":"article","og_title":"Como podemos usar o \u201csi\u201d do Franc\u00eas?","og_description":"Veja alguns exemplos de como se falar e escrever \u201cSIM\u201d em Franc\u00eas, uma palavra que apesar de simples \u00e9 muito utilizada. Venha aprender mais com a gente!","og_url":"https:\/\/fluency.io\/br\/blog\/si-em-frances\/","og_site_name":"Fluency.io Brasil","article_published_time":"2022-08-29T12:52:00+00:00","article_modified_time":"2024-08-26T13:57:18+00:00","og_image":[{"width":1920,"height":1080,"url":"https:\/\/fluency.io\/br\/wp-content\/uploads\/sites\/3\/2023\/12\/5ede84974bb6f076f3eb8138__0021_FR_Teurra_Thumb_Si-frases-negativas_YT.jpg","type":"image\/jpeg"}],"twitter_card":"summary_large_image","twitter_misc":{"Escrito por":"marcelo","Est. tempo de leitura":"1 minuto"},"schema":{"@context":"https:\/\/schema.org","@graph":[{"@type":"Article","@id":"https:\/\/fluency.io\/br\/blog\/si-em-frances\/#article","isPartOf":{"@id":"https:\/\/fluency.io\/br\/blog\/si-em-frances\/"},"author":{"name":"marcelo","@id":"https:\/\/homolog.fluency.io\/br\/#\/schema\/person\/395d83f1006a72bd4912230eea50ff6f"},"headline":"Como podemos usar o \u201csi\u201d do Franc\u00eas?","datePublished":"2022-08-29T12:52:00+00:00","dateModified":"2024-08-26T13:57:18+00:00","mainEntityOfPage":{"@id":"https:\/\/fluency.io\/br\/blog\/si-em-frances\/"},"wordCount":175,"commentCount":0,"image":{"@id":"https:\/\/fluency.io\/br\/blog\/si-em-frances\/#primaryimage"},"thumbnailUrl":"https:\/\/homolog.fluency.io\/br\/wp-content\/uploads\/sites\/3\/2023\/12\/5ede84974bb6f076f3eb8138__0021_FR_Teurra_Thumb_Si-frases-negativas_YT.jpg","articleSection":["Express\u00e3o","Gram\u00e1tica"],"inLanguage":"pt-BR","potentialAction":[{"@type":"CommentAction","name":"Comment","target":["https:\/\/fluency.io\/br\/blog\/si-em-frances\/#respond"]}]},{"@type":"WebPage","@id":"https:\/\/fluency.io\/br\/blog\/si-em-frances\/","url":"https:\/\/fluency.io\/br\/blog\/si-em-frances\/","name":"Como podemos usar o \u201csi\u201d do Franc\u00eas?","isPartOf":{"@id":"https:\/\/homolog.fluency.io\/br\/#website"},"primaryImageOfPage":{"@id":"https:\/\/fluency.io\/br\/blog\/si-em-frances\/#primaryimage"},"image":{"@id":"https:\/\/fluency.io\/br\/blog\/si-em-frances\/#primaryimage"},"thumbnailUrl":"https:\/\/homolog.fluency.io\/br\/wp-content\/uploads\/sites\/3\/2023\/12\/5ede84974bb6f076f3eb8138__0021_FR_Teurra_Thumb_Si-frases-negativas_YT.jpg","datePublished":"2022-08-29T12:52:00+00:00","dateModified":"2024-08-26T13:57:18+00:00","author":{"@id":"https:\/\/homolog.fluency.io\/br\/#\/schema\/person\/395d83f1006a72bd4912230eea50ff6f"},"description":"Veja alguns exemplos de como se falar e escrever \u201cSIM\u201d em Franc\u00eas, uma palavra que apesar de simples \u00e9 muito utilizada. Venha aprender mais com a gente!","breadcrumb":{"@id":"https:\/\/fluency.io\/br\/blog\/si-em-frances\/#breadcrumb"},"inLanguage":"pt-BR","potentialAction":[{"@type":"ReadAction","target":["https:\/\/fluency.io\/br\/blog\/si-em-frances\/"]}]},{"@type":"ImageObject","inLanguage":"pt-BR","@id":"https:\/\/fluency.io\/br\/blog\/si-em-frances\/#primaryimage","url":"https:\/\/homolog.fluency.io\/br\/wp-content\/uploads\/sites\/3\/2023\/12\/5ede84974bb6f076f3eb8138__0021_FR_Teurra_Thumb_Si-frases-negativas_YT.jpg","contentUrl":"https:\/\/homolog.fluency.io\/br\/wp-content\/uploads\/sites\/3\/2023\/12\/5ede84974bb6f076f3eb8138__0021_FR_Teurra_Thumb_Si-frases-negativas_YT.jpg","width":1920,"height":1080,"caption":"Como podemos usar o \u201csi\u201d do Franc\u00eas?"},{"@type":"BreadcrumbList","@id":"https:\/\/fluency.io\/br\/blog\/si-em-frances\/#breadcrumb","itemListElement":[{"@type":"ListItem","position":1,"name":"In\u00edcio","item":"https:\/\/homolog.fluency.io\/br\/"},{"@type":"ListItem","position":2,"name":"Como podemos usar o \u201csi\u201d do Franc\u00eas?"}]},{"@type":"WebSite","@id":"https:\/\/homolog.fluency.io\/br\/#website","url":"https:\/\/homolog.fluency.io\/br\/","name":"Fluency.io Brasil","description":"","potentialAction":[{"@type":"SearchAction","target":{"@type":"EntryPoint","urlTemplate":"https:\/\/homolog.fluency.io\/br\/?s={search_term_string}"},"query-input":{"@type":"PropertyValueSpecification","valueRequired":true,"valueName":"search_term_string"}}],"inLanguage":"pt-BR"},{"@type":"Person","@id":"https:\/\/homolog.fluency.io\/br\/#\/schema\/person\/395d83f1006a72bd4912230eea50ff6f","name":"marcelo","image":{"@type":"ImageObject","inLanguage":"pt-BR","@id":"https:\/\/secure.gravatar.com\/avatar\/9050681441880d21ef4048d38965a107dc5b77bf302f57fa3939973bdafa41d8?s=96&d=mm&r=g","url":"https:\/\/secure.gravatar.com\/avatar\/9050681441880d21ef4048d38965a107dc5b77bf302f57fa3939973bdafa41d8?s=96&d=mm&r=g","contentUrl":"https:\/\/secure.gravatar.com\/avatar\/9050681441880d21ef4048d38965a107dc5b77bf302f57fa3939973bdafa41d8?s=96&d=mm&r=g","caption":"marcelo"},"url":"https:\/\/homolog.fluency.io\/br\/author\/marcelo\/"}]}},"_links":{"self":[{"href":"https:\/\/homolog.fluency.io\/br\/wp-json\/wp\/v2\/posts\/60421","targetHints":{"allow":["GET"]}}],"collection":[{"href":"https:\/\/homolog.fluency.io\/br\/wp-json\/wp\/v2\/posts"}],"about":[{"href":"https:\/\/homolog.fluency.io\/br\/wp-json\/wp\/v2\/types\/post"}],"author":[{"embeddable":true,"href":"https:\/\/homolog.fluency.io\/br\/wp-json\/wp\/v2\/users\/6"}],"replies":[{"embeddable":true,"href":"https:\/\/homolog.fluency.io\/br\/wp-json\/wp\/v2\/comments?post=60421"}],"version-history":[{"count":1,"href":"https:\/\/homolog.fluency.io\/br\/wp-json\/wp\/v2\/posts\/60421\/revisions"}],"predecessor-version":[{"id":66812,"href":"https:\/\/homolog.fluency.io\/br\/wp-json\/wp\/v2\/posts\/60421\/revisions\/66812"}],"wp:featuredmedia":[{"embeddable":true,"href":"https:\/\/homolog.fluency.io\/br\/wp-json\/wp\/v2\/media\/60422"}],"wp:attachment":[{"href":"https:\/\/homolog.fluency.io\/br\/wp-json\/wp\/v2\/media?parent=60421"}],"wp:term":[{"taxonomy":"category","embeddable":true,"href":"https:\/\/homolog.fluency.io\/br\/wp-json\/wp\/v2\/categories?post=60421"},{"taxonomy":"post_tag","embeddable":true,"href":"https:\/\/homolog.fluency.io\/br\/wp-json\/wp\/v2\/tags?post=60421"},{"taxonomy":"format","embeddable":true,"href":"https:\/\/homolog.fluency.io\/br\/wp-json\/wp\/v2\/format?post=60421"},{"taxonomy":"trilha","embeddable":true,"href":"https:\/\/homolog.fluency.io\/br\/wp-json\/wp\/v2\/trilha?post=60421"}],"curies":[{"name":"wp","href":"https:\/\/api.w.org\/{rel}","templated":true}]}}