{"id":60549,"date":"2021-12-09T12:53:00","date_gmt":"2021-12-09T12:53:00","guid":{"rendered":"https:\/\/fluency.io\/br\/blog\/dias-da-semana-em-mandarim\/"},"modified":"2024-08-26T10:57:20","modified_gmt":"2024-08-26T13:57:20","slug":"dias-da-semana-em-mandarim","status":"publish","type":"post","link":"https:\/\/homolog.fluency.io\/br\/blog\/dias-da-semana-em-mandarim\/","title":{"rendered":"Dias da Semana em Mandarim: Guia Completo"},"content":{"rendered":"<p>Os dias da semana em mandarim s\u00e3o uma parte fundamental do aprendizado da l\u00edngua chinesa. Neste artigo, voc\u00ea aprender\u00e1 os nomes dos dias da semana em mandarim, como us\u00e1-los em frases e algumas dicas para memoriz\u00e1-los. Vamos explorar a estrutura, a pron\u00fancia e fornecer exemplos pr\u00e1ticos para ajud\u00e1-lo a entender melhor esse aspecto vital da l\u00edngua.<\/p>\n<h2>Como S\u00e3o os Dias da Semana em Mandarim?<\/h2>\n<p>Os dias da semana em mandarim s\u00e3o expressos de maneira bastante l\u00f3gica. Vamos conhecer cada um deles:<\/p>\n<ol>\n<li>Segunda-feira: \u661f\u671f\u4e00 (X\u012bngq\u012b y\u012b) &#8211; &#8220;Semana 1&#8221;<\/li>\n<li>Ter\u00e7a-feira: \u661f\u671f\u4e8c (X\u012bngq\u012b \u00e8r) &#8211; &#8220;Semana 2&#8221;<\/li>\n<li>Quarta-feira: \u661f\u671f\u4e09 (X\u012bngq\u012b s\u0101n) &#8211; &#8220;Semana 3&#8221;<\/li>\n<li>Quinta-feira: \u661f\u671f\u56db (X\u012bngq\u012b s\u00ec) &#8211; &#8220;Semana 4&#8221;<\/li>\n<li>Sexta-feira: \u661f\u671f\u4e94 (X\u012bngq\u012b w\u01d4) &#8211; &#8220;Semana 5&#8221;<\/li>\n<li>S\u00e1bado: \u661f\u671f\u516d (X\u012bngq\u012b li\u00f9) &#8211; &#8220;Semana 6&#8221;<\/li>\n<li>Domingo: \u661f\u671f\u5929 (X\u012bngq\u012b ti\u0101n) ou \u661f\u671f\u65e5 (X\u012bngq\u012b r\u00ec) &#8211; &#8220;Semana c\u00e9u&#8221; ou &#8220;Semana sol&#8221;<\/li>\n<\/ol>\n<h2>Como Usar os Dias da Semana em Frases?<\/h2>\n<p>Agora que voc\u00ea conhece os dias da semana, como us\u00e1-los em frases? Aqui est\u00e3o alguns exemplos:<\/p>\n<ul>\n<li>\u661f\u671f\u4e00\u6211\u6709\u8003\u8bd5\u3002(X\u012bngq\u012b y\u012b w\u01d2 y\u01d2u k\u01ceosh\u00ec.) &#8211; &#8220;Na segunda-feira, eu tenho uma prova.&#8221;<\/li>\n<li>\u6211\u661f\u671f\u4e94\u8981\u53bb\u65c5\u884c\u3002(W\u01d2 x\u012bngq\u012b w\u01d4 y\u00e0o q\u00f9 l\u01dax\u00edng.) &#8211; &#8220;Eu vou viajar na sexta-feira.&#8221;<\/li>\n<li>\u4f60\u661f\u671f\u4e09\u6709\u7a7a\u5417\uff1f(N\u01d0 x\u012bngq\u012b s\u0101n y\u01d2u k\u00f2ng ma?) &#8211; &#8220;Voc\u00ea est\u00e1 livre na quarta-feira?&#8221;<\/li>\n<\/ul>\n<h2>Dicas para Memorizar os Dias da Semana em Mandarim<\/h2>\n<p>Memorizar os dias da semana em mandarim pode ser mais f\u00e1cil do que voc\u00ea pensa. Aqui est\u00e3o algumas dicas:<\/p>\n<ul>\n<li>Associe os n\u00fameros aos dias da semana.<\/li>\n<li>Pratique com flashcards ou aplicativos de aprendizado.<\/li>\n<li>Use os dias da semana em conversas di\u00e1rias.<\/li>\n<\/ul>\n<h2>Perguntas Frequentes<\/h2>\n<p><strong>Como se diz &#8220;fim de semana&#8221; em mandarim?<\/strong><br \/>\u5468\u672b (Zh\u014dum\u00f2) \u00e9 a palavra para &#8220;fim de semana&#8221; em mandarim.<\/p>\n<p><strong>Os dias da semana em mandarim t\u00eam alguma rela\u00e7\u00e3o com elementos culturais?<\/strong><br \/>Sim, o domingo, por exemplo, pode ser referido como &#8220;dia do sol&#8221; ou &#8220;dia do c\u00e9u&#8221;, refletindo aspectos culturais e filos\u00f3ficos chineses.<\/p>\n<h1>Conclus\u00e3o<\/h1>\n<p>Os dias da semana em mandarim s\u00e3o uma parte essencial do aprendizado da l\u00edngua chinesa. Com uma estrutura l\u00f3gica e pr\u00e1tica, eles podem ser facilmente memorizados e usados em conversas di\u00e1rias. Esperamos que este guia tenha ajudado voc\u00ea a entender e aplicar os dias da semana em mandarim em sua jornada de aprendizado. \u52a0\u6cb9 (Ji\u0101y\u00f3u) &#8211; Vamos l\u00e1!<\/p>\n","protected":false},"excerpt":{"rendered":"<p>De segunda a domingo em mandarim!<\/p>\n","protected":false},"author":6,"featured_media":60550,"comment_status":"open","ping_status":"open","sticky":false,"template":"","format":[186],"meta":{"inline_featured_image":false,"footnotes":""},"categories":[229],"tags":[],"trilha":[],"class_list":["post-60549","post","type-post","status-publish","format-standard","has-post-thumbnail","hentry","category-skills","format-artigos"],"acf":[],"yoast_head":"<!-- This site is optimized with the Yoast SEO plugin v27.4 - https:\/\/yoast.com\/product\/yoast-seo-wordpress\/ -->\n<title>Dias da Semana em Mandarim: Guia Completo<\/title>\n<meta name=\"description\" content=\"De segunda a domingo em mandarim!...\" \/>\n<meta name=\"robots\" content=\"noindex, follow, max-snippet:-1, max-image-preview:large, max-video-preview:-1\" \/>\n<meta property=\"og:locale\" content=\"pt_BR\" \/>\n<meta property=\"og:type\" content=\"article\" \/>\n<meta property=\"og:title\" content=\"Dias da Semana em Mandarim: Guia Completo\" \/>\n<meta property=\"og:description\" content=\"De segunda a domingo em mandarim!...\" \/>\n<meta property=\"og:url\" content=\"https:\/\/homolog.fluency.io\/br\/blog\/dias-da-semana-em-mandarim\/\" \/>\n<meta property=\"og:site_name\" content=\"Fluency.io Brasil\" \/>\n<meta property=\"article:published_time\" content=\"2021-12-09T12:53:00+00:00\" \/>\n<meta property=\"article:modified_time\" content=\"2024-08-26T13:57:20+00:00\" \/>\n<meta property=\"og:image\" content=\"https:\/\/homolog.fluency.io\/br\/wp-content\/uploads\/sites\/3\/2023\/12\/6149fa59538680368c79738b_MAN_Thumb_PATRICIA_DIAS_DA_SEMANA_PORTAL-1.png\" \/>\n\t<meta property=\"og:image:width\" content=\"1209\" \/>\n\t<meta property=\"og:image:height\" content=\"680\" \/>\n\t<meta property=\"og:image:type\" content=\"image\/png\" \/>\n<meta name=\"twitter:card\" content=\"summary_large_image\" \/>\n<meta name=\"twitter:label1\" content=\"Escrito por\" \/>\n\t<meta name=\"twitter:data1\" content=\"marcelo\" \/>\n\t<meta name=\"twitter:label2\" content=\"Est. tempo de leitura\" \/>\n\t<meta name=\"twitter:data2\" content=\"2 minutos\" \/>\n<script type=\"application\/ld+json\" class=\"yoast-schema-graph\">{\"@context\":\"https:\\\/\\\/schema.org\",\"@graph\":[{\"@type\":\"Article\",\"@id\":\"https:\\\/\\\/homolog.fluency.io\\\/br\\\/blog\\\/dias-da-semana-em-mandarim\\\/#article\",\"isPartOf\":{\"@id\":\"https:\\\/\\\/homolog.fluency.io\\\/br\\\/blog\\\/dias-da-semana-em-mandarim\\\/\"},\"author\":{\"name\":\"marcelo\",\"@id\":\"https:\\\/\\\/homolog.fluency.io\\\/br\\\/#\\\/schema\\\/person\\\/395d83f1006a72bd4912230eea50ff6f\"},\"headline\":\"Dias da Semana em Mandarim: Guia Completo\",\"datePublished\":\"2021-12-09T12:53:00+00:00\",\"dateModified\":\"2024-08-26T13:57:20+00:00\",\"mainEntityOfPage\":{\"@id\":\"https:\\\/\\\/homolog.fluency.io\\\/br\\\/blog\\\/dias-da-semana-em-mandarim\\\/\"},\"wordCount\":405,\"commentCount\":0,\"image\":{\"@id\":\"https:\\\/\\\/homolog.fluency.io\\\/br\\\/blog\\\/dias-da-semana-em-mandarim\\\/#primaryimage\"},\"thumbnailUrl\":\"https:\\\/\\\/homolog.fluency.io\\\/br\\\/wp-content\\\/uploads\\\/sites\\\/3\\\/2023\\\/12\\\/6149fa59538680368c79738b_MAN_Thumb_PATRICIA_DIAS_DA_SEMANA_PORTAL-1.png\",\"articleSection\":[\"Skills\"],\"inLanguage\":\"pt-BR\",\"potentialAction\":[{\"@type\":\"CommentAction\",\"name\":\"Comment\",\"target\":[\"https:\\\/\\\/homolog.fluency.io\\\/br\\\/blog\\\/dias-da-semana-em-mandarim\\\/#respond\"]}]},{\"@type\":\"WebPage\",\"@id\":\"https:\\\/\\\/homolog.fluency.io\\\/br\\\/blog\\\/dias-da-semana-em-mandarim\\\/\",\"url\":\"https:\\\/\\\/homolog.fluency.io\\\/br\\\/blog\\\/dias-da-semana-em-mandarim\\\/\",\"name\":\"Dias da Semana em Mandarim: Guia Completo\",\"isPartOf\":{\"@id\":\"https:\\\/\\\/homolog.fluency.io\\\/br\\\/#website\"},\"primaryImageOfPage\":{\"@id\":\"https:\\\/\\\/homolog.fluency.io\\\/br\\\/blog\\\/dias-da-semana-em-mandarim\\\/#primaryimage\"},\"image\":{\"@id\":\"https:\\\/\\\/homolog.fluency.io\\\/br\\\/blog\\\/dias-da-semana-em-mandarim\\\/#primaryimage\"},\"thumbnailUrl\":\"https:\\\/\\\/homolog.fluency.io\\\/br\\\/wp-content\\\/uploads\\\/sites\\\/3\\\/2023\\\/12\\\/6149fa59538680368c79738b_MAN_Thumb_PATRICIA_DIAS_DA_SEMANA_PORTAL-1.png\",\"datePublished\":\"2021-12-09T12:53:00+00:00\",\"dateModified\":\"2024-08-26T13:57:20+00:00\",\"author\":{\"@id\":\"https:\\\/\\\/homolog.fluency.io\\\/br\\\/#\\\/schema\\\/person\\\/395d83f1006a72bd4912230eea50ff6f\"},\"description\":\"De segunda a domingo em mandarim!...\",\"breadcrumb\":{\"@id\":\"https:\\\/\\\/homolog.fluency.io\\\/br\\\/blog\\\/dias-da-semana-em-mandarim\\\/#breadcrumb\"},\"inLanguage\":\"pt-BR\",\"potentialAction\":[{\"@type\":\"ReadAction\",\"target\":[\"https:\\\/\\\/homolog.fluency.io\\\/br\\\/blog\\\/dias-da-semana-em-mandarim\\\/\"]}]},{\"@type\":\"ImageObject\",\"inLanguage\":\"pt-BR\",\"@id\":\"https:\\\/\\\/homolog.fluency.io\\\/br\\\/blog\\\/dias-da-semana-em-mandarim\\\/#primaryimage\",\"url\":\"https:\\\/\\\/homolog.fluency.io\\\/br\\\/wp-content\\\/uploads\\\/sites\\\/3\\\/2023\\\/12\\\/6149fa59538680368c79738b_MAN_Thumb_PATRICIA_DIAS_DA_SEMANA_PORTAL-1.png\",\"contentUrl\":\"https:\\\/\\\/homolog.fluency.io\\\/br\\\/wp-content\\\/uploads\\\/sites\\\/3\\\/2023\\\/12\\\/6149fa59538680368c79738b_MAN_Thumb_PATRICIA_DIAS_DA_SEMANA_PORTAL-1.png\",\"width\":1209,\"height\":680,\"caption\":\"Os dias da semana em mandarim\"},{\"@type\":\"BreadcrumbList\",\"@id\":\"https:\\\/\\\/homolog.fluency.io\\\/br\\\/blog\\\/dias-da-semana-em-mandarim\\\/#breadcrumb\",\"itemListElement\":[{\"@type\":\"ListItem\",\"position\":1,\"name\":\"In\u00edcio\",\"item\":\"https:\\\/\\\/homolog.fluency.io\\\/br\\\/\"},{\"@type\":\"ListItem\",\"position\":2,\"name\":\"Dias da Semana em Mandarim: Guia Completo\"}]},{\"@type\":\"WebSite\",\"@id\":\"https:\\\/\\\/homolog.fluency.io\\\/br\\\/#website\",\"url\":\"https:\\\/\\\/homolog.fluency.io\\\/br\\\/\",\"name\":\"Fluency.io Brasil\",\"description\":\"\",\"potentialAction\":[{\"@type\":\"SearchAction\",\"target\":{\"@type\":\"EntryPoint\",\"urlTemplate\":\"https:\\\/\\\/homolog.fluency.io\\\/br\\\/?s={search_term_string}\"},\"query-input\":{\"@type\":\"PropertyValueSpecification\",\"valueRequired\":true,\"valueName\":\"search_term_string\"}}],\"inLanguage\":\"pt-BR\"},{\"@type\":\"Person\",\"@id\":\"https:\\\/\\\/homolog.fluency.io\\\/br\\\/#\\\/schema\\\/person\\\/395d83f1006a72bd4912230eea50ff6f\",\"name\":\"marcelo\",\"image\":{\"@type\":\"ImageObject\",\"inLanguage\":\"pt-BR\",\"@id\":\"https:\\\/\\\/secure.gravatar.com\\\/avatar\\\/9050681441880d21ef4048d38965a107dc5b77bf302f57fa3939973bdafa41d8?s=96&d=mm&r=g\",\"url\":\"https:\\\/\\\/secure.gravatar.com\\\/avatar\\\/9050681441880d21ef4048d38965a107dc5b77bf302f57fa3939973bdafa41d8?s=96&d=mm&r=g\",\"contentUrl\":\"https:\\\/\\\/secure.gravatar.com\\\/avatar\\\/9050681441880d21ef4048d38965a107dc5b77bf302f57fa3939973bdafa41d8?s=96&d=mm&r=g\",\"caption\":\"marcelo\"},\"url\":\"https:\\\/\\\/homolog.fluency.io\\\/br\\\/author\\\/marcelo\\\/\"}]}<\/script>\n<!-- \/ Yoast SEO plugin. -->","yoast_head_json":{"title":"Dias da Semana em Mandarim: Guia Completo","description":"De segunda a domingo em mandarim!...","robots":{"index":"noindex","follow":"follow","max-snippet":"max-snippet:-1","max-image-preview":"max-image-preview:large","max-video-preview":"max-video-preview:-1"},"og_locale":"pt_BR","og_type":"article","og_title":"Dias da Semana em Mandarim: Guia Completo","og_description":"De segunda a domingo em mandarim!...","og_url":"https:\/\/homolog.fluency.io\/br\/blog\/dias-da-semana-em-mandarim\/","og_site_name":"Fluency.io Brasil","article_published_time":"2021-12-09T12:53:00+00:00","article_modified_time":"2024-08-26T13:57:20+00:00","og_image":[{"width":1209,"height":680,"url":"https:\/\/homolog.fluency.io\/br\/wp-content\/uploads\/sites\/3\/2023\/12\/6149fa59538680368c79738b_MAN_Thumb_PATRICIA_DIAS_DA_SEMANA_PORTAL-1.png","type":"image\/png"}],"twitter_card":"summary_large_image","twitter_misc":{"Escrito por":"marcelo","Est. tempo de leitura":"2 minutos"},"schema":{"@context":"https:\/\/schema.org","@graph":[{"@type":"Article","@id":"https:\/\/homolog.fluency.io\/br\/blog\/dias-da-semana-em-mandarim\/#article","isPartOf":{"@id":"https:\/\/homolog.fluency.io\/br\/blog\/dias-da-semana-em-mandarim\/"},"author":{"name":"marcelo","@id":"https:\/\/homolog.fluency.io\/br\/#\/schema\/person\/395d83f1006a72bd4912230eea50ff6f"},"headline":"Dias da Semana em Mandarim: Guia Completo","datePublished":"2021-12-09T12:53:00+00:00","dateModified":"2024-08-26T13:57:20+00:00","mainEntityOfPage":{"@id":"https:\/\/homolog.fluency.io\/br\/blog\/dias-da-semana-em-mandarim\/"},"wordCount":405,"commentCount":0,"image":{"@id":"https:\/\/homolog.fluency.io\/br\/blog\/dias-da-semana-em-mandarim\/#primaryimage"},"thumbnailUrl":"https:\/\/homolog.fluency.io\/br\/wp-content\/uploads\/sites\/3\/2023\/12\/6149fa59538680368c79738b_MAN_Thumb_PATRICIA_DIAS_DA_SEMANA_PORTAL-1.png","articleSection":["Skills"],"inLanguage":"pt-BR","potentialAction":[{"@type":"CommentAction","name":"Comment","target":["https:\/\/homolog.fluency.io\/br\/blog\/dias-da-semana-em-mandarim\/#respond"]}]},{"@type":"WebPage","@id":"https:\/\/homolog.fluency.io\/br\/blog\/dias-da-semana-em-mandarim\/","url":"https:\/\/homolog.fluency.io\/br\/blog\/dias-da-semana-em-mandarim\/","name":"Dias da Semana em Mandarim: Guia Completo","isPartOf":{"@id":"https:\/\/homolog.fluency.io\/br\/#website"},"primaryImageOfPage":{"@id":"https:\/\/homolog.fluency.io\/br\/blog\/dias-da-semana-em-mandarim\/#primaryimage"},"image":{"@id":"https:\/\/homolog.fluency.io\/br\/blog\/dias-da-semana-em-mandarim\/#primaryimage"},"thumbnailUrl":"https:\/\/homolog.fluency.io\/br\/wp-content\/uploads\/sites\/3\/2023\/12\/6149fa59538680368c79738b_MAN_Thumb_PATRICIA_DIAS_DA_SEMANA_PORTAL-1.png","datePublished":"2021-12-09T12:53:00+00:00","dateModified":"2024-08-26T13:57:20+00:00","author":{"@id":"https:\/\/homolog.fluency.io\/br\/#\/schema\/person\/395d83f1006a72bd4912230eea50ff6f"},"description":"De segunda a domingo em mandarim!...","breadcrumb":{"@id":"https:\/\/homolog.fluency.io\/br\/blog\/dias-da-semana-em-mandarim\/#breadcrumb"},"inLanguage":"pt-BR","potentialAction":[{"@type":"ReadAction","target":["https:\/\/homolog.fluency.io\/br\/blog\/dias-da-semana-em-mandarim\/"]}]},{"@type":"ImageObject","inLanguage":"pt-BR","@id":"https:\/\/homolog.fluency.io\/br\/blog\/dias-da-semana-em-mandarim\/#primaryimage","url":"https:\/\/homolog.fluency.io\/br\/wp-content\/uploads\/sites\/3\/2023\/12\/6149fa59538680368c79738b_MAN_Thumb_PATRICIA_DIAS_DA_SEMANA_PORTAL-1.png","contentUrl":"https:\/\/homolog.fluency.io\/br\/wp-content\/uploads\/sites\/3\/2023\/12\/6149fa59538680368c79738b_MAN_Thumb_PATRICIA_DIAS_DA_SEMANA_PORTAL-1.png","width":1209,"height":680,"caption":"Os dias da semana em mandarim"},{"@type":"BreadcrumbList","@id":"https:\/\/homolog.fluency.io\/br\/blog\/dias-da-semana-em-mandarim\/#breadcrumb","itemListElement":[{"@type":"ListItem","position":1,"name":"In\u00edcio","item":"https:\/\/homolog.fluency.io\/br\/"},{"@type":"ListItem","position":2,"name":"Dias da Semana em Mandarim: Guia Completo"}]},{"@type":"WebSite","@id":"https:\/\/homolog.fluency.io\/br\/#website","url":"https:\/\/homolog.fluency.io\/br\/","name":"Fluency.io Brasil","description":"","potentialAction":[{"@type":"SearchAction","target":{"@type":"EntryPoint","urlTemplate":"https:\/\/homolog.fluency.io\/br\/?s={search_term_string}"},"query-input":{"@type":"PropertyValueSpecification","valueRequired":true,"valueName":"search_term_string"}}],"inLanguage":"pt-BR"},{"@type":"Person","@id":"https:\/\/homolog.fluency.io\/br\/#\/schema\/person\/395d83f1006a72bd4912230eea50ff6f","name":"marcelo","image":{"@type":"ImageObject","inLanguage":"pt-BR","@id":"https:\/\/secure.gravatar.com\/avatar\/9050681441880d21ef4048d38965a107dc5b77bf302f57fa3939973bdafa41d8?s=96&d=mm&r=g","url":"https:\/\/secure.gravatar.com\/avatar\/9050681441880d21ef4048d38965a107dc5b77bf302f57fa3939973bdafa41d8?s=96&d=mm&r=g","contentUrl":"https:\/\/secure.gravatar.com\/avatar\/9050681441880d21ef4048d38965a107dc5b77bf302f57fa3939973bdafa41d8?s=96&d=mm&r=g","caption":"marcelo"},"url":"https:\/\/homolog.fluency.io\/br\/author\/marcelo\/"}]}},"_links":{"self":[{"href":"https:\/\/homolog.fluency.io\/br\/wp-json\/wp\/v2\/posts\/60549","targetHints":{"allow":["GET"]}}],"collection":[{"href":"https:\/\/homolog.fluency.io\/br\/wp-json\/wp\/v2\/posts"}],"about":[{"href":"https:\/\/homolog.fluency.io\/br\/wp-json\/wp\/v2\/types\/post"}],"author":[{"embeddable":true,"href":"https:\/\/homolog.fluency.io\/br\/wp-json\/wp\/v2\/users\/6"}],"replies":[{"embeddable":true,"href":"https:\/\/homolog.fluency.io\/br\/wp-json\/wp\/v2\/comments?post=60549"}],"version-history":[{"count":1,"href":"https:\/\/homolog.fluency.io\/br\/wp-json\/wp\/v2\/posts\/60549\/revisions"}],"predecessor-version":[{"id":66876,"href":"https:\/\/homolog.fluency.io\/br\/wp-json\/wp\/v2\/posts\/60549\/revisions\/66876"}],"wp:featuredmedia":[{"embeddable":true,"href":"https:\/\/homolog.fluency.io\/br\/wp-json\/wp\/v2\/media\/60550"}],"wp:attachment":[{"href":"https:\/\/homolog.fluency.io\/br\/wp-json\/wp\/v2\/media?parent=60549"}],"wp:term":[{"taxonomy":"category","embeddable":true,"href":"https:\/\/homolog.fluency.io\/br\/wp-json\/wp\/v2\/categories?post=60549"},{"taxonomy":"post_tag","embeddable":true,"href":"https:\/\/homolog.fluency.io\/br\/wp-json\/wp\/v2\/tags?post=60549"},{"taxonomy":"format","embeddable":true,"href":"https:\/\/homolog.fluency.io\/br\/wp-json\/wp\/v2\/format?post=60549"},{"taxonomy":"trilha","embeddable":true,"href":"https:\/\/homolog.fluency.io\/br\/wp-json\/wp\/v2\/trilha?post=60549"}],"curies":[{"name":"wp","href":"https:\/\/api.w.org\/{rel}","templated":true}]}}