{"id":61497,"date":"2022-05-10T17:30:00","date_gmt":"2022-05-10T17:30:00","guid":{"rendered":"https:\/\/fluency.io\/br\/blog\/walk-n-talk-espanhol-07-filha-se-apressa-vamos-ao-mercado\/"},"modified":"2025-03-09T11:53:30","modified_gmt":"2025-03-09T14:53:30","slug":"walk-n-talk-espanhol-07-filha-se-apressa-vamos-ao-mercado","status":"publish","type":"post","link":"https:\/\/homolog.fluency.io\/br\/blog\/walk-n-talk-espanhol-07-filha-se-apressa-vamos-ao-mercado\/","title":{"rendered":"Walk &#8216;n&#8217; Talk Espanhol #07 filha se apressa vamos ao mercado"},"content":{"rendered":"<p><em>\u00a1Holaa! \u00bfQu\u00e9 tal todo? \ud83d\ude00<\/em><\/p>\n<p data-start=\"340\" data-end=\"649\">Seja bem-vindo ao <strong data-start=\"358\" data-end=\"394\">Walk &#8216;n&#8217; Talk Version en Espa\u00f1ol<\/strong>, o podcast ideal para quem quer aprender espanhol de forma natural e eficiente. No epis\u00f3dio de hoje, vamos explorar um cen\u00e1rio comum: uma m\u00e3e chamando sua filha para ir ao mercado e a crian\u00e7a, como toda crian\u00e7a curiosa, perguntando <strong data-start=\"627\" data-end=\"646\">&#8220;Ma, \u00bfpor qu\u00e9?&#8221;<\/strong>.<\/p>\n<p data-start=\"651\" data-end=\"951\">Essa \u00e9 uma oportunidade perfeita para voc\u00ea praticar perguntas simples e essenciais do dia a dia. Com a nossa metodologia, voc\u00ea vai ouvir, repetir e assimilar a pron\u00fancia correta das palavras e express\u00f5es em espanhol. Tudo isso de forma din\u00e2mica, como se estivesse participando de uma conversa real!<\/p>\n<h2 data-pm-slice=\"1 1 []\">Expans\u00e3o de Vocabul\u00e1rio<\/h2>\n<p>Aqui est\u00e3o algumas perguntas e respostas comuns no dia a dia:<\/p>\n<table>\n<tbody>\n<tr>\n<th><strong>Pergunta em Espanhol<\/strong><\/th>\n<th><strong>Tradu\u00e7\u00e3o<\/strong><\/th>\n<th><strong>Resposta Poss\u00edvel<\/strong><\/th>\n<th><strong>Tradu\u00e7\u00e3o<\/strong><\/th>\n<\/tr>\n<tr>\n<td>\u00bfPor qu\u00e9 vamos al mercado?<\/td>\n<td>Por que vamos ao mercado?<\/td>\n<td>Porque necesitamos comprar comida.<\/td>\n<td>Porque precisamos comprar comida.<\/td>\n<\/tr>\n<tr>\n<td>\u00bfQu\u00e9 vamos comprar?<\/td>\n<td>O que vamos comprar?<\/td>\n<td>Vamos a comprar frutas y verduras.<\/td>\n<td>Vamos comprar frutas e verduras.<\/td>\n<\/tr>\n<tr>\n<td>\u00bfCu\u00e1ndo vamos a salir?<\/td>\n<td>Quando vamos sair?<\/td>\n<td>En cinco minutos.<\/td>\n<td>Em cinco minutos.<\/td>\n<\/tr>\n<tr>\n<td>\u00bfD\u00f3nde est\u00e1 mi chaqueta?<\/td>\n<td>Onde est\u00e1 minha jaqueta?<\/td>\n<td>Est\u00e1 en tu habitaci\u00f3n.<\/td>\n<td>Est\u00e1 no seu quarto.<\/td>\n<\/tr>\n<tr>\n<td>\u00bfPuedo llevar mi juguete?<\/td>\n<td>Posso levar meu brinquedo?<\/td>\n<td>Claro, pero solo uno.<\/td>\n<td>Claro, mas apenas um.<\/td>\n<\/tr>\n<\/tbody>\n<\/table>\n<p>Agora, pratique repetindo essas frases em voz alta!<\/p>\n<audio class=\"wp-audio-shortcode\" id=\"audio-61497-1\" preload=\"none\" style=\"width: 100%;\" controls=\"controls\"><source type=\"audio\/mpeg\" src=\"https:\/\/fluency.io\/br\/wp-content\/uploads\/sites\/3\/2022\/05\/ttsmaker-file-2025-2-27-19-56-32.mp3?_=1\" \/><a href=\"https:\/\/fluency.io\/br\/wp-content\/uploads\/sites\/3\/2022\/05\/ttsmaker-file-2025-2-27-19-56-32.mp3\">https:\/\/fluency.io\/br\/wp-content\/uploads\/sites\/3\/2022\/05\/ttsmaker-file-2025-2-27-19-56-32.mp3<\/a><\/audio>\n<h2 data-pm-slice=\"1 1 []\">Exerc\u00edcios para praticar<\/h2>\n<p>1\ufe0f\u20e3 Complete as frases com as palavras corretas:<\/p>\n<p>a) \u00bf_________ vamos comprar en el mercado?<br \/>\nb) \u00bf_________ est\u00e1 mi mochila?<br \/>\nc) \u00bf_________ salimos a comprar?<\/p>\n<p>2\ufe0f\u20e3 Traduza as frases para o espanhol:<\/p>\n<p>a) Onde est\u00e1 o supermercado mais pr\u00f3ximo?<br \/>\nb) Posso comprar um chocolate?<br \/>\nc) Quando voltamos para casa?<\/p>\n<p>3\ufe0f\u20e3 Crie uma frase em espanhol usando pelo menos uma das perguntas aprendidas.<\/p>\n<h2>Respostas<\/h2>\n<p>1\ufe0f\u20e3 Complete as frases com as palavras corretas:<\/p>\n<p>a) \u00bf<strong>Qu\u00e9<\/strong> vamos comprar en el mercado?<br \/>\nb) \u00bf<strong>D\u00f3nde<\/strong> est\u00e1 mi mochila?<br \/>\nc) \u00bf<strong>Cu\u00e1ndo<\/strong> salimos a comprar?<\/p>\n<p>2\ufe0f\u20e3 Traduza as frases para o espanhol:<\/p>\n<p>a) \u00bfD\u00f3nde est\u00e1 el supermercado m\u00e1s cercano?<br \/>\nb) \u00bfPuedo comprar un chocolate?<br \/>\nc) \u00bfCu\u00e1ndo volvemos a casa?<\/p>\n<p>3\ufe0f\u20e3 Resposta livre.<\/p>\n<h2>Perguntas Frequentes<\/h2>\n<p>1\ufe0f\u20e3 <strong>Preciso ter conhecimento pr\u00e9vio do idioma para acompanhar?<\/strong><br \/>\nN\u00e3o! O Walk &#8216;n&#8217; Talk \u00e9 estruturado para diferentes n\u00edveis, do b\u00e1sico ao avan\u00e7ado. Voc\u00ea aprende no seu ritmo, ouvindo e repetindo as frases.<\/p>\n<p>2\ufe0f\u20e3 <strong>Qual a melhor forma de praticar com o Walk &#8216;n&#8217; Talk?<\/strong><br \/>\nRecomendamos que voc\u00ea escute o epis\u00f3dio pelo menos duas vezes:<\/p>\n<ul data-spread=\"false\">\n<li>Na primeira, apenas ouvindo atentamente.<\/li>\n<li>Na segunda, pausando e repetindo as frases para treinar a pron\u00fancia.<\/li>\n<\/ul>\n<p>Agora que voc\u00ea j\u00e1 aprendeu novas perguntas e respostas em espanhol, que tal praticar mais?<\/p>\n<p data-start=\"2769\" data-end=\"2929\">\n<p>Curtiu o conte\u00fado? Confira o<a href=\"https:\/\/fluency.io\/br\/cursos\/espanhol\/\"> curso de espanhol<\/a> completo e veja as ofertas exclusivas para alunos aqui do portal. <b>\ud83d\udcda<\/b><\/p>\n<p><i>\u00a1Nos vemos en el pr\u00f3ximo episodio! Un besito \ud83d\ude18<\/i><\/p>\n","protected":false},"excerpt":{"rendered":"<p>O epis\u00f3dio de hoje tem perguntas b\u00e1sicas de espanhol, confira agora!<\/p>\n","protected":false},"author":6,"featured_media":61498,"comment_status":"open","ping_status":"open","sticky":false,"template":"","format":[186],"meta":{"inline_featured_image":false,"footnotes":""},"categories":[229],"tags":[],"trilha":[],"class_list":["post-61497","post","type-post","status-publish","format-standard","has-post-thumbnail","hentry","category-skills","tipo-podcast-essentials","tipo-podcast-walk-n-talk","format-artigos"],"acf":[],"yoast_head":"<!-- This site is optimized with the Yoast SEO plugin v27.4 - https:\/\/yoast.com\/product\/yoast-seo-wordpress\/ -->\n<title>Walk &#039;n&#039; Talk Espanhol #07 filha se apressa vamos ao mercado<\/title>\n<meta name=\"description\" content=\"O epis\u00f3dio de hoje tem perguntas b\u00e1sicas de espanhol, confira agora!...\" \/>\n<meta name=\"robots\" content=\"noindex, nofollow\" \/>\n<meta property=\"og:locale\" content=\"pt_BR\" \/>\n<meta property=\"og:type\" content=\"article\" \/>\n<meta property=\"og:title\" content=\"Walk &#039;n&#039; Talk Espanhol #07 filha se apressa vamos ao mercado\" \/>\n<meta property=\"og:description\" content=\"O epis\u00f3dio de hoje tem perguntas b\u00e1sicas de espanhol, confira agora!...\" \/>\n<meta property=\"og:url\" content=\"https:\/\/homolog.fluency.io\/br\/blog\/walk-n-talk-espanhol-07-filha-se-apressa-vamos-ao-mercado\/\" \/>\n<meta property=\"og:site_name\" content=\"Fluency.io Brasil\" \/>\n<meta property=\"article:published_time\" content=\"2022-05-10T17:30:00+00:00\" \/>\n<meta property=\"article:modified_time\" content=\"2025-03-09T14:53:30+00:00\" \/>\n<meta property=\"og:image\" content=\"https:\/\/homolog.fluency.io\/br\/wp-content\/uploads\/sites\/3\/2023\/12\/5ede84974bb6f011cfeb8278_ES_thumb-portal_walk-n-talk_07-1.jpg\" \/>\n\t<meta property=\"og:image:width\" content=\"1210\" \/>\n\t<meta property=\"og:image:height\" content=\"680\" \/>\n\t<meta property=\"og:image:type\" content=\"image\/jpeg\" \/>\n<meta name=\"twitter:card\" content=\"summary_large_image\" \/>\n<meta name=\"twitter:label1\" content=\"Escrito por\" \/>\n\t<meta name=\"twitter:data1\" content=\"marcelo\" \/>\n\t<meta name=\"twitter:label2\" content=\"Est. tempo de leitura\" \/>\n\t<meta name=\"twitter:data2\" content=\"3 minutos\" \/>\n<script type=\"application\/ld+json\" class=\"yoast-schema-graph\">{\"@context\":\"https:\\\/\\\/schema.org\",\"@graph\":[{\"@type\":\"Article\",\"@id\":\"https:\\\/\\\/homolog.fluency.io\\\/br\\\/blog\\\/walk-n-talk-espanhol-07-filha-se-apressa-vamos-ao-mercado\\\/#article\",\"isPartOf\":{\"@id\":\"https:\\\/\\\/homolog.fluency.io\\\/br\\\/blog\\\/walk-n-talk-espanhol-07-filha-se-apressa-vamos-ao-mercado\\\/\"},\"author\":{\"name\":\"marcelo\",\"@id\":\"https:\\\/\\\/homolog.fluency.io\\\/br\\\/#\\\/schema\\\/person\\\/395d83f1006a72bd4912230eea50ff6f\"},\"headline\":\"Walk &#8216;n&#8217; Talk Espanhol #07 filha se apressa vamos ao mercado\",\"datePublished\":\"2022-05-10T17:30:00+00:00\",\"dateModified\":\"2025-03-09T14:53:30+00:00\",\"mainEntityOfPage\":{\"@id\":\"https:\\\/\\\/homolog.fluency.io\\\/br\\\/blog\\\/walk-n-talk-espanhol-07-filha-se-apressa-vamos-ao-mercado\\\/\"},\"wordCount\":495,\"commentCount\":0,\"image\":{\"@id\":\"https:\\\/\\\/homolog.fluency.io\\\/br\\\/blog\\\/walk-n-talk-espanhol-07-filha-se-apressa-vamos-ao-mercado\\\/#primaryimage\"},\"thumbnailUrl\":\"https:\\\/\\\/homolog.fluency.io\\\/br\\\/wp-content\\\/uploads\\\/sites\\\/3\\\/2023\\\/12\\\/5ede84974bb6f011cfeb8278_ES_thumb-portal_walk-n-talk_07-1.jpg\",\"articleSection\":[\"Skills\"],\"inLanguage\":\"pt-BR\",\"potentialAction\":[{\"@type\":\"CommentAction\",\"name\":\"Comment\",\"target\":[\"https:\\\/\\\/homolog.fluency.io\\\/br\\\/blog\\\/walk-n-talk-espanhol-07-filha-se-apressa-vamos-ao-mercado\\\/#respond\"]}]},{\"@type\":\"WebPage\",\"@id\":\"https:\\\/\\\/homolog.fluency.io\\\/br\\\/blog\\\/walk-n-talk-espanhol-07-filha-se-apressa-vamos-ao-mercado\\\/\",\"url\":\"https:\\\/\\\/homolog.fluency.io\\\/br\\\/blog\\\/walk-n-talk-espanhol-07-filha-se-apressa-vamos-ao-mercado\\\/\",\"name\":\"Walk 'n' Talk Espanhol #07 filha se apressa vamos ao mercado\",\"isPartOf\":{\"@id\":\"https:\\\/\\\/homolog.fluency.io\\\/br\\\/#website\"},\"primaryImageOfPage\":{\"@id\":\"https:\\\/\\\/homolog.fluency.io\\\/br\\\/blog\\\/walk-n-talk-espanhol-07-filha-se-apressa-vamos-ao-mercado\\\/#primaryimage\"},\"image\":{\"@id\":\"https:\\\/\\\/homolog.fluency.io\\\/br\\\/blog\\\/walk-n-talk-espanhol-07-filha-se-apressa-vamos-ao-mercado\\\/#primaryimage\"},\"thumbnailUrl\":\"https:\\\/\\\/homolog.fluency.io\\\/br\\\/wp-content\\\/uploads\\\/sites\\\/3\\\/2023\\\/12\\\/5ede84974bb6f011cfeb8278_ES_thumb-portal_walk-n-talk_07-1.jpg\",\"datePublished\":\"2022-05-10T17:30:00+00:00\",\"dateModified\":\"2025-03-09T14:53:30+00:00\",\"author\":{\"@id\":\"https:\\\/\\\/homolog.fluency.io\\\/br\\\/#\\\/schema\\\/person\\\/395d83f1006a72bd4912230eea50ff6f\"},\"description\":\"O epis\u00f3dio de hoje tem perguntas b\u00e1sicas de espanhol, confira agora!...\",\"breadcrumb\":{\"@id\":\"https:\\\/\\\/homolog.fluency.io\\\/br\\\/blog\\\/walk-n-talk-espanhol-07-filha-se-apressa-vamos-ao-mercado\\\/#breadcrumb\"},\"inLanguage\":\"pt-BR\",\"potentialAction\":[{\"@type\":\"ReadAction\",\"target\":[\"https:\\\/\\\/homolog.fluency.io\\\/br\\\/blog\\\/walk-n-talk-espanhol-07-filha-se-apressa-vamos-ao-mercado\\\/\"]}]},{\"@type\":\"ImageObject\",\"inLanguage\":\"pt-BR\",\"@id\":\"https:\\\/\\\/homolog.fluency.io\\\/br\\\/blog\\\/walk-n-talk-espanhol-07-filha-se-apressa-vamos-ao-mercado\\\/#primaryimage\",\"url\":\"https:\\\/\\\/homolog.fluency.io\\\/br\\\/wp-content\\\/uploads\\\/sites\\\/3\\\/2023\\\/12\\\/5ede84974bb6f011cfeb8278_ES_thumb-portal_walk-n-talk_07-1.jpg\",\"contentUrl\":\"https:\\\/\\\/homolog.fluency.io\\\/br\\\/wp-content\\\/uploads\\\/sites\\\/3\\\/2023\\\/12\\\/5ede84974bb6f011cfeb8278_ES_thumb-portal_walk-n-talk_07-1.jpg\",\"width\":1210,\"height\":680,\"caption\":\"fluency-academy\"},{\"@type\":\"BreadcrumbList\",\"@id\":\"https:\\\/\\\/homolog.fluency.io\\\/br\\\/blog\\\/walk-n-talk-espanhol-07-filha-se-apressa-vamos-ao-mercado\\\/#breadcrumb\",\"itemListElement\":[{\"@type\":\"ListItem\",\"position\":1,\"name\":\"In\u00edcio\",\"item\":\"https:\\\/\\\/homolog.fluency.io\\\/br\\\/\"},{\"@type\":\"ListItem\",\"position\":2,\"name\":\"Walk &#8216;n&#8217; Talk Espanhol #07 filha se apressa vamos ao mercado\"}]},{\"@type\":\"WebSite\",\"@id\":\"https:\\\/\\\/homolog.fluency.io\\\/br\\\/#website\",\"url\":\"https:\\\/\\\/homolog.fluency.io\\\/br\\\/\",\"name\":\"Fluency.io Brasil\",\"description\":\"\",\"potentialAction\":[{\"@type\":\"SearchAction\",\"target\":{\"@type\":\"EntryPoint\",\"urlTemplate\":\"https:\\\/\\\/homolog.fluency.io\\\/br\\\/?s={search_term_string}\"},\"query-input\":{\"@type\":\"PropertyValueSpecification\",\"valueRequired\":true,\"valueName\":\"search_term_string\"}}],\"inLanguage\":\"pt-BR\"},{\"@type\":\"Person\",\"@id\":\"https:\\\/\\\/homolog.fluency.io\\\/br\\\/#\\\/schema\\\/person\\\/395d83f1006a72bd4912230eea50ff6f\",\"name\":\"marcelo\",\"image\":{\"@type\":\"ImageObject\",\"inLanguage\":\"pt-BR\",\"@id\":\"https:\\\/\\\/secure.gravatar.com\\\/avatar\\\/9050681441880d21ef4048d38965a107dc5b77bf302f57fa3939973bdafa41d8?s=96&d=mm&r=g\",\"url\":\"https:\\\/\\\/secure.gravatar.com\\\/avatar\\\/9050681441880d21ef4048d38965a107dc5b77bf302f57fa3939973bdafa41d8?s=96&d=mm&r=g\",\"contentUrl\":\"https:\\\/\\\/secure.gravatar.com\\\/avatar\\\/9050681441880d21ef4048d38965a107dc5b77bf302f57fa3939973bdafa41d8?s=96&d=mm&r=g\",\"caption\":\"marcelo\"},\"url\":\"https:\\\/\\\/homolog.fluency.io\\\/br\\\/author\\\/marcelo\\\/\"}]}<\/script>\n<!-- \/ Yoast SEO plugin. -->","yoast_head_json":{"title":"Walk 'n' Talk Espanhol #07 filha se apressa vamos ao mercado","description":"O epis\u00f3dio de hoje tem perguntas b\u00e1sicas de espanhol, confira agora!...","robots":{"index":"noindex","follow":"nofollow"},"og_locale":"pt_BR","og_type":"article","og_title":"Walk 'n' Talk Espanhol #07 filha se apressa vamos ao mercado","og_description":"O epis\u00f3dio de hoje tem perguntas b\u00e1sicas de espanhol, confira agora!...","og_url":"https:\/\/homolog.fluency.io\/br\/blog\/walk-n-talk-espanhol-07-filha-se-apressa-vamos-ao-mercado\/","og_site_name":"Fluency.io Brasil","article_published_time":"2022-05-10T17:30:00+00:00","article_modified_time":"2025-03-09T14:53:30+00:00","og_image":[{"width":1210,"height":680,"url":"https:\/\/homolog.fluency.io\/br\/wp-content\/uploads\/sites\/3\/2023\/12\/5ede84974bb6f011cfeb8278_ES_thumb-portal_walk-n-talk_07-1.jpg","type":"image\/jpeg"}],"twitter_card":"summary_large_image","twitter_misc":{"Escrito por":"marcelo","Est. tempo de leitura":"3 minutos"},"schema":{"@context":"https:\/\/schema.org","@graph":[{"@type":"Article","@id":"https:\/\/homolog.fluency.io\/br\/blog\/walk-n-talk-espanhol-07-filha-se-apressa-vamos-ao-mercado\/#article","isPartOf":{"@id":"https:\/\/homolog.fluency.io\/br\/blog\/walk-n-talk-espanhol-07-filha-se-apressa-vamos-ao-mercado\/"},"author":{"name":"marcelo","@id":"https:\/\/homolog.fluency.io\/br\/#\/schema\/person\/395d83f1006a72bd4912230eea50ff6f"},"headline":"Walk &#8216;n&#8217; Talk Espanhol #07 filha se apressa vamos ao mercado","datePublished":"2022-05-10T17:30:00+00:00","dateModified":"2025-03-09T14:53:30+00:00","mainEntityOfPage":{"@id":"https:\/\/homolog.fluency.io\/br\/blog\/walk-n-talk-espanhol-07-filha-se-apressa-vamos-ao-mercado\/"},"wordCount":495,"commentCount":0,"image":{"@id":"https:\/\/homolog.fluency.io\/br\/blog\/walk-n-talk-espanhol-07-filha-se-apressa-vamos-ao-mercado\/#primaryimage"},"thumbnailUrl":"https:\/\/homolog.fluency.io\/br\/wp-content\/uploads\/sites\/3\/2023\/12\/5ede84974bb6f011cfeb8278_ES_thumb-portal_walk-n-talk_07-1.jpg","articleSection":["Skills"],"inLanguage":"pt-BR","potentialAction":[{"@type":"CommentAction","name":"Comment","target":["https:\/\/homolog.fluency.io\/br\/blog\/walk-n-talk-espanhol-07-filha-se-apressa-vamos-ao-mercado\/#respond"]}]},{"@type":"WebPage","@id":"https:\/\/homolog.fluency.io\/br\/blog\/walk-n-talk-espanhol-07-filha-se-apressa-vamos-ao-mercado\/","url":"https:\/\/homolog.fluency.io\/br\/blog\/walk-n-talk-espanhol-07-filha-se-apressa-vamos-ao-mercado\/","name":"Walk 'n' Talk Espanhol #07 filha se apressa vamos ao mercado","isPartOf":{"@id":"https:\/\/homolog.fluency.io\/br\/#website"},"primaryImageOfPage":{"@id":"https:\/\/homolog.fluency.io\/br\/blog\/walk-n-talk-espanhol-07-filha-se-apressa-vamos-ao-mercado\/#primaryimage"},"image":{"@id":"https:\/\/homolog.fluency.io\/br\/blog\/walk-n-talk-espanhol-07-filha-se-apressa-vamos-ao-mercado\/#primaryimage"},"thumbnailUrl":"https:\/\/homolog.fluency.io\/br\/wp-content\/uploads\/sites\/3\/2023\/12\/5ede84974bb6f011cfeb8278_ES_thumb-portal_walk-n-talk_07-1.jpg","datePublished":"2022-05-10T17:30:00+00:00","dateModified":"2025-03-09T14:53:30+00:00","author":{"@id":"https:\/\/homolog.fluency.io\/br\/#\/schema\/person\/395d83f1006a72bd4912230eea50ff6f"},"description":"O epis\u00f3dio de hoje tem perguntas b\u00e1sicas de espanhol, confira agora!...","breadcrumb":{"@id":"https:\/\/homolog.fluency.io\/br\/blog\/walk-n-talk-espanhol-07-filha-se-apressa-vamos-ao-mercado\/#breadcrumb"},"inLanguage":"pt-BR","potentialAction":[{"@type":"ReadAction","target":["https:\/\/homolog.fluency.io\/br\/blog\/walk-n-talk-espanhol-07-filha-se-apressa-vamos-ao-mercado\/"]}]},{"@type":"ImageObject","inLanguage":"pt-BR","@id":"https:\/\/homolog.fluency.io\/br\/blog\/walk-n-talk-espanhol-07-filha-se-apressa-vamos-ao-mercado\/#primaryimage","url":"https:\/\/homolog.fluency.io\/br\/wp-content\/uploads\/sites\/3\/2023\/12\/5ede84974bb6f011cfeb8278_ES_thumb-portal_walk-n-talk_07-1.jpg","contentUrl":"https:\/\/homolog.fluency.io\/br\/wp-content\/uploads\/sites\/3\/2023\/12\/5ede84974bb6f011cfeb8278_ES_thumb-portal_walk-n-talk_07-1.jpg","width":1210,"height":680,"caption":"fluency-academy"},{"@type":"BreadcrumbList","@id":"https:\/\/homolog.fluency.io\/br\/blog\/walk-n-talk-espanhol-07-filha-se-apressa-vamos-ao-mercado\/#breadcrumb","itemListElement":[{"@type":"ListItem","position":1,"name":"In\u00edcio","item":"https:\/\/homolog.fluency.io\/br\/"},{"@type":"ListItem","position":2,"name":"Walk &#8216;n&#8217; Talk Espanhol #07 filha se apressa vamos ao mercado"}]},{"@type":"WebSite","@id":"https:\/\/homolog.fluency.io\/br\/#website","url":"https:\/\/homolog.fluency.io\/br\/","name":"Fluency.io Brasil","description":"","potentialAction":[{"@type":"SearchAction","target":{"@type":"EntryPoint","urlTemplate":"https:\/\/homolog.fluency.io\/br\/?s={search_term_string}"},"query-input":{"@type":"PropertyValueSpecification","valueRequired":true,"valueName":"search_term_string"}}],"inLanguage":"pt-BR"},{"@type":"Person","@id":"https:\/\/homolog.fluency.io\/br\/#\/schema\/person\/395d83f1006a72bd4912230eea50ff6f","name":"marcelo","image":{"@type":"ImageObject","inLanguage":"pt-BR","@id":"https:\/\/secure.gravatar.com\/avatar\/9050681441880d21ef4048d38965a107dc5b77bf302f57fa3939973bdafa41d8?s=96&d=mm&r=g","url":"https:\/\/secure.gravatar.com\/avatar\/9050681441880d21ef4048d38965a107dc5b77bf302f57fa3939973bdafa41d8?s=96&d=mm&r=g","contentUrl":"https:\/\/secure.gravatar.com\/avatar\/9050681441880d21ef4048d38965a107dc5b77bf302f57fa3939973bdafa41d8?s=96&d=mm&r=g","caption":"marcelo"},"url":"https:\/\/homolog.fluency.io\/br\/author\/marcelo\/"}]}},"_links":{"self":[{"href":"https:\/\/homolog.fluency.io\/br\/wp-json\/wp\/v2\/posts\/61497","targetHints":{"allow":["GET"]}}],"collection":[{"href":"https:\/\/homolog.fluency.io\/br\/wp-json\/wp\/v2\/posts"}],"about":[{"href":"https:\/\/homolog.fluency.io\/br\/wp-json\/wp\/v2\/types\/post"}],"author":[{"embeddable":true,"href":"https:\/\/homolog.fluency.io\/br\/wp-json\/wp\/v2\/users\/6"}],"replies":[{"embeddable":true,"href":"https:\/\/homolog.fluency.io\/br\/wp-json\/wp\/v2\/comments?post=61497"}],"version-history":[{"count":5,"href":"https:\/\/homolog.fluency.io\/br\/wp-json\/wp\/v2\/posts\/61497\/revisions"}],"predecessor-version":[{"id":97433,"href":"https:\/\/homolog.fluency.io\/br\/wp-json\/wp\/v2\/posts\/61497\/revisions\/97433"}],"wp:featuredmedia":[{"embeddable":true,"href":"https:\/\/homolog.fluency.io\/br\/wp-json\/wp\/v2\/media\/61498"}],"wp:attachment":[{"href":"https:\/\/homolog.fluency.io\/br\/wp-json\/wp\/v2\/media?parent=61497"}],"wp:term":[{"taxonomy":"category","embeddable":true,"href":"https:\/\/homolog.fluency.io\/br\/wp-json\/wp\/v2\/categories?post=61497"},{"taxonomy":"post_tag","embeddable":true,"href":"https:\/\/homolog.fluency.io\/br\/wp-json\/wp\/v2\/tags?post=61497"},{"taxonomy":"format","embeddable":true,"href":"https:\/\/homolog.fluency.io\/br\/wp-json\/wp\/v2\/format?post=61497"},{"taxonomy":"trilha","embeddable":true,"href":"https:\/\/homolog.fluency.io\/br\/wp-json\/wp\/v2\/trilha?post=61497"}],"curies":[{"name":"wp","href":"https:\/\/api.w.org\/{rel}","templated":true}]}}