{"id":61893,"date":"2022-01-21T12:52:00","date_gmt":"2022-01-21T12:52:00","guid":{"rendered":"https:\/\/fluency.io\/br\/blog\/expressoes-para-falar-de-calor\/"},"modified":"2024-08-26T10:59:03","modified_gmt":"2024-08-26T13:59:03","slug":"expressoes-para-falar-de-calor","status":"publish","type":"post","link":"https:\/\/homolog.fluency.io\/br\/blog\/expressoes-para-falar-de-calor\/","title":{"rendered":"Express\u00f5es para falar de calor"},"content":{"rendered":"<p><em>Salut !<\/em> Sejam muito bem-vindos e bem-vindas a mais uma dica de franc\u00eas!<\/p>\n<h2>Como falar &#8220;que calor&#8221; em franc\u00eas<\/h2>\n<p>Eu sei que tem gente que ama o calor, mas, nos \u00faltimos dias, eu tenho passado tanto calor que n\u00e3o aguento mais! Aproveitando essa onda, trouxe algumas express\u00f5es sobre o calor para voc\u00ea.<\/p>\n<h3>Como falar \u201cgraus\u201d em franc\u00eas<\/h3>\n<p><em>Trent et un degr\u00e9s<br \/>\n<\/em> Trinta e um graus<\/p>\n<p>E, para passar o calor, s\u00f3 tem duas coisas que me ajudam de verdade:<br \/>\n<em>De l\u2019eau fraiche<br \/>\n<\/em> \u00c1gua fresca<\/p>\n<p>Ou tamb\u00e9m:<br \/>\n<em>Un bain \u00e0 l\u2019eau froide<br \/>\n<\/em> Um banho com \u00e1gua fria<\/p>\n<p>Lembrando que, em franc\u00eas, tamb\u00e9m temos a express\u00e3o \u201ctomar um banho frio\u201d, mas ela significa outra coisa. \u00c9 quando voc\u00ea est\u00e1 cheio de expectativas e alguma pessoa te fala algo que quebra todas elas: voc\u00ea toma \u201cum banho frio\u201d.<\/p>\n<p><em>Prendre une douche froide<br \/>\n<\/em> Tomar um banho frio<\/p>\n<p>E por hoje \u00e9 s\u00f3! Compartilhe esta dica sobre calor com seus amigos.<br \/>\n<em>Salut !<\/em><\/p>\n","protected":false},"excerpt":{"rendered":"<p>Est\u00e1 calor a\u00ed? Aprenda a falar sobre isso em franc\u00eas!<\/p>\n","protected":false},"author":6,"featured_media":85145,"comment_status":"open","ping_status":"open","sticky":false,"template":"","format":[184],"meta":{"inline_featured_image":false,"footnotes":""},"categories":[171],"tags":[],"trilha":[],"class_list":["post-61893","post","type-post","status-publish","format-standard","has-post-thumbnail","hentry","category-vocabulario","format-videos"],"acf":[],"yoast_head":"<!-- This site is optimized with the Yoast SEO plugin v27.4 - https:\/\/yoast.com\/product\/yoast-seo-wordpress\/ -->\n<title>Express\u00f5es para falar de calor<\/title>\n<meta name=\"description\" content=\"Est\u00e1 calor a\u00ed? Aprenda a falar sobre isso em franc\u00eas!\" \/>\n<meta name=\"robots\" content=\"noindex, follow, max-snippet:-1, max-image-preview:large, max-video-preview:-1\" \/>\n<meta property=\"og:locale\" content=\"pt_BR\" \/>\n<meta property=\"og:type\" content=\"article\" \/>\n<meta property=\"og:title\" content=\"Express\u00f5es para falar de calor\" \/>\n<meta property=\"og:description\" content=\"Est\u00e1 calor a\u00ed? Aprenda a falar sobre isso em franc\u00eas!\" \/>\n<meta property=\"og:url\" content=\"https:\/\/fluency.io\/br\/blog\/expressoes-para-falar-de-calor\/\" \/>\n<meta property=\"og:site_name\" content=\"Fluency.io Brasil\" \/>\n<meta property=\"article:published_time\" content=\"2022-01-21T12:52:00+00:00\" \/>\n<meta property=\"article:modified_time\" content=\"2024-08-26T13:59:03+00:00\" \/>\n<meta property=\"og:image\" content=\"https:\/\/fluency.io\/br\/wp-content\/uploads\/sites\/3\/2022\/01\/Expressoes-para-falar-de-calor.jpg\" \/>\n\t<meta property=\"og:image:width\" content=\"1280\" \/>\n\t<meta property=\"og:image:height\" content=\"720\" \/>\n\t<meta property=\"og:image:type\" content=\"image\/jpeg\" \/>\n<meta name=\"twitter:card\" content=\"summary_large_image\" \/>\n<meta name=\"twitter:label1\" content=\"Escrito por\" \/>\n\t<meta name=\"twitter:data1\" content=\"marcelo\" \/>\n\t<meta name=\"twitter:label2\" content=\"Est. tempo de leitura\" \/>\n\t<meta name=\"twitter:data2\" content=\"1 minuto\" \/>\n<script type=\"application\/ld+json\" class=\"yoast-schema-graph\">{\"@context\":\"https:\\\/\\\/schema.org\",\"@graph\":[{\"@type\":\"Article\",\"@id\":\"https:\\\/\\\/fluency.io\\\/br\\\/blog\\\/expressoes-para-falar-de-calor\\\/#article\",\"isPartOf\":{\"@id\":\"https:\\\/\\\/fluency.io\\\/br\\\/blog\\\/expressoes-para-falar-de-calor\\\/\"},\"author\":{\"name\":\"marcelo\",\"@id\":\"https:\\\/\\\/homolog.fluency.io\\\/br\\\/#\\\/schema\\\/person\\\/395d83f1006a72bd4912230eea50ff6f\"},\"headline\":\"Express\u00f5es para falar de calor\",\"datePublished\":\"2022-01-21T12:52:00+00:00\",\"dateModified\":\"2024-08-26T13:59:03+00:00\",\"mainEntityOfPage\":{\"@id\":\"https:\\\/\\\/fluency.io\\\/br\\\/blog\\\/expressoes-para-falar-de-calor\\\/\"},\"wordCount\":171,\"commentCount\":0,\"image\":{\"@id\":\"https:\\\/\\\/fluency.io\\\/br\\\/blog\\\/expressoes-para-falar-de-calor\\\/#primaryimage\"},\"thumbnailUrl\":\"https:\\\/\\\/homolog.fluency.io\\\/br\\\/wp-content\\\/uploads\\\/sites\\\/3\\\/2022\\\/01\\\/Expressoes-para-falar-de-calor.jpg\",\"articleSection\":[\"Vocabul\u00e1rio\"],\"inLanguage\":\"pt-BR\",\"potentialAction\":[{\"@type\":\"CommentAction\",\"name\":\"Comment\",\"target\":[\"https:\\\/\\\/fluency.io\\\/br\\\/blog\\\/expressoes-para-falar-de-calor\\\/#respond\"]}]},{\"@type\":\"WebPage\",\"@id\":\"https:\\\/\\\/fluency.io\\\/br\\\/blog\\\/expressoes-para-falar-de-calor\\\/\",\"url\":\"https:\\\/\\\/fluency.io\\\/br\\\/blog\\\/expressoes-para-falar-de-calor\\\/\",\"name\":\"Express\u00f5es para falar de calor\",\"isPartOf\":{\"@id\":\"https:\\\/\\\/homolog.fluency.io\\\/br\\\/#website\"},\"primaryImageOfPage\":{\"@id\":\"https:\\\/\\\/fluency.io\\\/br\\\/blog\\\/expressoes-para-falar-de-calor\\\/#primaryimage\"},\"image\":{\"@id\":\"https:\\\/\\\/fluency.io\\\/br\\\/blog\\\/expressoes-para-falar-de-calor\\\/#primaryimage\"},\"thumbnailUrl\":\"https:\\\/\\\/homolog.fluency.io\\\/br\\\/wp-content\\\/uploads\\\/sites\\\/3\\\/2022\\\/01\\\/Expressoes-para-falar-de-calor.jpg\",\"datePublished\":\"2022-01-21T12:52:00+00:00\",\"dateModified\":\"2024-08-26T13:59:03+00:00\",\"author\":{\"@id\":\"https:\\\/\\\/homolog.fluency.io\\\/br\\\/#\\\/schema\\\/person\\\/395d83f1006a72bd4912230eea50ff6f\"},\"description\":\"Est\u00e1 calor a\u00ed? Aprenda a falar sobre isso em franc\u00eas!\",\"breadcrumb\":{\"@id\":\"https:\\\/\\\/fluency.io\\\/br\\\/blog\\\/expressoes-para-falar-de-calor\\\/#breadcrumb\"},\"inLanguage\":\"pt-BR\",\"potentialAction\":[{\"@type\":\"ReadAction\",\"target\":[\"https:\\\/\\\/fluency.io\\\/br\\\/blog\\\/expressoes-para-falar-de-calor\\\/\"]}]},{\"@type\":\"ImageObject\",\"inLanguage\":\"pt-BR\",\"@id\":\"https:\\\/\\\/fluency.io\\\/br\\\/blog\\\/expressoes-para-falar-de-calor\\\/#primaryimage\",\"url\":\"https:\\\/\\\/homolog.fluency.io\\\/br\\\/wp-content\\\/uploads\\\/sites\\\/3\\\/2022\\\/01\\\/Expressoes-para-falar-de-calor.jpg\",\"contentUrl\":\"https:\\\/\\\/homolog.fluency.io\\\/br\\\/wp-content\\\/uploads\\\/sites\\\/3\\\/2022\\\/01\\\/Expressoes-para-falar-de-calor.jpg\",\"width\":1280,\"height\":720,\"caption\":\"Express\u00f5es para falar de calor\"},{\"@type\":\"BreadcrumbList\",\"@id\":\"https:\\\/\\\/fluency.io\\\/br\\\/blog\\\/expressoes-para-falar-de-calor\\\/#breadcrumb\",\"itemListElement\":[{\"@type\":\"ListItem\",\"position\":1,\"name\":\"In\u00edcio\",\"item\":\"https:\\\/\\\/homolog.fluency.io\\\/br\\\/\"},{\"@type\":\"ListItem\",\"position\":2,\"name\":\"Express\u00f5es para falar de calor\"}]},{\"@type\":\"WebSite\",\"@id\":\"https:\\\/\\\/homolog.fluency.io\\\/br\\\/#website\",\"url\":\"https:\\\/\\\/homolog.fluency.io\\\/br\\\/\",\"name\":\"Fluency.io Brasil\",\"description\":\"\",\"potentialAction\":[{\"@type\":\"SearchAction\",\"target\":{\"@type\":\"EntryPoint\",\"urlTemplate\":\"https:\\\/\\\/homolog.fluency.io\\\/br\\\/?s={search_term_string}\"},\"query-input\":{\"@type\":\"PropertyValueSpecification\",\"valueRequired\":true,\"valueName\":\"search_term_string\"}}],\"inLanguage\":\"pt-BR\"},{\"@type\":\"Person\",\"@id\":\"https:\\\/\\\/homolog.fluency.io\\\/br\\\/#\\\/schema\\\/person\\\/395d83f1006a72bd4912230eea50ff6f\",\"name\":\"marcelo\",\"image\":{\"@type\":\"ImageObject\",\"inLanguage\":\"pt-BR\",\"@id\":\"https:\\\/\\\/secure.gravatar.com\\\/avatar\\\/9050681441880d21ef4048d38965a107dc5b77bf302f57fa3939973bdafa41d8?s=96&d=mm&r=g\",\"url\":\"https:\\\/\\\/secure.gravatar.com\\\/avatar\\\/9050681441880d21ef4048d38965a107dc5b77bf302f57fa3939973bdafa41d8?s=96&d=mm&r=g\",\"contentUrl\":\"https:\\\/\\\/secure.gravatar.com\\\/avatar\\\/9050681441880d21ef4048d38965a107dc5b77bf302f57fa3939973bdafa41d8?s=96&d=mm&r=g\",\"caption\":\"marcelo\"},\"url\":\"https:\\\/\\\/homolog.fluency.io\\\/br\\\/author\\\/marcelo\\\/\"}]}<\/script>\n<!-- \/ Yoast SEO plugin. -->","yoast_head_json":{"title":"Express\u00f5es para falar de calor","description":"Est\u00e1 calor a\u00ed? Aprenda a falar sobre isso em franc\u00eas!","robots":{"index":"noindex","follow":"follow","max-snippet":"max-snippet:-1","max-image-preview":"max-image-preview:large","max-video-preview":"max-video-preview:-1"},"og_locale":"pt_BR","og_type":"article","og_title":"Express\u00f5es para falar de calor","og_description":"Est\u00e1 calor a\u00ed? Aprenda a falar sobre isso em franc\u00eas!","og_url":"https:\/\/fluency.io\/br\/blog\/expressoes-para-falar-de-calor\/","og_site_name":"Fluency.io Brasil","article_published_time":"2022-01-21T12:52:00+00:00","article_modified_time":"2024-08-26T13:59:03+00:00","og_image":[{"width":1280,"height":720,"url":"https:\/\/fluency.io\/br\/wp-content\/uploads\/sites\/3\/2022\/01\/Expressoes-para-falar-de-calor.jpg","type":"image\/jpeg"}],"twitter_card":"summary_large_image","twitter_misc":{"Escrito por":"marcelo","Est. tempo de leitura":"1 minuto"},"schema":{"@context":"https:\/\/schema.org","@graph":[{"@type":"Article","@id":"https:\/\/fluency.io\/br\/blog\/expressoes-para-falar-de-calor\/#article","isPartOf":{"@id":"https:\/\/fluency.io\/br\/blog\/expressoes-para-falar-de-calor\/"},"author":{"name":"marcelo","@id":"https:\/\/homolog.fluency.io\/br\/#\/schema\/person\/395d83f1006a72bd4912230eea50ff6f"},"headline":"Express\u00f5es para falar de calor","datePublished":"2022-01-21T12:52:00+00:00","dateModified":"2024-08-26T13:59:03+00:00","mainEntityOfPage":{"@id":"https:\/\/fluency.io\/br\/blog\/expressoes-para-falar-de-calor\/"},"wordCount":171,"commentCount":0,"image":{"@id":"https:\/\/fluency.io\/br\/blog\/expressoes-para-falar-de-calor\/#primaryimage"},"thumbnailUrl":"https:\/\/homolog.fluency.io\/br\/wp-content\/uploads\/sites\/3\/2022\/01\/Expressoes-para-falar-de-calor.jpg","articleSection":["Vocabul\u00e1rio"],"inLanguage":"pt-BR","potentialAction":[{"@type":"CommentAction","name":"Comment","target":["https:\/\/fluency.io\/br\/blog\/expressoes-para-falar-de-calor\/#respond"]}]},{"@type":"WebPage","@id":"https:\/\/fluency.io\/br\/blog\/expressoes-para-falar-de-calor\/","url":"https:\/\/fluency.io\/br\/blog\/expressoes-para-falar-de-calor\/","name":"Express\u00f5es para falar de calor","isPartOf":{"@id":"https:\/\/homolog.fluency.io\/br\/#website"},"primaryImageOfPage":{"@id":"https:\/\/fluency.io\/br\/blog\/expressoes-para-falar-de-calor\/#primaryimage"},"image":{"@id":"https:\/\/fluency.io\/br\/blog\/expressoes-para-falar-de-calor\/#primaryimage"},"thumbnailUrl":"https:\/\/homolog.fluency.io\/br\/wp-content\/uploads\/sites\/3\/2022\/01\/Expressoes-para-falar-de-calor.jpg","datePublished":"2022-01-21T12:52:00+00:00","dateModified":"2024-08-26T13:59:03+00:00","author":{"@id":"https:\/\/homolog.fluency.io\/br\/#\/schema\/person\/395d83f1006a72bd4912230eea50ff6f"},"description":"Est\u00e1 calor a\u00ed? Aprenda a falar sobre isso em franc\u00eas!","breadcrumb":{"@id":"https:\/\/fluency.io\/br\/blog\/expressoes-para-falar-de-calor\/#breadcrumb"},"inLanguage":"pt-BR","potentialAction":[{"@type":"ReadAction","target":["https:\/\/fluency.io\/br\/blog\/expressoes-para-falar-de-calor\/"]}]},{"@type":"ImageObject","inLanguage":"pt-BR","@id":"https:\/\/fluency.io\/br\/blog\/expressoes-para-falar-de-calor\/#primaryimage","url":"https:\/\/homolog.fluency.io\/br\/wp-content\/uploads\/sites\/3\/2022\/01\/Expressoes-para-falar-de-calor.jpg","contentUrl":"https:\/\/homolog.fluency.io\/br\/wp-content\/uploads\/sites\/3\/2022\/01\/Expressoes-para-falar-de-calor.jpg","width":1280,"height":720,"caption":"Express\u00f5es para falar de calor"},{"@type":"BreadcrumbList","@id":"https:\/\/fluency.io\/br\/blog\/expressoes-para-falar-de-calor\/#breadcrumb","itemListElement":[{"@type":"ListItem","position":1,"name":"In\u00edcio","item":"https:\/\/homolog.fluency.io\/br\/"},{"@type":"ListItem","position":2,"name":"Express\u00f5es para falar de calor"}]},{"@type":"WebSite","@id":"https:\/\/homolog.fluency.io\/br\/#website","url":"https:\/\/homolog.fluency.io\/br\/","name":"Fluency.io Brasil","description":"","potentialAction":[{"@type":"SearchAction","target":{"@type":"EntryPoint","urlTemplate":"https:\/\/homolog.fluency.io\/br\/?s={search_term_string}"},"query-input":{"@type":"PropertyValueSpecification","valueRequired":true,"valueName":"search_term_string"}}],"inLanguage":"pt-BR"},{"@type":"Person","@id":"https:\/\/homolog.fluency.io\/br\/#\/schema\/person\/395d83f1006a72bd4912230eea50ff6f","name":"marcelo","image":{"@type":"ImageObject","inLanguage":"pt-BR","@id":"https:\/\/secure.gravatar.com\/avatar\/9050681441880d21ef4048d38965a107dc5b77bf302f57fa3939973bdafa41d8?s=96&d=mm&r=g","url":"https:\/\/secure.gravatar.com\/avatar\/9050681441880d21ef4048d38965a107dc5b77bf302f57fa3939973bdafa41d8?s=96&d=mm&r=g","contentUrl":"https:\/\/secure.gravatar.com\/avatar\/9050681441880d21ef4048d38965a107dc5b77bf302f57fa3939973bdafa41d8?s=96&d=mm&r=g","caption":"marcelo"},"url":"https:\/\/homolog.fluency.io\/br\/author\/marcelo\/"}]}},"_links":{"self":[{"href":"https:\/\/homolog.fluency.io\/br\/wp-json\/wp\/v2\/posts\/61893","targetHints":{"allow":["GET"]}}],"collection":[{"href":"https:\/\/homolog.fluency.io\/br\/wp-json\/wp\/v2\/posts"}],"about":[{"href":"https:\/\/homolog.fluency.io\/br\/wp-json\/wp\/v2\/types\/post"}],"author":[{"embeddable":true,"href":"https:\/\/homolog.fluency.io\/br\/wp-json\/wp\/v2\/users\/6"}],"replies":[{"embeddable":true,"href":"https:\/\/homolog.fluency.io\/br\/wp-json\/wp\/v2\/comments?post=61893"}],"version-history":[{"count":4,"href":"https:\/\/homolog.fluency.io\/br\/wp-json\/wp\/v2\/posts\/61893\/revisions"}],"predecessor-version":[{"id":85146,"href":"https:\/\/homolog.fluency.io\/br\/wp-json\/wp\/v2\/posts\/61893\/revisions\/85146"}],"wp:featuredmedia":[{"embeddable":true,"href":"https:\/\/homolog.fluency.io\/br\/wp-json\/wp\/v2\/media\/85145"}],"wp:attachment":[{"href":"https:\/\/homolog.fluency.io\/br\/wp-json\/wp\/v2\/media?parent=61893"}],"wp:term":[{"taxonomy":"category","embeddable":true,"href":"https:\/\/homolog.fluency.io\/br\/wp-json\/wp\/v2\/categories?post=61893"},{"taxonomy":"post_tag","embeddable":true,"href":"https:\/\/homolog.fluency.io\/br\/wp-json\/wp\/v2\/tags?post=61893"},{"taxonomy":"format","embeddable":true,"href":"https:\/\/homolog.fluency.io\/br\/wp-json\/wp\/v2\/format?post=61893"},{"taxonomy":"trilha","embeddable":true,"href":"https:\/\/homolog.fluency.io\/br\/wp-json\/wp\/v2\/trilha?post=61893"}],"curies":[{"name":"wp","href":"https:\/\/api.w.org\/{rel}","templated":true}]}}