{"id":62353,"date":"2022-06-29T17:31:00","date_gmt":"2022-06-29T17:31:00","guid":{"rendered":"https:\/\/fluency.io\/br\/blog\/walk-n-talk-espanhol-29-eu-adoro-o-cinema-mexicano\/"},"modified":"2025-03-09T12:33:01","modified_gmt":"2025-03-09T15:33:01","slug":"walk-n-talk-espanhol-29-eu-adoro-o-cinema-mexicano","status":"publish","type":"post","link":"https:\/\/homolog.fluency.io\/br\/blog\/walk-n-talk-espanhol-29-eu-adoro-o-cinema-mexicano\/","title":{"rendered":"Walk &#8216;n&#8217; Talk Espanhol #29 eu adoro o cinema mexicano"},"content":{"rendered":"<p><em>\u00a1Hola! \u00bfC\u00f3mo est\u00e1s? \ud83d\ude09\u00a0<\/em><\/p>\n<p>Seja bem-vindo e bem-vinda a mais um epis\u00f3dio do <strong>Walk \u2018n\u2019 Talk Essentials Espanhol<\/strong>, seu podcast para aprender espanhol de forma pr\u00e1tica e din\u00e2mica! No epis\u00f3dio de hoje, voc\u00ea vai mergulhar no universo do cinema mexicano enquanto aprende novas estruturas e express\u00f5es essenciais do idioma.<\/p>\n<p>Nosso di\u00e1logo desta edi\u00e7\u00e3o traz uma conversa entre duas amigas que compartilham seus gostos por <strong>filmes.<\/strong> Mas ser\u00e1 que elas t\u00eam as mesmas prefer\u00eancias cinematogr\u00e1ficas? Acompanhe e descubra!<\/p>\n<audio class=\"wp-audio-shortcode\" id=\"audio-62353-1\" preload=\"none\" style=\"width: 100%;\" controls=\"controls\"><source type=\"audio\/mpeg\" src=\"https:\/\/fluency.io\/br\/wp-content\/uploads\/sites\/3\/2022\/06\/ttsmaker-file-2025-3-5-15-35-50.mp3?_=1\" \/><a href=\"https:\/\/fluency.io\/br\/wp-content\/uploads\/sites\/3\/2022\/06\/ttsmaker-file-2025-3-5-15-35-50.mp3\">https:\/\/fluency.io\/br\/wp-content\/uploads\/sites\/3\/2022\/06\/ttsmaker-file-2025-3-5-15-35-50.mp3<\/a><\/audio>\n<h2 data-pm-slice=\"1 1 []\">Como consumir as aulas de \u00e1udio?<\/h2>\n<p>O <strong>Walk \u2018n\u2019 Talk Essentials Espa\u00f1ol<\/strong> est\u00e1 dispon\u00edvel no <strong>Spotify<\/strong> e pode ser ouvido a qualquer momento. Aqui v\u00e3o algumas dicas para <strong>aproveitar melhor o conte\u00fado<\/strong>:<\/p>\n<ul data-spread=\"false\">\n<li><strong>Ou\u00e7a o epis\u00f3dio sem interrup\u00e7\u00f5es<\/strong> para captar o contexto geral da conversa;<\/li>\n<li><strong>Preste aten\u00e7\u00e3o na pron\u00fancia e no ritmo das frases<\/strong>;<\/li>\n<li><strong>Repita as palavras e express\u00f5es em voz alta<\/strong> junto com a prof Brenda;<\/li>\n<li><strong>Volte e ou\u00e7a novamente<\/strong> para refor\u00e7ar o aprendizado;<\/li>\n<li><strong>Anote novas palavras<\/strong> que voc\u00ea ainda n\u00e3o conhece e tente utiliz\u00e1-las em frases do seu dia a dia.<\/li>\n<\/ul>\n<p>Pronto para dar mais um passo no seu aprendizado? Ent\u00e3o aperte o play e aproveite!<\/p>\n<h2>Expans\u00e3o de Vocabul\u00e1rio<\/h2>\n<p>Aqui est\u00e3o algumas palavras e express\u00f5es \u00fateis relacionadas ao <strong>cinema<\/strong>:<\/p>\n<table>\n<tbody>\n<tr>\n<th><strong>Espanhol<\/strong><\/th>\n<th><strong>Portugu\u00eas<\/strong><\/th>\n<th><strong>Exemplo em Espanhol<\/strong><\/th>\n<th><strong>Tradu\u00e7\u00e3o<\/strong><\/th>\n<\/tr>\n<tr>\n<td>Pel\u00edcula<\/td>\n<td>Filme<\/td>\n<td>Me gusta ver pel\u00edculas los fines de semana.<\/td>\n<td>Gosto de assistir filmes nos fins de semana.<\/td>\n<\/tr>\n<tr>\n<td>Cine<\/td>\n<td>Cinema<\/td>\n<td>Vamos al cine esta noche.<\/td>\n<td>Vamos ao cinema esta noite.<\/td>\n<\/tr>\n<tr>\n<td>Director<\/td>\n<td>Diretor<\/td>\n<td>El director de esta pel\u00edcula es muy famoso.<\/td>\n<td>O diretor deste filme \u00e9 muito famoso.<\/td>\n<\/tr>\n<tr>\n<td>Actriz\/Actor<\/td>\n<td>Atriz\/Ator<\/td>\n<td>Mi actriz favorita es Pen\u00e9lope Cruz.<\/td>\n<td>Minha atriz favorita \u00e9 Pen\u00e9lope Cruz.<\/td>\n<\/tr>\n<tr>\n<td>Guion<\/td>\n<td>Roteiro<\/td>\n<td>El guion de la pel\u00edcula es excelente.<\/td>\n<td>O roteiro do filme \u00e9 excelente.<\/td>\n<\/tr>\n<tr>\n<td>G\u00e9nero<\/td>\n<td>G\u00eanero<\/td>\n<td>Prefiero las pel\u00edculas de acci\u00f3n.<\/td>\n<td>Prefiro filmes de a\u00e7\u00e3o.<\/td>\n<\/tr>\n<tr>\n<td>Estreno<\/td>\n<td>Estreia<\/td>\n<td>La pel\u00edcula se estrena la pr\u00f3xima semana.<\/td>\n<td>O filme estreia na pr\u00f3xima semana.<\/td>\n<\/tr>\n<tr>\n<td>Subt\u00edtulos<\/td>\n<td>Legendas<\/td>\n<td>Prefiero ver pel\u00edculas con subt\u00edtulos.<\/td>\n<td>Prefiro assistir filmes com legendas.<\/td>\n<\/tr>\n<\/tbody>\n<\/table>\n<h2>Exerc\u00edcios para Praticar<\/h2>\n<p>1\ufe0f\u20e3 <strong>Complete as frases com as palavras corretas:<\/strong><\/p>\n<p>a) Hoy vamos al ____ para ver una pel\u00edcula nueva.<br \/>\nb) Me encanta el ____ de esta pel\u00edcula, es muy original.<br \/>\nc) La ____ principal gan\u00f3 un premio por su actuaci\u00f3n.<br \/>\nd) Prefiero ver pel\u00edculas en versi\u00f3n original con ____.<br \/>\ne) El ____ de la pel\u00edcula es conocido por su estilo \u00fanico.<\/p>\n<p>2\ufe0f\u20e3 <strong>Traduza as frases para o espanhol:<\/strong><\/p>\n<p>a) O cinema est\u00e1 cheio hoje.<br \/>\nb) Gosto de assistir filmes de com\u00e9dia.<br \/>\nc) Esse ator \u00e9 muito talentoso.<br \/>\nd) A estreia do filme ser\u00e1 na pr\u00f3xima sexta-feira.<br \/>\ne) O roteiro desse filme \u00e9 emocionante.<\/p>\n<p>3\ufe0f\u20e3 <strong>Crie uma frase em espanhol usando uma das palavras aprendidas.<\/strong><\/p>\n<h2>FAQ &#8211; Perguntas Frequentes<\/h2>\n<p><strong>1. Onde posso ouvir os epis\u00f3dios do Walk \u2018n\u2019 Talk Essentials Espa\u00f1ol?<\/strong><br \/>\nVoc\u00ea pode ouvir todos os epis\u00f3dios no <strong>Spotify<\/strong> e em outras plataformas de streaming de \u00e1udio.<\/p>\n<p><strong>2. Preciso saber espanhol para acompanhar o podcast?<\/strong><br \/>\nN\u00e3o! O conte\u00fado \u00e9 pensado para quem quer aprender <strong>desde o b\u00e1sico<\/strong>, com explica\u00e7\u00f5es em portugu\u00eas e exerc\u00edcios pr\u00e1ticos.<\/p>\n<p><strong>3. Como posso melhorar minha pron\u00fancia?<\/strong><br \/>\nUma \u00f3tima dica \u00e9 <strong>ouvir e repetir os di\u00e1logos do epis\u00f3dio em voz alta<\/strong>. Isso ajuda a acostumar seu ouvido e boca com os sons do idioma.<\/p>\n<p>Agora que voc\u00ea aprendeu novas palavras e express\u00f5es sobre cinema, que tal praticar? Compartilhe este epis\u00f3dio com seus amigos e continue acompanhando o <strong>Walk \u2018n\u2019 Talk Essentials Espa\u00f1ol<\/strong> para mais di\u00e1logos e conte\u00fados interativos.<\/p>\n<p>Curtiu o conte\u00fado? Confira o<a href=\"https:\/\/fluency.io\/br\/cursos\/espanhol\/\"> curso de espanhol<\/a> completo e veja as ofertas exclusivas para alunos aqui do portal. <b>\ud83d\udcda<\/b><\/p>\n<p><i>\u00a1Nos vemos en el pr\u00f3ximo episodio! Un besito \ud83d\ude18<\/i><\/p>\n","protected":false},"excerpt":{"rendered":"<p>Voc\u00ea gosta mais de filmes ou de novelas? No epis\u00f3dio de hoje, vamos ver o que nossas personagens preferem!<\/p>\n","protected":false},"author":6,"featured_media":62354,"comment_status":"open","ping_status":"open","sticky":false,"template":"","format":[186],"meta":{"inline_featured_image":false,"footnotes":""},"categories":[229],"tags":[],"trilha":[],"class_list":["post-62353","post","type-post","status-publish","format-standard","has-post-thumbnail","hentry","category-skills","tipo-podcast-essentials","tipo-podcast-walk-n-talk","format-artigos"],"acf":[],"yoast_head":"<!-- This site is optimized with the Yoast SEO plugin v27.4 - https:\/\/yoast.com\/product\/yoast-seo-wordpress\/ -->\n<title>Walk &#039;n&#039; Talk Espanhol #29 eu adoro o cinema mexicano<\/title>\n<meta name=\"description\" content=\"Voc\u00ea gosta mais de filmes ou de novelas? No epis\u00f3dio de hoje, vamos ver o que nossas personagens preferem!...\" \/>\n<meta name=\"robots\" content=\"noindex, nofollow\" \/>\n<meta property=\"og:locale\" content=\"pt_BR\" \/>\n<meta property=\"og:type\" content=\"article\" \/>\n<meta property=\"og:title\" content=\"Walk &#039;n&#039; Talk Espanhol #29 eu adoro o cinema mexicano\" \/>\n<meta property=\"og:description\" content=\"Voc\u00ea gosta mais de filmes ou de novelas? No epis\u00f3dio de hoje, vamos ver o que nossas personagens preferem!...\" \/>\n<meta property=\"og:url\" content=\"https:\/\/homolog.fluency.io\/br\/blog\/walk-n-talk-espanhol-29-eu-adoro-o-cinema-mexicano\/\" \/>\n<meta property=\"og:site_name\" content=\"Fluency.io Brasil\" \/>\n<meta property=\"article:published_time\" content=\"2022-06-29T17:31:00+00:00\" \/>\n<meta property=\"article:modified_time\" content=\"2025-03-09T15:33:01+00:00\" \/>\n<meta property=\"og:image\" content=\"https:\/\/homolog.fluency.io\/br\/wp-content\/uploads\/sites\/3\/2023\/12\/5f50191426da93359094c935_ESP-Walk-\u2018n-Talk-Espanhol-Essentials-29-Eu-adoro-o-cinema-mexicano_THUMB-PORTAL-1.jpg\" \/>\n\t<meta property=\"og:image:width\" content=\"1210\" \/>\n\t<meta property=\"og:image:height\" content=\"680\" \/>\n\t<meta property=\"og:image:type\" content=\"image\/jpeg\" \/>\n<meta name=\"twitter:card\" content=\"summary_large_image\" \/>\n<meta name=\"twitter:label1\" content=\"Escrito por\" \/>\n\t<meta name=\"twitter:data1\" content=\"marcelo\" \/>\n\t<meta name=\"twitter:label2\" content=\"Est. tempo de leitura\" \/>\n\t<meta name=\"twitter:data2\" content=\"4 minutos\" \/>\n<script type=\"application\/ld+json\" class=\"yoast-schema-graph\">{\"@context\":\"https:\\\/\\\/schema.org\",\"@graph\":[{\"@type\":\"Article\",\"@id\":\"https:\\\/\\\/homolog.fluency.io\\\/br\\\/blog\\\/walk-n-talk-espanhol-29-eu-adoro-o-cinema-mexicano\\\/#article\",\"isPartOf\":{\"@id\":\"https:\\\/\\\/homolog.fluency.io\\\/br\\\/blog\\\/walk-n-talk-espanhol-29-eu-adoro-o-cinema-mexicano\\\/\"},\"author\":{\"name\":\"marcelo\",\"@id\":\"https:\\\/\\\/homolog.fluency.io\\\/br\\\/#\\\/schema\\\/person\\\/395d83f1006a72bd4912230eea50ff6f\"},\"headline\":\"Walk &#8216;n&#8217; Talk Espanhol #29 eu adoro o cinema mexicano\",\"datePublished\":\"2022-06-29T17:31:00+00:00\",\"dateModified\":\"2025-03-09T15:33:01+00:00\",\"mainEntityOfPage\":{\"@id\":\"https:\\\/\\\/homolog.fluency.io\\\/br\\\/blog\\\/walk-n-talk-espanhol-29-eu-adoro-o-cinema-mexicano\\\/\"},\"wordCount\":674,\"commentCount\":0,\"image\":{\"@id\":\"https:\\\/\\\/homolog.fluency.io\\\/br\\\/blog\\\/walk-n-talk-espanhol-29-eu-adoro-o-cinema-mexicano\\\/#primaryimage\"},\"thumbnailUrl\":\"https:\\\/\\\/homolog.fluency.io\\\/br\\\/wp-content\\\/uploads\\\/sites\\\/3\\\/2023\\\/12\\\/5f50191426da93359094c935_ESP-Walk-\u2018n-Talk-Espanhol-Essentials-29-Eu-adoro-o-cinema-mexicano_THUMB-PORTAL-1.jpg\",\"articleSection\":[\"Skills\"],\"inLanguage\":\"pt-BR\",\"potentialAction\":[{\"@type\":\"CommentAction\",\"name\":\"Comment\",\"target\":[\"https:\\\/\\\/homolog.fluency.io\\\/br\\\/blog\\\/walk-n-talk-espanhol-29-eu-adoro-o-cinema-mexicano\\\/#respond\"]}]},{\"@type\":\"WebPage\",\"@id\":\"https:\\\/\\\/homolog.fluency.io\\\/br\\\/blog\\\/walk-n-talk-espanhol-29-eu-adoro-o-cinema-mexicano\\\/\",\"url\":\"https:\\\/\\\/homolog.fluency.io\\\/br\\\/blog\\\/walk-n-talk-espanhol-29-eu-adoro-o-cinema-mexicano\\\/\",\"name\":\"Walk 'n' Talk Espanhol #29 eu adoro o cinema mexicano\",\"isPartOf\":{\"@id\":\"https:\\\/\\\/homolog.fluency.io\\\/br\\\/#website\"},\"primaryImageOfPage\":{\"@id\":\"https:\\\/\\\/homolog.fluency.io\\\/br\\\/blog\\\/walk-n-talk-espanhol-29-eu-adoro-o-cinema-mexicano\\\/#primaryimage\"},\"image\":{\"@id\":\"https:\\\/\\\/homolog.fluency.io\\\/br\\\/blog\\\/walk-n-talk-espanhol-29-eu-adoro-o-cinema-mexicano\\\/#primaryimage\"},\"thumbnailUrl\":\"https:\\\/\\\/homolog.fluency.io\\\/br\\\/wp-content\\\/uploads\\\/sites\\\/3\\\/2023\\\/12\\\/5f50191426da93359094c935_ESP-Walk-\u2018n-Talk-Espanhol-Essentials-29-Eu-adoro-o-cinema-mexicano_THUMB-PORTAL-1.jpg\",\"datePublished\":\"2022-06-29T17:31:00+00:00\",\"dateModified\":\"2025-03-09T15:33:01+00:00\",\"author\":{\"@id\":\"https:\\\/\\\/homolog.fluency.io\\\/br\\\/#\\\/schema\\\/person\\\/395d83f1006a72bd4912230eea50ff6f\"},\"description\":\"Voc\u00ea gosta mais de filmes ou de novelas? No epis\u00f3dio de hoje, vamos ver o que nossas personagens preferem!...\",\"breadcrumb\":{\"@id\":\"https:\\\/\\\/homolog.fluency.io\\\/br\\\/blog\\\/walk-n-talk-espanhol-29-eu-adoro-o-cinema-mexicano\\\/#breadcrumb\"},\"inLanguage\":\"pt-BR\",\"potentialAction\":[{\"@type\":\"ReadAction\",\"target\":[\"https:\\\/\\\/homolog.fluency.io\\\/br\\\/blog\\\/walk-n-talk-espanhol-29-eu-adoro-o-cinema-mexicano\\\/\"]}]},{\"@type\":\"ImageObject\",\"inLanguage\":\"pt-BR\",\"@id\":\"https:\\\/\\\/homolog.fluency.io\\\/br\\\/blog\\\/walk-n-talk-espanhol-29-eu-adoro-o-cinema-mexicano\\\/#primaryimage\",\"url\":\"https:\\\/\\\/homolog.fluency.io\\\/br\\\/wp-content\\\/uploads\\\/sites\\\/3\\\/2023\\\/12\\\/5f50191426da93359094c935_ESP-Walk-\u2018n-Talk-Espanhol-Essentials-29-Eu-adoro-o-cinema-mexicano_THUMB-PORTAL-1.jpg\",\"contentUrl\":\"https:\\\/\\\/homolog.fluency.io\\\/br\\\/wp-content\\\/uploads\\\/sites\\\/3\\\/2023\\\/12\\\/5f50191426da93359094c935_ESP-Walk-\u2018n-Talk-Espanhol-Essentials-29-Eu-adoro-o-cinema-mexicano_THUMB-PORTAL-1.jpg\",\"width\":1210,\"height\":680,\"caption\":\"fluency-academy\"},{\"@type\":\"BreadcrumbList\",\"@id\":\"https:\\\/\\\/homolog.fluency.io\\\/br\\\/blog\\\/walk-n-talk-espanhol-29-eu-adoro-o-cinema-mexicano\\\/#breadcrumb\",\"itemListElement\":[{\"@type\":\"ListItem\",\"position\":1,\"name\":\"In\u00edcio\",\"item\":\"https:\\\/\\\/homolog.fluency.io\\\/br\\\/\"},{\"@type\":\"ListItem\",\"position\":2,\"name\":\"Walk &#8216;n&#8217; Talk Espanhol #29 eu adoro o cinema mexicano\"}]},{\"@type\":\"WebSite\",\"@id\":\"https:\\\/\\\/homolog.fluency.io\\\/br\\\/#website\",\"url\":\"https:\\\/\\\/homolog.fluency.io\\\/br\\\/\",\"name\":\"Fluency.io Brasil\",\"description\":\"\",\"potentialAction\":[{\"@type\":\"SearchAction\",\"target\":{\"@type\":\"EntryPoint\",\"urlTemplate\":\"https:\\\/\\\/homolog.fluency.io\\\/br\\\/?s={search_term_string}\"},\"query-input\":{\"@type\":\"PropertyValueSpecification\",\"valueRequired\":true,\"valueName\":\"search_term_string\"}}],\"inLanguage\":\"pt-BR\"},{\"@type\":\"Person\",\"@id\":\"https:\\\/\\\/homolog.fluency.io\\\/br\\\/#\\\/schema\\\/person\\\/395d83f1006a72bd4912230eea50ff6f\",\"name\":\"marcelo\",\"image\":{\"@type\":\"ImageObject\",\"inLanguage\":\"pt-BR\",\"@id\":\"https:\\\/\\\/secure.gravatar.com\\\/avatar\\\/9050681441880d21ef4048d38965a107dc5b77bf302f57fa3939973bdafa41d8?s=96&d=mm&r=g\",\"url\":\"https:\\\/\\\/secure.gravatar.com\\\/avatar\\\/9050681441880d21ef4048d38965a107dc5b77bf302f57fa3939973bdafa41d8?s=96&d=mm&r=g\",\"contentUrl\":\"https:\\\/\\\/secure.gravatar.com\\\/avatar\\\/9050681441880d21ef4048d38965a107dc5b77bf302f57fa3939973bdafa41d8?s=96&d=mm&r=g\",\"caption\":\"marcelo\"},\"url\":\"https:\\\/\\\/homolog.fluency.io\\\/br\\\/author\\\/marcelo\\\/\"}]}<\/script>\n<!-- \/ Yoast SEO plugin. -->","yoast_head_json":{"title":"Walk 'n' Talk Espanhol #29 eu adoro o cinema mexicano","description":"Voc\u00ea gosta mais de filmes ou de novelas? No epis\u00f3dio de hoje, vamos ver o que nossas personagens preferem!...","robots":{"index":"noindex","follow":"nofollow"},"og_locale":"pt_BR","og_type":"article","og_title":"Walk 'n' Talk Espanhol #29 eu adoro o cinema mexicano","og_description":"Voc\u00ea gosta mais de filmes ou de novelas? No epis\u00f3dio de hoje, vamos ver o que nossas personagens preferem!...","og_url":"https:\/\/homolog.fluency.io\/br\/blog\/walk-n-talk-espanhol-29-eu-adoro-o-cinema-mexicano\/","og_site_name":"Fluency.io Brasil","article_published_time":"2022-06-29T17:31:00+00:00","article_modified_time":"2025-03-09T15:33:01+00:00","og_image":[{"width":1210,"height":680,"url":"https:\/\/homolog.fluency.io\/br\/wp-content\/uploads\/sites\/3\/2023\/12\/5f50191426da93359094c935_ESP-Walk-\u2018n-Talk-Espanhol-Essentials-29-Eu-adoro-o-cinema-mexicano_THUMB-PORTAL-1.jpg","type":"image\/jpeg"}],"twitter_card":"summary_large_image","twitter_misc":{"Escrito por":"marcelo","Est. tempo de leitura":"4 minutos"},"schema":{"@context":"https:\/\/schema.org","@graph":[{"@type":"Article","@id":"https:\/\/homolog.fluency.io\/br\/blog\/walk-n-talk-espanhol-29-eu-adoro-o-cinema-mexicano\/#article","isPartOf":{"@id":"https:\/\/homolog.fluency.io\/br\/blog\/walk-n-talk-espanhol-29-eu-adoro-o-cinema-mexicano\/"},"author":{"name":"marcelo","@id":"https:\/\/homolog.fluency.io\/br\/#\/schema\/person\/395d83f1006a72bd4912230eea50ff6f"},"headline":"Walk &#8216;n&#8217; Talk Espanhol #29 eu adoro o cinema mexicano","datePublished":"2022-06-29T17:31:00+00:00","dateModified":"2025-03-09T15:33:01+00:00","mainEntityOfPage":{"@id":"https:\/\/homolog.fluency.io\/br\/blog\/walk-n-talk-espanhol-29-eu-adoro-o-cinema-mexicano\/"},"wordCount":674,"commentCount":0,"image":{"@id":"https:\/\/homolog.fluency.io\/br\/blog\/walk-n-talk-espanhol-29-eu-adoro-o-cinema-mexicano\/#primaryimage"},"thumbnailUrl":"https:\/\/homolog.fluency.io\/br\/wp-content\/uploads\/sites\/3\/2023\/12\/5f50191426da93359094c935_ESP-Walk-\u2018n-Talk-Espanhol-Essentials-29-Eu-adoro-o-cinema-mexicano_THUMB-PORTAL-1.jpg","articleSection":["Skills"],"inLanguage":"pt-BR","potentialAction":[{"@type":"CommentAction","name":"Comment","target":["https:\/\/homolog.fluency.io\/br\/blog\/walk-n-talk-espanhol-29-eu-adoro-o-cinema-mexicano\/#respond"]}]},{"@type":"WebPage","@id":"https:\/\/homolog.fluency.io\/br\/blog\/walk-n-talk-espanhol-29-eu-adoro-o-cinema-mexicano\/","url":"https:\/\/homolog.fluency.io\/br\/blog\/walk-n-talk-espanhol-29-eu-adoro-o-cinema-mexicano\/","name":"Walk 'n' Talk Espanhol #29 eu adoro o cinema mexicano","isPartOf":{"@id":"https:\/\/homolog.fluency.io\/br\/#website"},"primaryImageOfPage":{"@id":"https:\/\/homolog.fluency.io\/br\/blog\/walk-n-talk-espanhol-29-eu-adoro-o-cinema-mexicano\/#primaryimage"},"image":{"@id":"https:\/\/homolog.fluency.io\/br\/blog\/walk-n-talk-espanhol-29-eu-adoro-o-cinema-mexicano\/#primaryimage"},"thumbnailUrl":"https:\/\/homolog.fluency.io\/br\/wp-content\/uploads\/sites\/3\/2023\/12\/5f50191426da93359094c935_ESP-Walk-\u2018n-Talk-Espanhol-Essentials-29-Eu-adoro-o-cinema-mexicano_THUMB-PORTAL-1.jpg","datePublished":"2022-06-29T17:31:00+00:00","dateModified":"2025-03-09T15:33:01+00:00","author":{"@id":"https:\/\/homolog.fluency.io\/br\/#\/schema\/person\/395d83f1006a72bd4912230eea50ff6f"},"description":"Voc\u00ea gosta mais de filmes ou de novelas? No epis\u00f3dio de hoje, vamos ver o que nossas personagens preferem!...","breadcrumb":{"@id":"https:\/\/homolog.fluency.io\/br\/blog\/walk-n-talk-espanhol-29-eu-adoro-o-cinema-mexicano\/#breadcrumb"},"inLanguage":"pt-BR","potentialAction":[{"@type":"ReadAction","target":["https:\/\/homolog.fluency.io\/br\/blog\/walk-n-talk-espanhol-29-eu-adoro-o-cinema-mexicano\/"]}]},{"@type":"ImageObject","inLanguage":"pt-BR","@id":"https:\/\/homolog.fluency.io\/br\/blog\/walk-n-talk-espanhol-29-eu-adoro-o-cinema-mexicano\/#primaryimage","url":"https:\/\/homolog.fluency.io\/br\/wp-content\/uploads\/sites\/3\/2023\/12\/5f50191426da93359094c935_ESP-Walk-\u2018n-Talk-Espanhol-Essentials-29-Eu-adoro-o-cinema-mexicano_THUMB-PORTAL-1.jpg","contentUrl":"https:\/\/homolog.fluency.io\/br\/wp-content\/uploads\/sites\/3\/2023\/12\/5f50191426da93359094c935_ESP-Walk-\u2018n-Talk-Espanhol-Essentials-29-Eu-adoro-o-cinema-mexicano_THUMB-PORTAL-1.jpg","width":1210,"height":680,"caption":"fluency-academy"},{"@type":"BreadcrumbList","@id":"https:\/\/homolog.fluency.io\/br\/blog\/walk-n-talk-espanhol-29-eu-adoro-o-cinema-mexicano\/#breadcrumb","itemListElement":[{"@type":"ListItem","position":1,"name":"In\u00edcio","item":"https:\/\/homolog.fluency.io\/br\/"},{"@type":"ListItem","position":2,"name":"Walk &#8216;n&#8217; Talk Espanhol #29 eu adoro o cinema mexicano"}]},{"@type":"WebSite","@id":"https:\/\/homolog.fluency.io\/br\/#website","url":"https:\/\/homolog.fluency.io\/br\/","name":"Fluency.io Brasil","description":"","potentialAction":[{"@type":"SearchAction","target":{"@type":"EntryPoint","urlTemplate":"https:\/\/homolog.fluency.io\/br\/?s={search_term_string}"},"query-input":{"@type":"PropertyValueSpecification","valueRequired":true,"valueName":"search_term_string"}}],"inLanguage":"pt-BR"},{"@type":"Person","@id":"https:\/\/homolog.fluency.io\/br\/#\/schema\/person\/395d83f1006a72bd4912230eea50ff6f","name":"marcelo","image":{"@type":"ImageObject","inLanguage":"pt-BR","@id":"https:\/\/secure.gravatar.com\/avatar\/9050681441880d21ef4048d38965a107dc5b77bf302f57fa3939973bdafa41d8?s=96&d=mm&r=g","url":"https:\/\/secure.gravatar.com\/avatar\/9050681441880d21ef4048d38965a107dc5b77bf302f57fa3939973bdafa41d8?s=96&d=mm&r=g","contentUrl":"https:\/\/secure.gravatar.com\/avatar\/9050681441880d21ef4048d38965a107dc5b77bf302f57fa3939973bdafa41d8?s=96&d=mm&r=g","caption":"marcelo"},"url":"https:\/\/homolog.fluency.io\/br\/author\/marcelo\/"}]}},"_links":{"self":[{"href":"https:\/\/homolog.fluency.io\/br\/wp-json\/wp\/v2\/posts\/62353","targetHints":{"allow":["GET"]}}],"collection":[{"href":"https:\/\/homolog.fluency.io\/br\/wp-json\/wp\/v2\/posts"}],"about":[{"href":"https:\/\/homolog.fluency.io\/br\/wp-json\/wp\/v2\/types\/post"}],"author":[{"embeddable":true,"href":"https:\/\/homolog.fluency.io\/br\/wp-json\/wp\/v2\/users\/6"}],"replies":[{"embeddable":true,"href":"https:\/\/homolog.fluency.io\/br\/wp-json\/wp\/v2\/comments?post=62353"}],"version-history":[{"count":6,"href":"https:\/\/homolog.fluency.io\/br\/wp-json\/wp\/v2\/posts\/62353\/revisions"}],"predecessor-version":[{"id":97491,"href":"https:\/\/homolog.fluency.io\/br\/wp-json\/wp\/v2\/posts\/62353\/revisions\/97491"}],"wp:featuredmedia":[{"embeddable":true,"href":"https:\/\/homolog.fluency.io\/br\/wp-json\/wp\/v2\/media\/62354"}],"wp:attachment":[{"href":"https:\/\/homolog.fluency.io\/br\/wp-json\/wp\/v2\/media?parent=62353"}],"wp:term":[{"taxonomy":"category","embeddable":true,"href":"https:\/\/homolog.fluency.io\/br\/wp-json\/wp\/v2\/categories?post=62353"},{"taxonomy":"post_tag","embeddable":true,"href":"https:\/\/homolog.fluency.io\/br\/wp-json\/wp\/v2\/tags?post=62353"},{"taxonomy":"format","embeddable":true,"href":"https:\/\/homolog.fluency.io\/br\/wp-json\/wp\/v2\/format?post=62353"},{"taxonomy":"trilha","embeddable":true,"href":"https:\/\/homolog.fluency.io\/br\/wp-json\/wp\/v2\/trilha?post=62353"}],"curies":[{"name":"wp","href":"https:\/\/api.w.org\/{rel}","templated":true}]}}