{"id":62465,"date":"2021-03-31T17:30:00","date_gmt":"2021-03-31T17:30:00","guid":{"rendered":"https:\/\/fluency.io\/br\/blog\/fluency-news-frances-02\/"},"modified":"2025-03-06T12:16:52","modified_gmt":"2025-03-06T15:16:52","slug":"fluency-news-frances-02","status":"publish","type":"post","link":"https:\/\/homolog.fluency.io\/br\/blog\/fluency-news-frances-02\/","title":{"rendered":"Fluency News Franc\u00eas #02"},"content":{"rendered":"<p><em>Salut !<\/em> Aqui est\u00e1 nosso novo epis\u00f3dio do<strong> Fluency News Franc\u00eas<\/strong>!<\/p>\n<p>Nele, voc\u00ea vai poder praticar sua escuta e ficar por dentro das novidades, sabendo que toda semana temos um novo epis\u00f3dio! Quais t\u00f3picos mais te interessam? Pol\u00edtica, economia, cultura, acontecimentos diversos? Esta semana, vou falar um pouco de tudo: sobre a pol\u00edtica de distribui\u00e7\u00e3o de vacinas contra a Covid, as manifesta\u00e7\u00f5es no Brasil contra o racismo e a retirada antecipada dos Estados Unidos do Afeganist\u00e3o.<\/p>\n<p>Ao longo do epis\u00f3dio, vou fazer pequenas observa\u00e7\u00f5es sobre aspectos da l\u00edngua, incluindo vocabul\u00e1rio e outras express\u00f5es muito comuns do franc\u00eas, por isso preste bastante aten\u00e7\u00e3o!<br \/>\nN\u00e3o deixe de dar uma olhada em nosso website, fluency.io, e na nossa p\u00e1gina no Instagram,<strong> @fluencytvfrances<\/strong>. O acesso ao conte\u00fado \u00e9 gratuito! <em>\u00c0 bient\u00f4t !<\/em><\/p>\n<h4><em>TRANSCRI\u00c7\u00c3O<\/em><\/h4>\n<p>Bonjour \u00e0 tous ! Je suis Teurra, professeure de fran\u00e7ais chez Fluency Academy et je vous accompagne aujourd&#8217;hui tout au long de ce nouvel \u00e9pisode de <em>Fluency News<\/em>. Ce projet a pour objectif de vous faire pratiquer l\u2019\u00e9coute en langue fran\u00e7aise et de vous tenir au courant de l\u2019actualit\u00e9 dans le monde.<\/p>\n<audio class=\"wp-audio-shortcode\" id=\"audio-62465-1\" preload=\"none\" style=\"width: 100%;\" controls=\"controls\"><source type=\"audio\/mpeg\" src=\"https:\/\/fluency.io\/br\/wp-content\/uploads\/sites\/3\/2021\/03\/ttsmaker-file-2025-3-6-12-16-32.mp3?_=1\" \/><a href=\"https:\/\/fluency.io\/br\/wp-content\/uploads\/sites\/3\/2021\/03\/ttsmaker-file-2025-3-6-12-16-32.mp3\">https:\/\/fluency.io\/br\/wp-content\/uploads\/sites\/3\/2021\/03\/ttsmaker-file-2025-3-6-12-16-32.mp3<\/a><\/audio>\n<p><em>Fluency News<\/em> est \u00e0 la base un projet de nos professeurs d\u2019anglais et l\u00e0 maintenant nous sommes fiers de l\u2019adapter aux autres langues de Fluency Academy. C\u2019est-\u00e0-dire que vous trouverez cet \u00e9pisode en espagnol, en italien, en allemand, mais l\u00e0, revenons \u00e0 nos moutons, nous l\u2019\u00e9couterons en langue fran\u00e7aise.\u00a0\u00c0 la fin de cet \u00e9pisode, racontez-moi si vous avez bien appr\u00e9ci\u00e9 ce projet, nous aimerions conna\u00eetre votre avis, surtout, parce que cela a \u00e9t\u00e9 fait pour vous ! Alors, n\u2019h\u00e9sitez pas \u00e0 laisser votre commentaire, d\u2019accord ? Et dites-moi, quels sont les sujets qui vous int\u00e9ressent plus particuli\u00e8rement ? La politique, l\u2019\u00e9conomie, la culture, les faits divers ?<\/p>\n<p>Cette semaine je vous parlerai un peu de tout: de la politique autour de la distribution des vaccins contre le Covid, des manifs au Br\u00e9sil contre le racisme et du retrait anticip\u00e9 des Etats-Unis d&#8217;Afghanistan.\u00a0 Je ferai de petites remarques par rapport aux aspects de la langue, notamment le vocabulaire et d\u2019autres expressions les plus courantes utilis\u00e9es en fran\u00e7ais. <em>C\u2019est parti ?<\/em><\/p>\n<p>Les dirigeants des 20 premi\u00e8res \u00e9conomies mondiales se sont r\u00e9unis cette semaine et se sont mis d\u2019accord pour garantir l\u2019acc\u00e8s au vaccin contre le Covid-19 aux pays les plus pauvres. Les dirigeants y inclus l\u2019actuel pr\u00e9sident de France, Emmanuel Macron, ont d\u00fb se r\u00e9unir en visioconf\u00e9rence \u00e0 cause de la pand\u00e9mie.\u00a0Sous la pr\u00e9sidence de l\u2019Arabie saoudite, ils se sont r\u00e9unis dimanche 22 novembre 2020, en promettant de garantir un acc\u00e8s au traitement contre le Covid. Pourtant, pour l\u2019instant il n\u2019y a pas de m\u00e9canisme concret qui a \u00e9t\u00e9 mis en place pour transformer le discours en acte.\u00a0Jusqu\u2019\u00e0 pr\u00e9sent, la pand\u00e9mie a tu\u00e9 pr\u00e8s de 1,4 million de personnes dans le monde et le grand d\u00e9fi des nations est d\u2019assurer que les vaccins arrivent \u00e0 tous et pas seulement aux pays plus riches.<\/p>\n<p>Croyez-vous que nous aurons une distribution \u00e9quitable des vaccins contre le Covid-19 ?<br \/>\n\u200d<em>Bom, basicamente toda a preocupa\u00e7\u00e3o desse encontro do G20 girou em torno da distribui\u00e7\u00e3o igualit\u00e1ria de vacinas contra a Covid-19. Por isso, aqui algumas palavras importantes para voc\u00ea, que s\u00e3o muito transparentes em rela\u00e7\u00e3o ao portugu\u00eas, mas que vale a pena a gente rever: A gente sabe que toda nossa atividade durante esse per\u00edodo de pandemia tem sido feita atrav\u00e9s de videoconfer\u00eancias, lives, reuni\u00f5es virtuais, certo? Pois em franc\u00eas dizemos <\/em>visioconf\u00e9rence <em>ou<\/em> format virtuel <em>para fazer oposi\u00e7\u00e3o ao <\/em>format pr\u00e9sentiel<em>.\u00a0Depois temos o nome da doen\u00e7a que \u00e9 le <\/em>Covid-19, <em>aten\u00e7\u00e3o que \u00e9 masculino, ent\u00e3o LE Covid.\u00a0<\/em><\/p>\n<p><em>E tr\u00eas palavrinhas chave para falar do nosso atual momento que s\u00e3o <\/em>vaccin, traitement e pand\u00e9mie. <em>E a\u00ed fica uma dica pra voc\u00ea: grande parte do vocabul\u00e1rio da medicina e da sa\u00fade em franc\u00eas \u00e9 muito transparente, alguns outros exemplos pra voc\u00ea perceber: m\u00e9dicament, gripe, ibuprof\u00e8ne, inflammation etc.\u00a0Ent\u00e3o se algum dia voc\u00ea tiver num aperto e precisar falar o nome de uma doen\u00e7a ou de rem\u00e9dio em franc\u00eas, pode dar uma afrancesadinha porque \u00e0s vezes acerta, ok? E para compreender quando algu\u00e9m te disser o nome de um medicamento ou doen\u00e7a, vai ficar mais f\u00e1cil ainda \u00e9 s\u00f3 seguir o feeling e buscar as rela\u00e7\u00f5es com a l\u00edngua materna!<\/em><\/p>\n<p><strong>On continue ?<\/strong> La mort d\u2019un noir tu\u00e9 par des agents de s\u00e9curit\u00e9 dans un supermarch\u00e9 du r\u00e9seau Carrefour cause indignation au Br\u00e9sil. Des manifestations ont eu lieu dans tout le pays, qui c\u00e9l\u00e9brait le jour de la conscience noire.\u00a0Le jeudi 19 novembre un homme noir a \u00e9t\u00e9 frapp\u00e9 jusqu\u2019\u00e0 sa mort par des agents de s\u00e9curit\u00e9 dans un Carrefour \u00e0 la veille du jour de la conscience noire. Cet acte de racisme a caus\u00e9 une vague d\u2019indignation dans tout le pays. Plusieurs manifestations ont eu lieu demandant justice pour l\u2019homme de 40 ans qui a \u00e9t\u00e9 tu\u00e9.\u00a020 novembre, jour de la Conscience Noire, le d\u00e9bat sur le racisme est encore une fois lanc\u00e9. Comme il ne s\u2019agit pas d\u2019un fait isol\u00e9, le \u201cblack lives matter\u201d nord-am\u00e9ricain appara\u00eet au Br\u00e9sil avec sa traduction \u201cvidas negras importam\u201d.\u00a0<em>\u200d<\/em><\/p>\n<p><em>O povo franc\u00eas \u00e9 bem conhecido pelas manifesta\u00e7\u00f5es de rua, por isso, em franc\u00eas temos a palavra <\/em>manifestations <em>que assume uma forma abreviada \u201cmanif\u201d. Podemos falar tamb\u00e9m em <\/em>gr\u00e8ve <em>quando por exemplo funcion\u00e1rios de uma empresa decidem se organizar para reivindicar um direito. Podemos ainda falar em <\/em>malaise <em>que \u00e9 esse mal estar generalizado causado por alguma situa\u00e7\u00e3o, como a da not\u00edcia contada.\u00a0Saber expressar o que pensamos \u00e9 importante, por isso, em franc\u00eas usamos muito a palavra <\/em>d\u00e9bat <em>no sentido de uma argumenta\u00e7\u00e3o l\u00f3gica em busca de sustentar uma ideia ou um valor e usamos tamb\u00e9m a palavra <\/em>opinion publique <em>para expressar uma ideia, uma opini\u00e3o de um grupo grande de pessoas.\u00a0Nesse caso, podemos dizer, <\/em>le d\u00e9bat sur le racisme mobilise l\u2019opinion publique au Br\u00e9sil et cause des manifs dans tout le pays.<\/p>\n<p><strong>On arrive presque \u00e0 la fin de notre \u00e9pisode ! <\/strong>Et le gouvernement nord-am\u00e9ricain a annonc\u00e9 le retrait anticip\u00e9 des militaires \u00e9tats-uniens qui \u00e9taient sur le sol afghan. L\u2019une des derni\u00e8res actions de Donald Trump avant la passation des pouvoirs \u00e0 Joe Biden, le 20 janvier de l\u2019ann\u00e9e prochaine.\u00a0Donald Trump veut r\u00e9duire les co\u00fbts de l\u2019engagement ext\u00e9rieur. On avoue que cela peut causer de graves r\u00e9percussions sur les relations entre le gouvernement de Kaboul et les talibans.\u00a0La nouvelle a \u00e9t\u00e9 bien re\u00e7ue par les talibans, qui auront plus d\u2019espace politique pour agir. Pourtant, des pays comme la France et l\u2019Allemagne ont critiqu\u00e9 la d\u00e9cision nord-am\u00e9ricaine. Le secr\u00e9taire g\u00e9n\u00e9ral de l\u2019Otan estime que l\u2019Afghanistan pourrait redevenir une base pour les terroristes internationaux.\u00a0\u00a0<em>\u200d<\/em><\/p>\n<p><em>Aqui tenho duas observa\u00e7\u00f5es importantes para fazer. N\u00f3s, latinoamericanos muitas vezes n\u00e3o nos atentamos, mas o fato \u00e9 que dizer americano ou am\u00e9ricain, em franc\u00eas, faz refer\u00eancia a todos que vivem no continente Americano. E isso aparece bastante claro para os Europeus. Ent\u00e3o quando falamos que algu\u00e9m \u00e9 dos Estados Unidos \u00e9 prefer\u00edvel a gente usar as palavras: nord-am\u00e9ricain, nord-am\u00e9ricaine, \u00e9tats-unien, \u00e9tats-unienne.\u00a0Outra observa\u00e7\u00e3o diz respeito ao verbo <\/em>redevenir<em>, na frase, <\/em>Le secr\u00e9taire g\u00e9n\u00e9ral de l\u2019Otan estime que l\u2019Afghanistan pourrait redevenir une base pour les terroristes internationaux.\u00a0\u00a0<em>Em franc\u00eas, quando a gente quer falar de uma a\u00e7\u00e3o que ser\u00e1 feita novamente, colocamos a part\u00edcula \u201cre\u201d no in\u00edcio do verbo. Outros exemplos: reparler, redire, revoir, redoubler e inclusive o nosso bonjour do franc\u00eas, pode virar rebonjour. Quando usamos isso? Normalmente em e-mails quando escrevemos para a mesma pessoa uma segunda vez num mesmo dia.\u00a0<\/em>\u200d<\/p>\n<p>Et voil\u00e0 ! C\u2019est tout pour aujourd\u2019hui ! Je vous rappelle que nous avons un nouvel \u00e9pisode toutes les semaines et je vous invite aussi \u00e0 jeter un coup d&#8217;\u0153il sur notre site web fluency.io. Et sur notre page Instagram @fluencytvfrances. L\u2019acc\u00e8s aux contenus est gratuit et accessible \u00e0 tout le monde.<br \/>\n\u00c7a a \u00e9t\u00e9 un plaisir pour moi de t\u2019accompagner ! Moi c\u2019est Teurra et j\u2019esp\u00e8re te revoir bient\u00f4t ! Ciao ciao !<strong>\u200d<\/strong><\/p>\n<h2 data-start=\"223\" data-end=\"233\"><strong data-start=\"223\" data-end=\"231\">FAQ:<\/strong><\/h2>\n<ol data-start=\"235\" data-end=\"998\">\n<li data-start=\"235\" data-end=\"375\">\n<p data-start=\"238\" data-end=\"375\"><strong data-start=\"238\" data-end=\"273\">O que \u00e9 o Fluency News Franc\u00eas?<\/strong><br data-start=\"273\" data-end=\"276\" \/>Fluency News \u00e9 um podcast educativo que ajuda voc\u00ea a praticar franc\u00eas ouvindo not\u00edcias atuais.<\/p>\n<\/li>\n<li data-start=\"377\" data-end=\"535\">\n<p data-start=\"380\" data-end=\"535\"><strong data-start=\"380\" data-end=\"432\">Com que frequ\u00eancia s\u00e3o lan\u00e7ados novos epis\u00f3dios?<\/strong><br data-start=\"432\" data-end=\"435\" \/>Um novo epis\u00f3dio \u00e9 publicado toda semana com temas variados, como pol\u00edtica, cultura e economia.<\/p>\n<\/li>\n<li data-start=\"537\" data-end=\"680\">\n<p data-start=\"540\" data-end=\"680\"><strong data-start=\"540\" data-end=\"582\">Preciso pagar para acessar o conte\u00fado?<\/strong><br data-start=\"582\" data-end=\"585\" \/>N\u00e3o! Todo o conte\u00fado do Fluency News \u00e9 gratuito e pode ser acessado pelo site e Instagram.<\/p>\n<\/li>\n<li data-start=\"682\" data-end=\"840\">\n<p data-start=\"685\" data-end=\"840\"><strong data-start=\"685\" data-end=\"737\">O podcast \u00e9 adequado para iniciantes em franc\u00eas?<\/strong><br data-start=\"737\" data-end=\"740\" \/>Sim! O epis\u00f3dio inclui explica\u00e7\u00f5es sobre vocabul\u00e1rio e express\u00f5es para facilitar o aprendizado.<\/p>\n<\/li>\n<li data-start=\"842\" data-end=\"998\" data-is-only-node=\"\">\n<p data-start=\"845\" data-end=\"998\"><strong data-start=\"845\" data-end=\"897\">Onde posso acompanhar mais conte\u00fados de franc\u00eas?<\/strong><br data-start=\"897\" data-end=\"900\" \/>Voc\u00ea pode acessar fluency.io e seguir @fluencytvfrances no Instagram para mais dicas e aulas.<\/p>\n<\/li>\n<\/ol>\n<h4><strong><em>Sources:<\/em><\/strong><\/h4>\n<p><a href=\"https:\/\/www.france24.com\/fr\/sant%C3%A9\/20201122-le-g20-promet-une-distribution-%C3%A9quitable-des-vaccins-contre-le-covid-19\">https:\/\/www.france24.com\/fr\/sant%C3%A9\/20201122-le-g20-promet-une-distribution-%C3%A9quitable-des-vaccins-contre-le-covid-19<\/a><\/p>\n<p><a href=\"https:\/\/www.la-croix.com\/Monde\/Au-Bresil-mort-dun-homme-roue-coups-Carrefour-provoque-manifestations-2020-11-21-1201125847\">https:\/\/www.la-croix.com\/Monde\/Au-Bresil-mort-dun-homme-roue-coups-Carrefour-provoque-manifestations-2020-11-21-1201125847<\/a><a href=\"https:\/\/www.lemonde.fr\/international\/article\/2020\/11\/21\/indignation-au-bresil-apres-la-mort-d-un-noir-tue-par-des-agents-de-securite_6060601_3210.html\">\u200d<\/a><\/p>\n<p><a href=\"https:\/\/www.lemonde.fr\/international\/article\/2020\/11\/21\/indignation-au-bresil-apres-la-mort-d-un-noir-tue-par-des-agents-de-securite_6060601_3210.html\">https:\/\/www.lemonde.fr\/international\/article\/2020\/11\/21\/indignation-au-bresil-apres-la-mort-d-un-noir-tue-par-des-agents-de-securite_6060601_3210.html<\/a><a href=\"https:\/\/www.lorientlejour.com\/article\/1241712\/en-afghanistan-les-consequences-du-retrait-anticipe-des-etats-unis.html\">\u200d<\/a><\/p>\n<p><a href=\"https:\/\/www.lorientlejour.com\/article\/1241712\/en-afghanistan-les-consequences-du-retrait-anticipe-des-etats-unis.html\">https:\/\/www.lorientlejour.com\/article\/1241712\/en-afghanistan-les-consequences-du-retrait-anticipe-des-etats-unis.htm<\/a><\/p>\n<p><a href=\"https:\/\/www.lorientlejour.com\/article\/1241712\/en-afghanistan-les-consequences-du-retrait-anticipe-des-etats-unis.html\">\u200d<\/a><a href=\"https:\/\/www.la-croix.com\/Monde\/Afghanistan-quels-risques-fait-peser-retrait-militaire-Americains-2020-11-18-1201125242\">https:\/\/www.la-croix.com\/Monde\/Afghanistan-quels-risques-fait-peser-retrait-militaire-Americains-2020-11-18-1201125242<\/a>\u200d<\/p>\n","protected":false},"excerpt":{"rendered":"<p>Salut ! Aqui est\u00e1 nosso novo epis\u00f3dio do Fluency News Franc\u00eas! Nele, voc\u00ea vai poder praticar sua escuta e ficar por dentro das novidades, sabendo que toda semana temos um novo epis\u00f3dio! Quais t\u00f3picos mais te interessam? Pol\u00edtica, economia, cultura, acontecimentos diversos? Esta semana, vou falar um pouco de tudo: sobre a pol\u00edtica de distribui\u00e7\u00e3o [&hellip;]<\/p>\n","protected":false},"author":6,"featured_media":62466,"comment_status":"open","ping_status":"open","sticky":false,"template":"","format":[183],"meta":{"inline_featured_image":false,"footnotes":""},"categories":[171],"tags":[],"trilha":[],"class_list":["post-62465","post","type-post","status-publish","format-standard","has-post-thumbnail","hentry","category-vocabulario","tipo-podcast-fluency-news","format-podcast"],"acf":[],"yoast_head":"<!-- This site is optimized with the Yoast SEO plugin v27.4 - https:\/\/yoast.com\/product\/yoast-seo-wordpress\/ -->\n<title>Fluency News Franc\u00eas #02<\/title>\n<meta name=\"description\" content=\"Pratique sua escuta em franc\u00eas com o Fluency News! Descubra as not\u00edcias da semana enquanto aprende vocabul\u00e1rio e express\u00f5es.\" \/>\n<meta name=\"robots\" content=\"noindex, nofollow\" \/>\n<meta property=\"og:locale\" content=\"pt_BR\" \/>\n<meta property=\"og:type\" content=\"article\" \/>\n<meta property=\"og:title\" content=\"Fluency News Franc\u00eas #02\" \/>\n<meta property=\"og:description\" content=\"Pratique sua escuta em franc\u00eas com o Fluency News! Descubra as not\u00edcias da semana enquanto aprende vocabul\u00e1rio e express\u00f5es.\" \/>\n<meta property=\"og:url\" content=\"https:\/\/fluency.io\/br\/blog\/fluency-news-frances-02\/\" \/>\n<meta property=\"og:site_name\" content=\"Fluency.io Brasil\" \/>\n<meta property=\"article:published_time\" content=\"2021-03-31T17:30:00+00:00\" \/>\n<meta property=\"article:modified_time\" content=\"2025-03-06T15:16:52+00:00\" \/>\n<meta property=\"og:image\" content=\"https:\/\/fluency.io\/br\/wp-content\/uploads\/sites\/3\/2023\/12\/5fc15f56fb96fcaea1289ee9_FRA_Fluency-News_02_THUMB-PORTAL-1.jpg\" \/>\n\t<meta property=\"og:image:width\" content=\"1210\" \/>\n\t<meta property=\"og:image:height\" content=\"680\" \/>\n\t<meta property=\"og:image:type\" content=\"image\/jpeg\" \/>\n<meta name=\"twitter:card\" content=\"summary_large_image\" \/>\n<meta name=\"twitter:label1\" content=\"Escrito por\" \/>\n\t<meta name=\"twitter:data1\" content=\"marcelo\" \/>\n\t<meta name=\"twitter:label2\" content=\"Est. tempo de leitura\" \/>\n\t<meta name=\"twitter:data2\" content=\"8 minutos\" \/>\n<script type=\"application\/ld+json\" class=\"yoast-schema-graph\">{\"@context\":\"https:\\\/\\\/schema.org\",\"@graph\":[{\"@type\":\"Article\",\"@id\":\"https:\\\/\\\/fluency.io\\\/br\\\/blog\\\/fluency-news-frances-02\\\/#article\",\"isPartOf\":{\"@id\":\"https:\\\/\\\/fluency.io\\\/br\\\/blog\\\/fluency-news-frances-02\\\/\"},\"author\":{\"name\":\"marcelo\",\"@id\":\"https:\\\/\\\/homolog.fluency.io\\\/br\\\/#\\\/schema\\\/person\\\/395d83f1006a72bd4912230eea50ff6f\"},\"headline\":\"Fluency News Franc\u00eas #02\",\"datePublished\":\"2021-03-31T17:30:00+00:00\",\"dateModified\":\"2025-03-06T15:16:52+00:00\",\"mainEntityOfPage\":{\"@id\":\"https:\\\/\\\/fluency.io\\\/br\\\/blog\\\/fluency-news-frances-02\\\/\"},\"wordCount\":1651,\"commentCount\":0,\"image\":{\"@id\":\"https:\\\/\\\/fluency.io\\\/br\\\/blog\\\/fluency-news-frances-02\\\/#primaryimage\"},\"thumbnailUrl\":\"https:\\\/\\\/homolog.fluency.io\\\/br\\\/wp-content\\\/uploads\\\/sites\\\/3\\\/2023\\\/12\\\/5fc15f56fb96fcaea1289ee9_FRA_Fluency-News_02_THUMB-PORTAL-1.jpg\",\"articleSection\":[\"Vocabul\u00e1rio\"],\"inLanguage\":\"pt-BR\",\"potentialAction\":[{\"@type\":\"CommentAction\",\"name\":\"Comment\",\"target\":[\"https:\\\/\\\/fluency.io\\\/br\\\/blog\\\/fluency-news-frances-02\\\/#respond\"]}]},{\"@type\":\"WebPage\",\"@id\":\"https:\\\/\\\/fluency.io\\\/br\\\/blog\\\/fluency-news-frances-02\\\/\",\"url\":\"https:\\\/\\\/fluency.io\\\/br\\\/blog\\\/fluency-news-frances-02\\\/\",\"name\":\"Fluency News Franc\u00eas #02\",\"isPartOf\":{\"@id\":\"https:\\\/\\\/homolog.fluency.io\\\/br\\\/#website\"},\"primaryImageOfPage\":{\"@id\":\"https:\\\/\\\/fluency.io\\\/br\\\/blog\\\/fluency-news-frances-02\\\/#primaryimage\"},\"image\":{\"@id\":\"https:\\\/\\\/fluency.io\\\/br\\\/blog\\\/fluency-news-frances-02\\\/#primaryimage\"},\"thumbnailUrl\":\"https:\\\/\\\/homolog.fluency.io\\\/br\\\/wp-content\\\/uploads\\\/sites\\\/3\\\/2023\\\/12\\\/5fc15f56fb96fcaea1289ee9_FRA_Fluency-News_02_THUMB-PORTAL-1.jpg\",\"datePublished\":\"2021-03-31T17:30:00+00:00\",\"dateModified\":\"2025-03-06T15:16:52+00:00\",\"author\":{\"@id\":\"https:\\\/\\\/homolog.fluency.io\\\/br\\\/#\\\/schema\\\/person\\\/395d83f1006a72bd4912230eea50ff6f\"},\"description\":\"Pratique sua escuta em franc\u00eas com o Fluency News! Descubra as not\u00edcias da semana enquanto aprende vocabul\u00e1rio e express\u00f5es.\",\"breadcrumb\":{\"@id\":\"https:\\\/\\\/fluency.io\\\/br\\\/blog\\\/fluency-news-frances-02\\\/#breadcrumb\"},\"inLanguage\":\"pt-BR\",\"potentialAction\":[{\"@type\":\"ReadAction\",\"target\":[\"https:\\\/\\\/fluency.io\\\/br\\\/blog\\\/fluency-news-frances-02\\\/\"]}]},{\"@type\":\"ImageObject\",\"inLanguage\":\"pt-BR\",\"@id\":\"https:\\\/\\\/fluency.io\\\/br\\\/blog\\\/fluency-news-frances-02\\\/#primaryimage\",\"url\":\"https:\\\/\\\/homolog.fluency.io\\\/br\\\/wp-content\\\/uploads\\\/sites\\\/3\\\/2023\\\/12\\\/5fc15f56fb96fcaea1289ee9_FRA_Fluency-News_02_THUMB-PORTAL-1.jpg\",\"contentUrl\":\"https:\\\/\\\/homolog.fluency.io\\\/br\\\/wp-content\\\/uploads\\\/sites\\\/3\\\/2023\\\/12\\\/5fc15f56fb96fcaea1289ee9_FRA_Fluency-News_02_THUMB-PORTAL-1.jpg\",\"width\":1210,\"height\":680,\"caption\":\"fluency-academy\"},{\"@type\":\"BreadcrumbList\",\"@id\":\"https:\\\/\\\/fluency.io\\\/br\\\/blog\\\/fluency-news-frances-02\\\/#breadcrumb\",\"itemListElement\":[{\"@type\":\"ListItem\",\"position\":1,\"name\":\"In\u00edcio\",\"item\":\"https:\\\/\\\/homolog.fluency.io\\\/br\\\/\"},{\"@type\":\"ListItem\",\"position\":2,\"name\":\"Fluency News Franc\u00eas #02\"}]},{\"@type\":\"WebSite\",\"@id\":\"https:\\\/\\\/homolog.fluency.io\\\/br\\\/#website\",\"url\":\"https:\\\/\\\/homolog.fluency.io\\\/br\\\/\",\"name\":\"Fluency.io Brasil\",\"description\":\"\",\"potentialAction\":[{\"@type\":\"SearchAction\",\"target\":{\"@type\":\"EntryPoint\",\"urlTemplate\":\"https:\\\/\\\/homolog.fluency.io\\\/br\\\/?s={search_term_string}\"},\"query-input\":{\"@type\":\"PropertyValueSpecification\",\"valueRequired\":true,\"valueName\":\"search_term_string\"}}],\"inLanguage\":\"pt-BR\"},{\"@type\":\"Person\",\"@id\":\"https:\\\/\\\/homolog.fluency.io\\\/br\\\/#\\\/schema\\\/person\\\/395d83f1006a72bd4912230eea50ff6f\",\"name\":\"marcelo\",\"image\":{\"@type\":\"ImageObject\",\"inLanguage\":\"pt-BR\",\"@id\":\"https:\\\/\\\/secure.gravatar.com\\\/avatar\\\/9050681441880d21ef4048d38965a107dc5b77bf302f57fa3939973bdafa41d8?s=96&d=mm&r=g\",\"url\":\"https:\\\/\\\/secure.gravatar.com\\\/avatar\\\/9050681441880d21ef4048d38965a107dc5b77bf302f57fa3939973bdafa41d8?s=96&d=mm&r=g\",\"contentUrl\":\"https:\\\/\\\/secure.gravatar.com\\\/avatar\\\/9050681441880d21ef4048d38965a107dc5b77bf302f57fa3939973bdafa41d8?s=96&d=mm&r=g\",\"caption\":\"marcelo\"},\"url\":\"https:\\\/\\\/homolog.fluency.io\\\/br\\\/author\\\/marcelo\\\/\"}]}<\/script>\n<!-- \/ Yoast SEO plugin. -->","yoast_head_json":{"title":"Fluency News Franc\u00eas #02","description":"Pratique sua escuta em franc\u00eas com o Fluency News! Descubra as not\u00edcias da semana enquanto aprende vocabul\u00e1rio e express\u00f5es.","robots":{"index":"noindex","follow":"nofollow"},"og_locale":"pt_BR","og_type":"article","og_title":"Fluency News Franc\u00eas #02","og_description":"Pratique sua escuta em franc\u00eas com o Fluency News! Descubra as not\u00edcias da semana enquanto aprende vocabul\u00e1rio e express\u00f5es.","og_url":"https:\/\/fluency.io\/br\/blog\/fluency-news-frances-02\/","og_site_name":"Fluency.io Brasil","article_published_time":"2021-03-31T17:30:00+00:00","article_modified_time":"2025-03-06T15:16:52+00:00","og_image":[{"width":1210,"height":680,"url":"https:\/\/fluency.io\/br\/wp-content\/uploads\/sites\/3\/2023\/12\/5fc15f56fb96fcaea1289ee9_FRA_Fluency-News_02_THUMB-PORTAL-1.jpg","type":"image\/jpeg"}],"twitter_card":"summary_large_image","twitter_misc":{"Escrito por":"marcelo","Est. tempo de leitura":"8 minutos"},"schema":{"@context":"https:\/\/schema.org","@graph":[{"@type":"Article","@id":"https:\/\/fluency.io\/br\/blog\/fluency-news-frances-02\/#article","isPartOf":{"@id":"https:\/\/fluency.io\/br\/blog\/fluency-news-frances-02\/"},"author":{"name":"marcelo","@id":"https:\/\/homolog.fluency.io\/br\/#\/schema\/person\/395d83f1006a72bd4912230eea50ff6f"},"headline":"Fluency News Franc\u00eas #02","datePublished":"2021-03-31T17:30:00+00:00","dateModified":"2025-03-06T15:16:52+00:00","mainEntityOfPage":{"@id":"https:\/\/fluency.io\/br\/blog\/fluency-news-frances-02\/"},"wordCount":1651,"commentCount":0,"image":{"@id":"https:\/\/fluency.io\/br\/blog\/fluency-news-frances-02\/#primaryimage"},"thumbnailUrl":"https:\/\/homolog.fluency.io\/br\/wp-content\/uploads\/sites\/3\/2023\/12\/5fc15f56fb96fcaea1289ee9_FRA_Fluency-News_02_THUMB-PORTAL-1.jpg","articleSection":["Vocabul\u00e1rio"],"inLanguage":"pt-BR","potentialAction":[{"@type":"CommentAction","name":"Comment","target":["https:\/\/fluency.io\/br\/blog\/fluency-news-frances-02\/#respond"]}]},{"@type":"WebPage","@id":"https:\/\/fluency.io\/br\/blog\/fluency-news-frances-02\/","url":"https:\/\/fluency.io\/br\/blog\/fluency-news-frances-02\/","name":"Fluency News Franc\u00eas #02","isPartOf":{"@id":"https:\/\/homolog.fluency.io\/br\/#website"},"primaryImageOfPage":{"@id":"https:\/\/fluency.io\/br\/blog\/fluency-news-frances-02\/#primaryimage"},"image":{"@id":"https:\/\/fluency.io\/br\/blog\/fluency-news-frances-02\/#primaryimage"},"thumbnailUrl":"https:\/\/homolog.fluency.io\/br\/wp-content\/uploads\/sites\/3\/2023\/12\/5fc15f56fb96fcaea1289ee9_FRA_Fluency-News_02_THUMB-PORTAL-1.jpg","datePublished":"2021-03-31T17:30:00+00:00","dateModified":"2025-03-06T15:16:52+00:00","author":{"@id":"https:\/\/homolog.fluency.io\/br\/#\/schema\/person\/395d83f1006a72bd4912230eea50ff6f"},"description":"Pratique sua escuta em franc\u00eas com o Fluency News! Descubra as not\u00edcias da semana enquanto aprende vocabul\u00e1rio e express\u00f5es.","breadcrumb":{"@id":"https:\/\/fluency.io\/br\/blog\/fluency-news-frances-02\/#breadcrumb"},"inLanguage":"pt-BR","potentialAction":[{"@type":"ReadAction","target":["https:\/\/fluency.io\/br\/blog\/fluency-news-frances-02\/"]}]},{"@type":"ImageObject","inLanguage":"pt-BR","@id":"https:\/\/fluency.io\/br\/blog\/fluency-news-frances-02\/#primaryimage","url":"https:\/\/homolog.fluency.io\/br\/wp-content\/uploads\/sites\/3\/2023\/12\/5fc15f56fb96fcaea1289ee9_FRA_Fluency-News_02_THUMB-PORTAL-1.jpg","contentUrl":"https:\/\/homolog.fluency.io\/br\/wp-content\/uploads\/sites\/3\/2023\/12\/5fc15f56fb96fcaea1289ee9_FRA_Fluency-News_02_THUMB-PORTAL-1.jpg","width":1210,"height":680,"caption":"fluency-academy"},{"@type":"BreadcrumbList","@id":"https:\/\/fluency.io\/br\/blog\/fluency-news-frances-02\/#breadcrumb","itemListElement":[{"@type":"ListItem","position":1,"name":"In\u00edcio","item":"https:\/\/homolog.fluency.io\/br\/"},{"@type":"ListItem","position":2,"name":"Fluency News Franc\u00eas #02"}]},{"@type":"WebSite","@id":"https:\/\/homolog.fluency.io\/br\/#website","url":"https:\/\/homolog.fluency.io\/br\/","name":"Fluency.io Brasil","description":"","potentialAction":[{"@type":"SearchAction","target":{"@type":"EntryPoint","urlTemplate":"https:\/\/homolog.fluency.io\/br\/?s={search_term_string}"},"query-input":{"@type":"PropertyValueSpecification","valueRequired":true,"valueName":"search_term_string"}}],"inLanguage":"pt-BR"},{"@type":"Person","@id":"https:\/\/homolog.fluency.io\/br\/#\/schema\/person\/395d83f1006a72bd4912230eea50ff6f","name":"marcelo","image":{"@type":"ImageObject","inLanguage":"pt-BR","@id":"https:\/\/secure.gravatar.com\/avatar\/9050681441880d21ef4048d38965a107dc5b77bf302f57fa3939973bdafa41d8?s=96&d=mm&r=g","url":"https:\/\/secure.gravatar.com\/avatar\/9050681441880d21ef4048d38965a107dc5b77bf302f57fa3939973bdafa41d8?s=96&d=mm&r=g","contentUrl":"https:\/\/secure.gravatar.com\/avatar\/9050681441880d21ef4048d38965a107dc5b77bf302f57fa3939973bdafa41d8?s=96&d=mm&r=g","caption":"marcelo"},"url":"https:\/\/homolog.fluency.io\/br\/author\/marcelo\/"}]}},"_links":{"self":[{"href":"https:\/\/homolog.fluency.io\/br\/wp-json\/wp\/v2\/posts\/62465","targetHints":{"allow":["GET"]}}],"collection":[{"href":"https:\/\/homolog.fluency.io\/br\/wp-json\/wp\/v2\/posts"}],"about":[{"href":"https:\/\/homolog.fluency.io\/br\/wp-json\/wp\/v2\/types\/post"}],"author":[{"embeddable":true,"href":"https:\/\/homolog.fluency.io\/br\/wp-json\/wp\/v2\/users\/6"}],"replies":[{"embeddable":true,"href":"https:\/\/homolog.fluency.io\/br\/wp-json\/wp\/v2\/comments?post=62465"}],"version-history":[{"count":3,"href":"https:\/\/homolog.fluency.io\/br\/wp-json\/wp\/v2\/posts\/62465\/revisions"}],"predecessor-version":[{"id":96962,"href":"https:\/\/homolog.fluency.io\/br\/wp-json\/wp\/v2\/posts\/62465\/revisions\/96962"}],"wp:featuredmedia":[{"embeddable":true,"href":"https:\/\/homolog.fluency.io\/br\/wp-json\/wp\/v2\/media\/62466"}],"wp:attachment":[{"href":"https:\/\/homolog.fluency.io\/br\/wp-json\/wp\/v2\/media?parent=62465"}],"wp:term":[{"taxonomy":"category","embeddable":true,"href":"https:\/\/homolog.fluency.io\/br\/wp-json\/wp\/v2\/categories?post=62465"},{"taxonomy":"post_tag","embeddable":true,"href":"https:\/\/homolog.fluency.io\/br\/wp-json\/wp\/v2\/tags?post=62465"},{"taxonomy":"format","embeddable":true,"href":"https:\/\/homolog.fluency.io\/br\/wp-json\/wp\/v2\/format?post=62465"},{"taxonomy":"trilha","embeddable":true,"href":"https:\/\/homolog.fluency.io\/br\/wp-json\/wp\/v2\/trilha?post=62465"}],"curies":[{"name":"wp","href":"https:\/\/api.w.org\/{rel}","templated":true}]}}