{"id":63277,"date":"2022-10-05T12:48:35","date_gmt":"2022-10-05T12:48:35","guid":{"rendered":"https:\/\/fluency.io\/br\/blog\/aula-de-frances-31-a-vida-no-campo\/"},"modified":"2024-12-10T15:40:22","modified_gmt":"2024-12-10T18:40:22","slug":"aula-de-frances-31-a-vida-no-campo","status":"publish","type":"post","link":"https:\/\/homolog.fluency.io\/br\/blog\/aula-de-frances-31-a-vida-no-campo\/","title":{"rendered":"Aula de Franc\u00eas: A vida no campo"},"content":{"rendered":"<p>\u00c0s vezes a vida urbana d\u00e1 uma canseira, n\u00e3o \u00e9? Voc\u00ea j\u00e1 pensou em largar tudo e mudar de cidade, regi\u00e3o, pa\u00eds? Optar por um estilo de vida mais calmo, estar em contato com a natureza, ter mais tempo para si\u2026 Na pr\u00f3xima aula, vamos falar sobre esse assunto e vamos trabalhar conte\u00fados de gram\u00e1tica, vocabul\u00e1rio e pron\u00fancia relacionados ao tema\u2026 a come\u00e7ar pela palavra \u201cd\u00e9m\u00e9nager\u201d, voc\u00ea sabe o que significa? Vem com a gente descobrir nessa aula.<\/p>\n<p>N\u00e3o esque\u00e7a de baixar o material para estudar!<\/p>\n<p>Quer aprender franc\u00eas de verdade e dar um passo rumo aos seus sonhos? Inscreva-se agora no <a href=\"https:\/\/fluency.io\/br\/cursos\/frances\/\">curso de franc\u00eas<\/a> da Fluency Academy!<\/p>\n","protected":false},"excerpt":{"rendered":"<p>\u00c0s vezes a vida urbana d\u00e1 uma canseira, n\u00e3o \u00e9? Voc\u00ea j\u00e1 pensou em largar tudo e mudar de cidade, regi\u00e3o, pa\u00eds? Optar por um estilo de vida mais calmo, estar em contato com a natureza?<\/p>\n","protected":false},"author":6,"featured_media":63278,"comment_status":"open","ping_status":"open","sticky":false,"template":"","format":[186],"meta":{"inline_featured_image":false,"footnotes":""},"categories":[229],"tags":[],"trilha":[213],"class_list":["post-63277","post","type-post","status-publish","format-standard","has-post-thumbnail","hentry","category-skills","format-artigos","trilha-aulas-de-frances"],"acf":[],"yoast_head":"<!-- This site is optimized with the Yoast SEO plugin v27.4 - https:\/\/yoast.com\/product\/yoast-seo-wordpress\/ -->\n<title>Aula de Franc\u00eas: A vida no campo<\/title>\n<meta name=\"description\" content=\"\u00c0s vezes a vida urbana d\u00e1 uma canseira, n\u00e3o \u00e9? Voc\u00ea j\u00e1 pensou em largar tudo e mudar de cidade, regi\u00e3o, pa\u00eds? Optar por um estilo de vida mais calmo, estar...\" \/>\n<meta name=\"robots\" content=\"noindex, follow, max-snippet:-1, max-image-preview:large, max-video-preview:-1\" \/>\n<meta property=\"og:locale\" content=\"pt_BR\" \/>\n<meta property=\"og:type\" content=\"article\" \/>\n<meta property=\"og:title\" content=\"Aula de Franc\u00eas: A vida no campo\" \/>\n<meta property=\"og:description\" content=\"\u00c0s vezes a vida urbana d\u00e1 uma canseira, n\u00e3o \u00e9? Voc\u00ea j\u00e1 pensou em largar tudo e mudar de cidade, regi\u00e3o, pa\u00eds? Optar por um estilo de vida mais calmo, estar...\" \/>\n<meta property=\"og:url\" content=\"https:\/\/homolog.fluency.io\/br\/blog\/aula-de-frances-31-a-vida-no-campo\/\" \/>\n<meta property=\"og:site_name\" content=\"Fluency.io Brasil\" \/>\n<meta property=\"article:published_time\" content=\"2022-10-05T12:48:35+00:00\" \/>\n<meta property=\"article:modified_time\" content=\"2024-12-10T18:40:22+00:00\" \/>\n<meta property=\"og:image\" content=\"https:\/\/homolog.fluency.io\/br\/wp-content\/uploads\/sites\/3\/2023\/12\/616837b036b1aef5f24f2479_FRA_Teurra_LIVE_31_THUMB-1.jpg\" \/>\n\t<meta property=\"og:image:width\" content=\"1280\" \/>\n\t<meta property=\"og:image:height\" content=\"720\" \/>\n\t<meta property=\"og:image:type\" content=\"image\/jpeg\" \/>\n<meta name=\"twitter:card\" content=\"summary_large_image\" \/>\n<meta name=\"twitter:label1\" content=\"Escrito por\" \/>\n\t<meta name=\"twitter:data1\" content=\"marcelo\" \/>\n\t<meta name=\"twitter:label2\" content=\"Est. tempo de leitura\" \/>\n\t<meta name=\"twitter:data2\" content=\"1 minuto\" \/>\n<script type=\"application\/ld+json\" class=\"yoast-schema-graph\">{\"@context\":\"https:\\\/\\\/schema.org\",\"@graph\":[{\"@type\":\"Article\",\"@id\":\"https:\\\/\\\/homolog.fluency.io\\\/br\\\/blog\\\/aula-de-frances-31-a-vida-no-campo\\\/#article\",\"isPartOf\":{\"@id\":\"https:\\\/\\\/homolog.fluency.io\\\/br\\\/blog\\\/aula-de-frances-31-a-vida-no-campo\\\/\"},\"author\":{\"name\":\"marcelo\",\"@id\":\"https:\\\/\\\/homolog.fluency.io\\\/br\\\/#\\\/schema\\\/person\\\/395d83f1006a72bd4912230eea50ff6f\"},\"headline\":\"Aula de Franc\u00eas: A vida no campo\",\"datePublished\":\"2022-10-05T12:48:35+00:00\",\"dateModified\":\"2024-12-10T18:40:22+00:00\",\"mainEntityOfPage\":{\"@id\":\"https:\\\/\\\/homolog.fluency.io\\\/br\\\/blog\\\/aula-de-frances-31-a-vida-no-campo\\\/\"},\"wordCount\":130,\"commentCount\":0,\"image\":{\"@id\":\"https:\\\/\\\/homolog.fluency.io\\\/br\\\/blog\\\/aula-de-frances-31-a-vida-no-campo\\\/#primaryimage\"},\"thumbnailUrl\":\"https:\\\/\\\/homolog.fluency.io\\\/br\\\/wp-content\\\/uploads\\\/sites\\\/3\\\/2023\\\/12\\\/616837b036b1aef5f24f2479_FRA_Teurra_LIVE_31_THUMB-1.jpg\",\"articleSection\":[\"Skills\"],\"inLanguage\":\"pt-BR\",\"potentialAction\":[{\"@type\":\"CommentAction\",\"name\":\"Comment\",\"target\":[\"https:\\\/\\\/homolog.fluency.io\\\/br\\\/blog\\\/aula-de-frances-31-a-vida-no-campo\\\/#respond\"]}]},{\"@type\":\"WebPage\",\"@id\":\"https:\\\/\\\/homolog.fluency.io\\\/br\\\/blog\\\/aula-de-frances-31-a-vida-no-campo\\\/\",\"url\":\"https:\\\/\\\/homolog.fluency.io\\\/br\\\/blog\\\/aula-de-frances-31-a-vida-no-campo\\\/\",\"name\":\"Aula de Franc\u00eas: A vida no campo\",\"isPartOf\":{\"@id\":\"https:\\\/\\\/homolog.fluency.io\\\/br\\\/#website\"},\"primaryImageOfPage\":{\"@id\":\"https:\\\/\\\/homolog.fluency.io\\\/br\\\/blog\\\/aula-de-frances-31-a-vida-no-campo\\\/#primaryimage\"},\"image\":{\"@id\":\"https:\\\/\\\/homolog.fluency.io\\\/br\\\/blog\\\/aula-de-frances-31-a-vida-no-campo\\\/#primaryimage\"},\"thumbnailUrl\":\"https:\\\/\\\/homolog.fluency.io\\\/br\\\/wp-content\\\/uploads\\\/sites\\\/3\\\/2023\\\/12\\\/616837b036b1aef5f24f2479_FRA_Teurra_LIVE_31_THUMB-1.jpg\",\"datePublished\":\"2022-10-05T12:48:35+00:00\",\"dateModified\":\"2024-12-10T18:40:22+00:00\",\"author\":{\"@id\":\"https:\\\/\\\/homolog.fluency.io\\\/br\\\/#\\\/schema\\\/person\\\/395d83f1006a72bd4912230eea50ff6f\"},\"description\":\"\u00c0s vezes a vida urbana d\u00e1 uma canseira, n\u00e3o \u00e9? Voc\u00ea j\u00e1 pensou em largar tudo e mudar de cidade, regi\u00e3o, pa\u00eds? Optar por um estilo de vida mais calmo, estar...\",\"breadcrumb\":{\"@id\":\"https:\\\/\\\/homolog.fluency.io\\\/br\\\/blog\\\/aula-de-frances-31-a-vida-no-campo\\\/#breadcrumb\"},\"inLanguage\":\"pt-BR\",\"potentialAction\":[{\"@type\":\"ReadAction\",\"target\":[\"https:\\\/\\\/homolog.fluency.io\\\/br\\\/blog\\\/aula-de-frances-31-a-vida-no-campo\\\/\"]}]},{\"@type\":\"ImageObject\",\"inLanguage\":\"pt-BR\",\"@id\":\"https:\\\/\\\/homolog.fluency.io\\\/br\\\/blog\\\/aula-de-frances-31-a-vida-no-campo\\\/#primaryimage\",\"url\":\"https:\\\/\\\/homolog.fluency.io\\\/br\\\/wp-content\\\/uploads\\\/sites\\\/3\\\/2023\\\/12\\\/616837b036b1aef5f24f2479_FRA_Teurra_LIVE_31_THUMB-1.jpg\",\"contentUrl\":\"https:\\\/\\\/homolog.fluency.io\\\/br\\\/wp-content\\\/uploads\\\/sites\\\/3\\\/2023\\\/12\\\/616837b036b1aef5f24f2479_FRA_Teurra_LIVE_31_THUMB-1.jpg\",\"width\":1280,\"height\":720,\"caption\":\"Aula de Franc\u00eas #31: A vida no campo\"},{\"@type\":\"BreadcrumbList\",\"@id\":\"https:\\\/\\\/homolog.fluency.io\\\/br\\\/blog\\\/aula-de-frances-31-a-vida-no-campo\\\/#breadcrumb\",\"itemListElement\":[{\"@type\":\"ListItem\",\"position\":1,\"name\":\"In\u00edcio\",\"item\":\"https:\\\/\\\/homolog.fluency.io\\\/br\\\/\"},{\"@type\":\"ListItem\",\"position\":2,\"name\":\"Aula de Franc\u00eas: A vida no campo\"}]},{\"@type\":\"WebSite\",\"@id\":\"https:\\\/\\\/homolog.fluency.io\\\/br\\\/#website\",\"url\":\"https:\\\/\\\/homolog.fluency.io\\\/br\\\/\",\"name\":\"Fluency.io Brasil\",\"description\":\"\",\"potentialAction\":[{\"@type\":\"SearchAction\",\"target\":{\"@type\":\"EntryPoint\",\"urlTemplate\":\"https:\\\/\\\/homolog.fluency.io\\\/br\\\/?s={search_term_string}\"},\"query-input\":{\"@type\":\"PropertyValueSpecification\",\"valueRequired\":true,\"valueName\":\"search_term_string\"}}],\"inLanguage\":\"pt-BR\"},{\"@type\":\"Person\",\"@id\":\"https:\\\/\\\/homolog.fluency.io\\\/br\\\/#\\\/schema\\\/person\\\/395d83f1006a72bd4912230eea50ff6f\",\"name\":\"marcelo\",\"image\":{\"@type\":\"ImageObject\",\"inLanguage\":\"pt-BR\",\"@id\":\"https:\\\/\\\/secure.gravatar.com\\\/avatar\\\/9050681441880d21ef4048d38965a107dc5b77bf302f57fa3939973bdafa41d8?s=96&d=mm&r=g\",\"url\":\"https:\\\/\\\/secure.gravatar.com\\\/avatar\\\/9050681441880d21ef4048d38965a107dc5b77bf302f57fa3939973bdafa41d8?s=96&d=mm&r=g\",\"contentUrl\":\"https:\\\/\\\/secure.gravatar.com\\\/avatar\\\/9050681441880d21ef4048d38965a107dc5b77bf302f57fa3939973bdafa41d8?s=96&d=mm&r=g\",\"caption\":\"marcelo\"},\"url\":\"https:\\\/\\\/homolog.fluency.io\\\/br\\\/author\\\/marcelo\\\/\"}]}<\/script>\n<!-- \/ Yoast SEO plugin. -->","yoast_head_json":{"title":"Aula de Franc\u00eas: A vida no campo","description":"\u00c0s vezes a vida urbana d\u00e1 uma canseira, n\u00e3o \u00e9? Voc\u00ea j\u00e1 pensou em largar tudo e mudar de cidade, regi\u00e3o, pa\u00eds? Optar por um estilo de vida mais calmo, estar...","robots":{"index":"noindex","follow":"follow","max-snippet":"max-snippet:-1","max-image-preview":"max-image-preview:large","max-video-preview":"max-video-preview:-1"},"og_locale":"pt_BR","og_type":"article","og_title":"Aula de Franc\u00eas: A vida no campo","og_description":"\u00c0s vezes a vida urbana d\u00e1 uma canseira, n\u00e3o \u00e9? Voc\u00ea j\u00e1 pensou em largar tudo e mudar de cidade, regi\u00e3o, pa\u00eds? Optar por um estilo de vida mais calmo, estar...","og_url":"https:\/\/homolog.fluency.io\/br\/blog\/aula-de-frances-31-a-vida-no-campo\/","og_site_name":"Fluency.io Brasil","article_published_time":"2022-10-05T12:48:35+00:00","article_modified_time":"2024-12-10T18:40:22+00:00","og_image":[{"width":1280,"height":720,"url":"https:\/\/homolog.fluency.io\/br\/wp-content\/uploads\/sites\/3\/2023\/12\/616837b036b1aef5f24f2479_FRA_Teurra_LIVE_31_THUMB-1.jpg","type":"image\/jpeg"}],"twitter_card":"summary_large_image","twitter_misc":{"Escrito por":"marcelo","Est. tempo de leitura":"1 minuto"},"schema":{"@context":"https:\/\/schema.org","@graph":[{"@type":"Article","@id":"https:\/\/homolog.fluency.io\/br\/blog\/aula-de-frances-31-a-vida-no-campo\/#article","isPartOf":{"@id":"https:\/\/homolog.fluency.io\/br\/blog\/aula-de-frances-31-a-vida-no-campo\/"},"author":{"name":"marcelo","@id":"https:\/\/homolog.fluency.io\/br\/#\/schema\/person\/395d83f1006a72bd4912230eea50ff6f"},"headline":"Aula de Franc\u00eas: A vida no campo","datePublished":"2022-10-05T12:48:35+00:00","dateModified":"2024-12-10T18:40:22+00:00","mainEntityOfPage":{"@id":"https:\/\/homolog.fluency.io\/br\/blog\/aula-de-frances-31-a-vida-no-campo\/"},"wordCount":130,"commentCount":0,"image":{"@id":"https:\/\/homolog.fluency.io\/br\/blog\/aula-de-frances-31-a-vida-no-campo\/#primaryimage"},"thumbnailUrl":"https:\/\/homolog.fluency.io\/br\/wp-content\/uploads\/sites\/3\/2023\/12\/616837b036b1aef5f24f2479_FRA_Teurra_LIVE_31_THUMB-1.jpg","articleSection":["Skills"],"inLanguage":"pt-BR","potentialAction":[{"@type":"CommentAction","name":"Comment","target":["https:\/\/homolog.fluency.io\/br\/blog\/aula-de-frances-31-a-vida-no-campo\/#respond"]}]},{"@type":"WebPage","@id":"https:\/\/homolog.fluency.io\/br\/blog\/aula-de-frances-31-a-vida-no-campo\/","url":"https:\/\/homolog.fluency.io\/br\/blog\/aula-de-frances-31-a-vida-no-campo\/","name":"Aula de Franc\u00eas: A vida no campo","isPartOf":{"@id":"https:\/\/homolog.fluency.io\/br\/#website"},"primaryImageOfPage":{"@id":"https:\/\/homolog.fluency.io\/br\/blog\/aula-de-frances-31-a-vida-no-campo\/#primaryimage"},"image":{"@id":"https:\/\/homolog.fluency.io\/br\/blog\/aula-de-frances-31-a-vida-no-campo\/#primaryimage"},"thumbnailUrl":"https:\/\/homolog.fluency.io\/br\/wp-content\/uploads\/sites\/3\/2023\/12\/616837b036b1aef5f24f2479_FRA_Teurra_LIVE_31_THUMB-1.jpg","datePublished":"2022-10-05T12:48:35+00:00","dateModified":"2024-12-10T18:40:22+00:00","author":{"@id":"https:\/\/homolog.fluency.io\/br\/#\/schema\/person\/395d83f1006a72bd4912230eea50ff6f"},"description":"\u00c0s vezes a vida urbana d\u00e1 uma canseira, n\u00e3o \u00e9? Voc\u00ea j\u00e1 pensou em largar tudo e mudar de cidade, regi\u00e3o, pa\u00eds? Optar por um estilo de vida mais calmo, estar...","breadcrumb":{"@id":"https:\/\/homolog.fluency.io\/br\/blog\/aula-de-frances-31-a-vida-no-campo\/#breadcrumb"},"inLanguage":"pt-BR","potentialAction":[{"@type":"ReadAction","target":["https:\/\/homolog.fluency.io\/br\/blog\/aula-de-frances-31-a-vida-no-campo\/"]}]},{"@type":"ImageObject","inLanguage":"pt-BR","@id":"https:\/\/homolog.fluency.io\/br\/blog\/aula-de-frances-31-a-vida-no-campo\/#primaryimage","url":"https:\/\/homolog.fluency.io\/br\/wp-content\/uploads\/sites\/3\/2023\/12\/616837b036b1aef5f24f2479_FRA_Teurra_LIVE_31_THUMB-1.jpg","contentUrl":"https:\/\/homolog.fluency.io\/br\/wp-content\/uploads\/sites\/3\/2023\/12\/616837b036b1aef5f24f2479_FRA_Teurra_LIVE_31_THUMB-1.jpg","width":1280,"height":720,"caption":"Aula de Franc\u00eas #31: A vida no campo"},{"@type":"BreadcrumbList","@id":"https:\/\/homolog.fluency.io\/br\/blog\/aula-de-frances-31-a-vida-no-campo\/#breadcrumb","itemListElement":[{"@type":"ListItem","position":1,"name":"In\u00edcio","item":"https:\/\/homolog.fluency.io\/br\/"},{"@type":"ListItem","position":2,"name":"Aula de Franc\u00eas: A vida no campo"}]},{"@type":"WebSite","@id":"https:\/\/homolog.fluency.io\/br\/#website","url":"https:\/\/homolog.fluency.io\/br\/","name":"Fluency.io Brasil","description":"","potentialAction":[{"@type":"SearchAction","target":{"@type":"EntryPoint","urlTemplate":"https:\/\/homolog.fluency.io\/br\/?s={search_term_string}"},"query-input":{"@type":"PropertyValueSpecification","valueRequired":true,"valueName":"search_term_string"}}],"inLanguage":"pt-BR"},{"@type":"Person","@id":"https:\/\/homolog.fluency.io\/br\/#\/schema\/person\/395d83f1006a72bd4912230eea50ff6f","name":"marcelo","image":{"@type":"ImageObject","inLanguage":"pt-BR","@id":"https:\/\/secure.gravatar.com\/avatar\/9050681441880d21ef4048d38965a107dc5b77bf302f57fa3939973bdafa41d8?s=96&d=mm&r=g","url":"https:\/\/secure.gravatar.com\/avatar\/9050681441880d21ef4048d38965a107dc5b77bf302f57fa3939973bdafa41d8?s=96&d=mm&r=g","contentUrl":"https:\/\/secure.gravatar.com\/avatar\/9050681441880d21ef4048d38965a107dc5b77bf302f57fa3939973bdafa41d8?s=96&d=mm&r=g","caption":"marcelo"},"url":"https:\/\/homolog.fluency.io\/br\/author\/marcelo\/"}]}},"_links":{"self":[{"href":"https:\/\/homolog.fluency.io\/br\/wp-json\/wp\/v2\/posts\/63277","targetHints":{"allow":["GET"]}}],"collection":[{"href":"https:\/\/homolog.fluency.io\/br\/wp-json\/wp\/v2\/posts"}],"about":[{"href":"https:\/\/homolog.fluency.io\/br\/wp-json\/wp\/v2\/types\/post"}],"author":[{"embeddable":true,"href":"https:\/\/homolog.fluency.io\/br\/wp-json\/wp\/v2\/users\/6"}],"replies":[{"embeddable":true,"href":"https:\/\/homolog.fluency.io\/br\/wp-json\/wp\/v2\/comments?post=63277"}],"version-history":[{"count":3,"href":"https:\/\/homolog.fluency.io\/br\/wp-json\/wp\/v2\/posts\/63277\/revisions"}],"predecessor-version":[{"id":92082,"href":"https:\/\/homolog.fluency.io\/br\/wp-json\/wp\/v2\/posts\/63277\/revisions\/92082"}],"wp:featuredmedia":[{"embeddable":true,"href":"https:\/\/homolog.fluency.io\/br\/wp-json\/wp\/v2\/media\/63278"}],"wp:attachment":[{"href":"https:\/\/homolog.fluency.io\/br\/wp-json\/wp\/v2\/media?parent=63277"}],"wp:term":[{"taxonomy":"category","embeddable":true,"href":"https:\/\/homolog.fluency.io\/br\/wp-json\/wp\/v2\/categories?post=63277"},{"taxonomy":"post_tag","embeddable":true,"href":"https:\/\/homolog.fluency.io\/br\/wp-json\/wp\/v2\/tags?post=63277"},{"taxonomy":"format","embeddable":true,"href":"https:\/\/homolog.fluency.io\/br\/wp-json\/wp\/v2\/format?post=63277"},{"taxonomy":"trilha","embeddable":true,"href":"https:\/\/homolog.fluency.io\/br\/wp-json\/wp\/v2\/trilha?post=63277"}],"curies":[{"name":"wp","href":"https:\/\/api.w.org\/{rel}","templated":true}]}}