{"id":63465,"date":"2021-12-15T12:52:00","date_gmt":"2021-12-15T12:52:00","guid":{"rendered":"https:\/\/fluency.io\/br\/blog\/aula-de-espanhol-20-usos-do-verbo-haber-conheca-esse-verbo-importante-e-como-aplica-lo-em-frases\/"},"modified":"2025-03-18T11:15:47","modified_gmt":"2025-03-18T14:15:47","slug":"aula-de-espanhol-20-usos-do-verbo-haber-conheca-esse-verbo-importante-e-como-aplica-lo-em-frases","status":"publish","type":"post","link":"https:\/\/homolog.fluency.io\/br\/blog\/aula-de-espanhol-20-usos-do-verbo-haber-conheca-esse-verbo-importante-e-como-aplica-lo-em-frases\/","title":{"rendered":"Aula de espanhol: Usos do verbo HABER: Conhe\u00e7a esse verbo importante e como aplic\u00e1-lo em frases"},"content":{"rendered":"<p data-start=\"0\" data-end=\"30\"><em data-start=\"4\" data-end=\"25\">\u00a1Hola! \u00bfC\u00f3mo est\u00e1s?<\/em> \ud83d\ude0a<\/p>\n<p data-start=\"32\" data-end=\"257\">Seja muito bem-vindo, muito bem-vinda, a mais uma aula de espanhol do nosso projeto de <strong data-start=\"119\" data-end=\"138\">lives gratuitas<\/strong> da Fluency Academy! Hoje, com a <strong data-start=\"171\" data-end=\"185\">profe Peti<\/strong>, vamos falar sobre um verbo essencial no espanhol: <strong data-start=\"237\" data-end=\"254\">o verbo HABER<\/strong>.<\/p>\n<p data-start=\"259\" data-end=\"535\">Voc\u00ea sabe como e quando usar <strong data-start=\"288\" data-end=\"320\">&#8220;hay&#8221;, &#8220;ha habido&#8221; e &#8220;hab\u00eda&#8221;<\/strong>? O verbo <strong data-start=\"330\" data-end=\"339\">haber<\/strong> tem diversas fun\u00e7\u00f5es e \u00e9 fundamental para descrever a exist\u00eancia de algo, formar tempos compostos e at\u00e9 expressar necessidade. Nesta aula, vamos esclarecer tudo isso de forma simples e pr\u00e1tica!<\/p>\n<p data-start=\"537\" data-end=\"688\">Esta aula aconteceu no dia <strong data-start=\"564\" data-end=\"589\">19 de janeiro de 2021<\/strong>, e preparamos um material especial para voc\u00ea complementar seus estudos. Vamos nessa? \ud83d\ude80<\/p>\n<h2 data-start=\"690\" data-end=\"718\">Expans\u00e3o de Vocabul\u00e1rio<\/h2>\n<p data-start=\"720\" data-end=\"801\">Aqui est\u00e3o as principais formas do verbo <strong data-start=\"761\" data-end=\"770\">haber<\/strong> e como us\u00e1-las corretamente:<\/p>\n<div class=\"overflow-x-auto contain-inline-size\">\n<table data-start=\"803\" data-end=\"1736\">\n<thead data-start=\"803\" data-end=\"876\">\n<tr data-start=\"803\" data-end=\"876\">\n<th data-start=\"803\" data-end=\"824\"><strong data-start=\"805\" data-end=\"823\">Forma do verbo<\/strong><\/th>\n<th data-start=\"824\" data-end=\"834\"><strong data-start=\"826\" data-end=\"833\">Uso<\/strong><\/th>\n<th data-start=\"834\" data-end=\"860\"><strong data-start=\"836\" data-end=\"859\">Exemplo em Espanhol<\/strong><\/th>\n<th data-start=\"860\" data-end=\"876\"><strong data-start=\"862\" data-end=\"874\">Tradu\u00e7\u00e3o<\/strong><\/th>\n<\/tr>\n<\/thead>\n<tbody data-start=\"957\" data-end=\"1736\">\n<tr data-start=\"957\" data-end=\"1070\">\n<td>Hay<\/td>\n<td>Indica exist\u00eancia no presente<\/td>\n<td><em data-start=\"997\" data-end=\"1031\">En mi ciudad hay muchos parques.<\/em><\/td>\n<td>Na minha cidade h\u00e1 muitos parques.<\/td>\n<\/tr>\n<tr data-start=\"1071\" data-end=\"1205\">\n<td>Hubo<\/td>\n<td>Indica exist\u00eancia no passado (a\u00e7\u00e3o conclu\u00edda)<\/td>\n<td><em data-start=\"1128\" data-end=\"1164\">Ayer hubo una fiesta en mi barrio.<\/em><\/td>\n<td>Ontem houve uma festa no meu bairro.<\/td>\n<\/tr>\n<tr data-start=\"1206\" data-end=\"1351\">\n<td>Hab\u00eda<\/td>\n<td>Indica exist\u00eancia no passado (a\u00e7\u00e3o cont\u00ednua)<\/td>\n<td><em data-start=\"1263\" data-end=\"1302\">Cuando era ni\u00f1o, hab\u00eda menos tr\u00e1fico.<\/em><\/td>\n<td>Quando eu era crian\u00e7a, havia menos tr\u00e2nsito.<\/td>\n<\/tr>\n<tr data-start=\"1352\" data-end=\"1484\">\n<td>Ha habido<\/td>\n<td>Indica exist\u00eancia no passado recente<\/td>\n<td><em data-start=\"1405\" data-end=\"1446\">Ha habido muchos cambios en la empresa.<\/em><\/td>\n<td>Houve muitas mudan\u00e7as na empresa.<\/td>\n<\/tr>\n<tr data-start=\"1485\" data-end=\"1605\">\n<td>Habr\u00e1<\/td>\n<td>Indica exist\u00eancia no futuro<\/td>\n<td><em data-start=\"1525\" data-end=\"1563\">Ma\u00f1ana habr\u00e1 una reuni\u00f3n importante.<\/em><\/td>\n<td>Amanh\u00e3 haver\u00e1 uma reuni\u00e3o importante.<\/td>\n<\/tr>\n<tr data-start=\"1606\" data-end=\"1736\">\n<td>Hay que + infinitivo<\/td>\n<td>Expressa necessidade (impessoal)<\/td>\n<td><em data-start=\"1666\" data-end=\"1699\">Hay que estudiar para aprender.<\/em><\/td>\n<td>\u00c9 preciso estudar para aprender.<\/td>\n<\/tr>\n<\/tbody>\n<\/table>\n<\/div>\n<p data-start=\"1738\" data-end=\"1819\">Agora que voc\u00ea conhece as principais formas do verbo <strong data-start=\"1791\" data-end=\"1800\">haber<\/strong>, vamos praticar!<\/p>\n<h2 data-start=\"1821\" data-end=\"1850\">Exerc\u00edcios para praticar<\/h2>\n<p data-start=\"1852\" data-end=\"1916\">1\ufe0f\u20e3 Complete as frases com a forma correta do verbo <strong data-start=\"1904\" data-end=\"1913\">haber<\/strong>:<\/p>\n<ul data-start=\"1917\" data-end=\"2085\">\n<li data-start=\"1917\" data-end=\"1967\"><em data-start=\"1919\" data-end=\"1965\">En mi casa ______ tres habitaciones grandes.<\/em><\/li>\n<li data-start=\"1968\" data-end=\"2021\"><em data-start=\"1970\" data-end=\"2019\">Ayer ______ un accidente en la calle principal.<\/em><\/li>\n<li data-start=\"2022\" data-end=\"2085\"><em data-start=\"2024\" data-end=\"2083\">Cuando viv\u00eda en Espa\u00f1a, ______ muchos turistas en verano.<\/em><\/li>\n<\/ul>\n<p data-start=\"2087\" data-end=\"2140\">2\ufe0f\u20e3 Escolha a op\u00e7\u00e3o correta para completar a frase:<\/p>\n<ul data-start=\"2141\" data-end=\"2186\">\n<li data-start=\"2141\" data-end=\"2186\"><em data-start=\"2143\" data-end=\"2184\">Ma\u00f1ana ______ un concierto en la plaza.<\/em><\/li>\n<\/ul>\n<p data-start=\"2188\" data-end=\"2207\">a) hay<br data-start=\"2194\" data-end=\"2197\" \/>b) habr\u00e1<\/p>\n<p data-start=\"2209\" data-end=\"2283\">3\ufe0f\u20e3 Escreva uma frase usando <strong data-start=\"2238\" data-end=\"2249\">hay que<\/strong> para expressar uma necessidade.<\/p>\n<h2 data-start=\"2285\" data-end=\"2299\">Respostas<\/h2>\n<p data-start=\"2301\" data-end=\"2306\">1\ufe0f\u20e3<\/p>\n<ul data-start=\"2307\" data-end=\"2469\">\n<li data-start=\"2307\" data-end=\"2354\"><em data-start=\"2309\" data-end=\"2352\">En mi casa hay tres habitaciones grandes.<\/em><\/li>\n<li data-start=\"2355\" data-end=\"2406\"><em data-start=\"2357\" data-end=\"2404\">Ayer hubo un accidente en la calle principal.<\/em><\/li>\n<li data-start=\"2407\" data-end=\"2469\"><em data-start=\"2409\" data-end=\"2467\">Cuando viv\u00eda en Espa\u00f1a, hab\u00eda muchos turistas en verano.<\/em><\/li>\n<\/ul>\n<p data-start=\"2471\" data-end=\"2509\">2\ufe0f\u20e3<br data-start=\"2474\" data-end=\"2477\" \/>Resposta correta: <strong data-start=\"2495\" data-end=\"2507\">b) habr\u00e1<\/strong><\/p>\n<p data-start=\"2511\" data-end=\"2533\">3\ufe0f\u20e3 (Resposta livre)<\/p>\n<p>Curtiu o conte\u00fado? Confira o <a href=\"https:\/\/fluency.io\/br\/cursos\/espanhol\/\">curso de espanhol<\/a> completo e veja as ofertas exclusivas para alunos aqui do portal.<\/p>\n<p><i>\u00a1Nos vemos en el pr\u00f3ximo episodio! Hasta luego \ud83d\ude18<\/i><\/p>\n","protected":false},"excerpt":{"rendered":"<p>Vem descobrir como usar o verbo haber!<\/p>\n","protected":false},"author":6,"featured_media":63466,"comment_status":"open","ping_status":"open","sticky":false,"template":"","format":[184],"meta":{"inline_featured_image":false,"footnotes":""},"categories":[164],"tags":[],"trilha":[214],"class_list":["post-63465","post","type-post","status-publish","format-standard","has-post-thumbnail","hentry","category-dia-a-dia","format-videos","trilha-aulas-de-espanhol"],"acf":[],"yoast_head":"<!-- This site is optimized with the Yoast SEO plugin v27.4 - https:\/\/yoast.com\/product\/yoast-seo-wordpress\/ -->\n<title>Aula de espanhol: Usos do verbo HABER: Conhe\u00e7a esse verbo importante e como aplic\u00e1-lo em frases<\/title>\n<meta name=\"description\" content=\"Vem descobrir como usar o verbo haber!\" \/>\n<meta name=\"robots\" content=\"noindex, nofollow\" \/>\n<meta property=\"og:locale\" content=\"pt_BR\" \/>\n<meta property=\"og:type\" content=\"article\" \/>\n<meta property=\"og:title\" content=\"Aula de espanhol: Usos do verbo HABER: Conhe\u00e7a esse verbo importante e como aplic\u00e1-lo em frases\" \/>\n<meta property=\"og:description\" content=\"Vem descobrir como usar o verbo haber!\" \/>\n<meta property=\"og:url\" content=\"https:\/\/fluency.io\/br\/blog\/aula-de-espanhol-20-usos-do-verbo-haber-conheca-esse-verbo-importante-e-como-aplica-lo-em-frases\/\" \/>\n<meta property=\"og:site_name\" content=\"Fluency.io Brasil\" \/>\n<meta property=\"article:published_time\" content=\"2021-12-15T12:52:00+00:00\" \/>\n<meta property=\"article:modified_time\" content=\"2025-03-18T14:15:47+00:00\" \/>\n<meta property=\"og:image\" content=\"https:\/\/fluency.io\/br\/wp-content\/uploads\/sites\/3\/2023\/12\/60022c3445ad442552c6d146_ESP_LIVE-RS-20_Peti_THUMB-1.jpg\" \/>\n\t<meta property=\"og:image:width\" content=\"1280\" \/>\n\t<meta property=\"og:image:height\" content=\"720\" \/>\n\t<meta property=\"og:image:type\" content=\"image\/jpeg\" \/>\n<meta name=\"twitter:card\" content=\"summary_large_image\" \/>\n<meta name=\"twitter:label1\" content=\"Escrito por\" \/>\n\t<meta name=\"twitter:data1\" content=\"marcelo\" \/>\n\t<meta name=\"twitter:label2\" content=\"Est. tempo de leitura\" \/>\n\t<meta name=\"twitter:data2\" content=\"3 minutos\" \/>\n<script type=\"application\/ld+json\" class=\"yoast-schema-graph\">{\"@context\":\"https:\\\/\\\/schema.org\",\"@graph\":[{\"@type\":\"Article\",\"@id\":\"https:\\\/\\\/fluency.io\\\/br\\\/blog\\\/aula-de-espanhol-20-usos-do-verbo-haber-conheca-esse-verbo-importante-e-como-aplica-lo-em-frases\\\/#article\",\"isPartOf\":{\"@id\":\"https:\\\/\\\/fluency.io\\\/br\\\/blog\\\/aula-de-espanhol-20-usos-do-verbo-haber-conheca-esse-verbo-importante-e-como-aplica-lo-em-frases\\\/\"},\"author\":{\"name\":\"marcelo\",\"@id\":\"https:\\\/\\\/homolog.fluency.io\\\/br\\\/#\\\/schema\\\/person\\\/395d83f1006a72bd4912230eea50ff6f\"},\"headline\":\"Aula de espanhol: Usos do verbo HABER: Conhe\u00e7a esse verbo importante e como aplic\u00e1-lo em frases\",\"datePublished\":\"2021-12-15T12:52:00+00:00\",\"dateModified\":\"2025-03-18T14:15:47+00:00\",\"mainEntityOfPage\":{\"@id\":\"https:\\\/\\\/fluency.io\\\/br\\\/blog\\\/aula-de-espanhol-20-usos-do-verbo-haber-conheca-esse-verbo-importante-e-como-aplica-lo-em-frases\\\/\"},\"wordCount\":421,\"commentCount\":0,\"image\":{\"@id\":\"https:\\\/\\\/fluency.io\\\/br\\\/blog\\\/aula-de-espanhol-20-usos-do-verbo-haber-conheca-esse-verbo-importante-e-como-aplica-lo-em-frases\\\/#primaryimage\"},\"thumbnailUrl\":\"https:\\\/\\\/homolog.fluency.io\\\/br\\\/wp-content\\\/uploads\\\/sites\\\/3\\\/2023\\\/12\\\/60022c3445ad442552c6d146_ESP_LIVE-RS-20_Peti_THUMB-1.jpg\",\"articleSection\":[\"Dia a dia\"],\"inLanguage\":\"pt-BR\",\"potentialAction\":[{\"@type\":\"CommentAction\",\"name\":\"Comment\",\"target\":[\"https:\\\/\\\/fluency.io\\\/br\\\/blog\\\/aula-de-espanhol-20-usos-do-verbo-haber-conheca-esse-verbo-importante-e-como-aplica-lo-em-frases\\\/#respond\"]}]},{\"@type\":\"WebPage\",\"@id\":\"https:\\\/\\\/fluency.io\\\/br\\\/blog\\\/aula-de-espanhol-20-usos-do-verbo-haber-conheca-esse-verbo-importante-e-como-aplica-lo-em-frases\\\/\",\"url\":\"https:\\\/\\\/fluency.io\\\/br\\\/blog\\\/aula-de-espanhol-20-usos-do-verbo-haber-conheca-esse-verbo-importante-e-como-aplica-lo-em-frases\\\/\",\"name\":\"Aula de espanhol: Usos do verbo HABER: Conhe\u00e7a esse verbo importante e como aplic\u00e1-lo em frases\",\"isPartOf\":{\"@id\":\"https:\\\/\\\/homolog.fluency.io\\\/br\\\/#website\"},\"primaryImageOfPage\":{\"@id\":\"https:\\\/\\\/fluency.io\\\/br\\\/blog\\\/aula-de-espanhol-20-usos-do-verbo-haber-conheca-esse-verbo-importante-e-como-aplica-lo-em-frases\\\/#primaryimage\"},\"image\":{\"@id\":\"https:\\\/\\\/fluency.io\\\/br\\\/blog\\\/aula-de-espanhol-20-usos-do-verbo-haber-conheca-esse-verbo-importante-e-como-aplica-lo-em-frases\\\/#primaryimage\"},\"thumbnailUrl\":\"https:\\\/\\\/homolog.fluency.io\\\/br\\\/wp-content\\\/uploads\\\/sites\\\/3\\\/2023\\\/12\\\/60022c3445ad442552c6d146_ESP_LIVE-RS-20_Peti_THUMB-1.jpg\",\"datePublished\":\"2021-12-15T12:52:00+00:00\",\"dateModified\":\"2025-03-18T14:15:47+00:00\",\"author\":{\"@id\":\"https:\\\/\\\/homolog.fluency.io\\\/br\\\/#\\\/schema\\\/person\\\/395d83f1006a72bd4912230eea50ff6f\"},\"description\":\"Vem descobrir como usar o verbo haber!\",\"breadcrumb\":{\"@id\":\"https:\\\/\\\/fluency.io\\\/br\\\/blog\\\/aula-de-espanhol-20-usos-do-verbo-haber-conheca-esse-verbo-importante-e-como-aplica-lo-em-frases\\\/#breadcrumb\"},\"inLanguage\":\"pt-BR\",\"potentialAction\":[{\"@type\":\"ReadAction\",\"target\":[\"https:\\\/\\\/fluency.io\\\/br\\\/blog\\\/aula-de-espanhol-20-usos-do-verbo-haber-conheca-esse-verbo-importante-e-como-aplica-lo-em-frases\\\/\"]}]},{\"@type\":\"ImageObject\",\"inLanguage\":\"pt-BR\",\"@id\":\"https:\\\/\\\/fluency.io\\\/br\\\/blog\\\/aula-de-espanhol-20-usos-do-verbo-haber-conheca-esse-verbo-importante-e-como-aplica-lo-em-frases\\\/#primaryimage\",\"url\":\"https:\\\/\\\/homolog.fluency.io\\\/br\\\/wp-content\\\/uploads\\\/sites\\\/3\\\/2023\\\/12\\\/60022c3445ad442552c6d146_ESP_LIVE-RS-20_Peti_THUMB-1.jpg\",\"contentUrl\":\"https:\\\/\\\/homolog.fluency.io\\\/br\\\/wp-content\\\/uploads\\\/sites\\\/3\\\/2023\\\/12\\\/60022c3445ad442552c6d146_ESP_LIVE-RS-20_Peti_THUMB-1.jpg\",\"width\":1280,\"height\":720,\"caption\":\"Aula de espanhol #20: Usos do verbo HABER: Conhe\u00e7a esse verbo importante e como aplic\u00e1-lo em frases\"},{\"@type\":\"BreadcrumbList\",\"@id\":\"https:\\\/\\\/fluency.io\\\/br\\\/blog\\\/aula-de-espanhol-20-usos-do-verbo-haber-conheca-esse-verbo-importante-e-como-aplica-lo-em-frases\\\/#breadcrumb\",\"itemListElement\":[{\"@type\":\"ListItem\",\"position\":1,\"name\":\"In\u00edcio\",\"item\":\"https:\\\/\\\/homolog.fluency.io\\\/br\\\/\"},{\"@type\":\"ListItem\",\"position\":2,\"name\":\"Aula de espanhol: Usos do verbo HABER: Conhe\u00e7a esse verbo importante e como aplic\u00e1-lo em frases\"}]},{\"@type\":\"WebSite\",\"@id\":\"https:\\\/\\\/homolog.fluency.io\\\/br\\\/#website\",\"url\":\"https:\\\/\\\/homolog.fluency.io\\\/br\\\/\",\"name\":\"Fluency.io Brasil\",\"description\":\"\",\"potentialAction\":[{\"@type\":\"SearchAction\",\"target\":{\"@type\":\"EntryPoint\",\"urlTemplate\":\"https:\\\/\\\/homolog.fluency.io\\\/br\\\/?s={search_term_string}\"},\"query-input\":{\"@type\":\"PropertyValueSpecification\",\"valueRequired\":true,\"valueName\":\"search_term_string\"}}],\"inLanguage\":\"pt-BR\"},{\"@type\":\"Person\",\"@id\":\"https:\\\/\\\/homolog.fluency.io\\\/br\\\/#\\\/schema\\\/person\\\/395d83f1006a72bd4912230eea50ff6f\",\"name\":\"marcelo\",\"image\":{\"@type\":\"ImageObject\",\"inLanguage\":\"pt-BR\",\"@id\":\"https:\\\/\\\/secure.gravatar.com\\\/avatar\\\/9050681441880d21ef4048d38965a107dc5b77bf302f57fa3939973bdafa41d8?s=96&d=mm&r=g\",\"url\":\"https:\\\/\\\/secure.gravatar.com\\\/avatar\\\/9050681441880d21ef4048d38965a107dc5b77bf302f57fa3939973bdafa41d8?s=96&d=mm&r=g\",\"contentUrl\":\"https:\\\/\\\/secure.gravatar.com\\\/avatar\\\/9050681441880d21ef4048d38965a107dc5b77bf302f57fa3939973bdafa41d8?s=96&d=mm&r=g\",\"caption\":\"marcelo\"},\"url\":\"https:\\\/\\\/homolog.fluency.io\\\/br\\\/author\\\/marcelo\\\/\"}]}<\/script>\n<!-- \/ Yoast SEO plugin. -->","yoast_head_json":{"title":"Aula de espanhol: Usos do verbo HABER: Conhe\u00e7a esse verbo importante e como aplic\u00e1-lo em frases","description":"Vem descobrir como usar o verbo haber!","robots":{"index":"noindex","follow":"nofollow"},"og_locale":"pt_BR","og_type":"article","og_title":"Aula de espanhol: Usos do verbo HABER: Conhe\u00e7a esse verbo importante e como aplic\u00e1-lo em frases","og_description":"Vem descobrir como usar o verbo haber!","og_url":"https:\/\/fluency.io\/br\/blog\/aula-de-espanhol-20-usos-do-verbo-haber-conheca-esse-verbo-importante-e-como-aplica-lo-em-frases\/","og_site_name":"Fluency.io Brasil","article_published_time":"2021-12-15T12:52:00+00:00","article_modified_time":"2025-03-18T14:15:47+00:00","og_image":[{"width":1280,"height":720,"url":"https:\/\/fluency.io\/br\/wp-content\/uploads\/sites\/3\/2023\/12\/60022c3445ad442552c6d146_ESP_LIVE-RS-20_Peti_THUMB-1.jpg","type":"image\/jpeg"}],"twitter_card":"summary_large_image","twitter_misc":{"Escrito por":"marcelo","Est. tempo de leitura":"3 minutos"},"schema":{"@context":"https:\/\/schema.org","@graph":[{"@type":"Article","@id":"https:\/\/fluency.io\/br\/blog\/aula-de-espanhol-20-usos-do-verbo-haber-conheca-esse-verbo-importante-e-como-aplica-lo-em-frases\/#article","isPartOf":{"@id":"https:\/\/fluency.io\/br\/blog\/aula-de-espanhol-20-usos-do-verbo-haber-conheca-esse-verbo-importante-e-como-aplica-lo-em-frases\/"},"author":{"name":"marcelo","@id":"https:\/\/homolog.fluency.io\/br\/#\/schema\/person\/395d83f1006a72bd4912230eea50ff6f"},"headline":"Aula de espanhol: Usos do verbo HABER: Conhe\u00e7a esse verbo importante e como aplic\u00e1-lo em frases","datePublished":"2021-12-15T12:52:00+00:00","dateModified":"2025-03-18T14:15:47+00:00","mainEntityOfPage":{"@id":"https:\/\/fluency.io\/br\/blog\/aula-de-espanhol-20-usos-do-verbo-haber-conheca-esse-verbo-importante-e-como-aplica-lo-em-frases\/"},"wordCount":421,"commentCount":0,"image":{"@id":"https:\/\/fluency.io\/br\/blog\/aula-de-espanhol-20-usos-do-verbo-haber-conheca-esse-verbo-importante-e-como-aplica-lo-em-frases\/#primaryimage"},"thumbnailUrl":"https:\/\/homolog.fluency.io\/br\/wp-content\/uploads\/sites\/3\/2023\/12\/60022c3445ad442552c6d146_ESP_LIVE-RS-20_Peti_THUMB-1.jpg","articleSection":["Dia a dia"],"inLanguage":"pt-BR","potentialAction":[{"@type":"CommentAction","name":"Comment","target":["https:\/\/fluency.io\/br\/blog\/aula-de-espanhol-20-usos-do-verbo-haber-conheca-esse-verbo-importante-e-como-aplica-lo-em-frases\/#respond"]}]},{"@type":"WebPage","@id":"https:\/\/fluency.io\/br\/blog\/aula-de-espanhol-20-usos-do-verbo-haber-conheca-esse-verbo-importante-e-como-aplica-lo-em-frases\/","url":"https:\/\/fluency.io\/br\/blog\/aula-de-espanhol-20-usos-do-verbo-haber-conheca-esse-verbo-importante-e-como-aplica-lo-em-frases\/","name":"Aula de espanhol: Usos do verbo HABER: Conhe\u00e7a esse verbo importante e como aplic\u00e1-lo em frases","isPartOf":{"@id":"https:\/\/homolog.fluency.io\/br\/#website"},"primaryImageOfPage":{"@id":"https:\/\/fluency.io\/br\/blog\/aula-de-espanhol-20-usos-do-verbo-haber-conheca-esse-verbo-importante-e-como-aplica-lo-em-frases\/#primaryimage"},"image":{"@id":"https:\/\/fluency.io\/br\/blog\/aula-de-espanhol-20-usos-do-verbo-haber-conheca-esse-verbo-importante-e-como-aplica-lo-em-frases\/#primaryimage"},"thumbnailUrl":"https:\/\/homolog.fluency.io\/br\/wp-content\/uploads\/sites\/3\/2023\/12\/60022c3445ad442552c6d146_ESP_LIVE-RS-20_Peti_THUMB-1.jpg","datePublished":"2021-12-15T12:52:00+00:00","dateModified":"2025-03-18T14:15:47+00:00","author":{"@id":"https:\/\/homolog.fluency.io\/br\/#\/schema\/person\/395d83f1006a72bd4912230eea50ff6f"},"description":"Vem descobrir como usar o verbo haber!","breadcrumb":{"@id":"https:\/\/fluency.io\/br\/blog\/aula-de-espanhol-20-usos-do-verbo-haber-conheca-esse-verbo-importante-e-como-aplica-lo-em-frases\/#breadcrumb"},"inLanguage":"pt-BR","potentialAction":[{"@type":"ReadAction","target":["https:\/\/fluency.io\/br\/blog\/aula-de-espanhol-20-usos-do-verbo-haber-conheca-esse-verbo-importante-e-como-aplica-lo-em-frases\/"]}]},{"@type":"ImageObject","inLanguage":"pt-BR","@id":"https:\/\/fluency.io\/br\/blog\/aula-de-espanhol-20-usos-do-verbo-haber-conheca-esse-verbo-importante-e-como-aplica-lo-em-frases\/#primaryimage","url":"https:\/\/homolog.fluency.io\/br\/wp-content\/uploads\/sites\/3\/2023\/12\/60022c3445ad442552c6d146_ESP_LIVE-RS-20_Peti_THUMB-1.jpg","contentUrl":"https:\/\/homolog.fluency.io\/br\/wp-content\/uploads\/sites\/3\/2023\/12\/60022c3445ad442552c6d146_ESP_LIVE-RS-20_Peti_THUMB-1.jpg","width":1280,"height":720,"caption":"Aula de espanhol #20: Usos do verbo HABER: Conhe\u00e7a esse verbo importante e como aplic\u00e1-lo em frases"},{"@type":"BreadcrumbList","@id":"https:\/\/fluency.io\/br\/blog\/aula-de-espanhol-20-usos-do-verbo-haber-conheca-esse-verbo-importante-e-como-aplica-lo-em-frases\/#breadcrumb","itemListElement":[{"@type":"ListItem","position":1,"name":"In\u00edcio","item":"https:\/\/homolog.fluency.io\/br\/"},{"@type":"ListItem","position":2,"name":"Aula de espanhol: Usos do verbo HABER: Conhe\u00e7a esse verbo importante e como aplic\u00e1-lo em frases"}]},{"@type":"WebSite","@id":"https:\/\/homolog.fluency.io\/br\/#website","url":"https:\/\/homolog.fluency.io\/br\/","name":"Fluency.io Brasil","description":"","potentialAction":[{"@type":"SearchAction","target":{"@type":"EntryPoint","urlTemplate":"https:\/\/homolog.fluency.io\/br\/?s={search_term_string}"},"query-input":{"@type":"PropertyValueSpecification","valueRequired":true,"valueName":"search_term_string"}}],"inLanguage":"pt-BR"},{"@type":"Person","@id":"https:\/\/homolog.fluency.io\/br\/#\/schema\/person\/395d83f1006a72bd4912230eea50ff6f","name":"marcelo","image":{"@type":"ImageObject","inLanguage":"pt-BR","@id":"https:\/\/secure.gravatar.com\/avatar\/9050681441880d21ef4048d38965a107dc5b77bf302f57fa3939973bdafa41d8?s=96&d=mm&r=g","url":"https:\/\/secure.gravatar.com\/avatar\/9050681441880d21ef4048d38965a107dc5b77bf302f57fa3939973bdafa41d8?s=96&d=mm&r=g","contentUrl":"https:\/\/secure.gravatar.com\/avatar\/9050681441880d21ef4048d38965a107dc5b77bf302f57fa3939973bdafa41d8?s=96&d=mm&r=g","caption":"marcelo"},"url":"https:\/\/homolog.fluency.io\/br\/author\/marcelo\/"}]}},"_links":{"self":[{"href":"https:\/\/homolog.fluency.io\/br\/wp-json\/wp\/v2\/posts\/63465","targetHints":{"allow":["GET"]}}],"collection":[{"href":"https:\/\/homolog.fluency.io\/br\/wp-json\/wp\/v2\/posts"}],"about":[{"href":"https:\/\/homolog.fluency.io\/br\/wp-json\/wp\/v2\/types\/post"}],"author":[{"embeddable":true,"href":"https:\/\/homolog.fluency.io\/br\/wp-json\/wp\/v2\/users\/6"}],"replies":[{"embeddable":true,"href":"https:\/\/homolog.fluency.io\/br\/wp-json\/wp\/v2\/comments?post=63465"}],"version-history":[{"count":4,"href":"https:\/\/homolog.fluency.io\/br\/wp-json\/wp\/v2\/posts\/63465\/revisions"}],"predecessor-version":[{"id":98366,"href":"https:\/\/homolog.fluency.io\/br\/wp-json\/wp\/v2\/posts\/63465\/revisions\/98366"}],"wp:featuredmedia":[{"embeddable":true,"href":"https:\/\/homolog.fluency.io\/br\/wp-json\/wp\/v2\/media\/63466"}],"wp:attachment":[{"href":"https:\/\/homolog.fluency.io\/br\/wp-json\/wp\/v2\/media?parent=63465"}],"wp:term":[{"taxonomy":"category","embeddable":true,"href":"https:\/\/homolog.fluency.io\/br\/wp-json\/wp\/v2\/categories?post=63465"},{"taxonomy":"post_tag","embeddable":true,"href":"https:\/\/homolog.fluency.io\/br\/wp-json\/wp\/v2\/tags?post=63465"},{"taxonomy":"format","embeddable":true,"href":"https:\/\/homolog.fluency.io\/br\/wp-json\/wp\/v2\/format?post=63465"},{"taxonomy":"trilha","embeddable":true,"href":"https:\/\/homolog.fluency.io\/br\/wp-json\/wp\/v2\/trilha?post=63465"}],"curies":[{"name":"wp","href":"https:\/\/api.w.org\/{rel}","templated":true}]}}