{"id":63511,"date":"2021-07-13T12:52:00","date_gmt":"2021-07-13T12:52:00","guid":{"rendered":"https:\/\/fluency.io\/br\/blog\/como-dizer-em-alemao-deixa-comigo-eu-resolvo\/"},"modified":"2025-02-27T10:08:27","modified_gmt":"2025-02-27T13:08:27","slug":"como-dizer-em-alemao-deixa-comigo-eu-resolvo","status":"publish","type":"post","link":"https:\/\/homolog.fluency.io\/br\/blog\/como-dizer-em-alemao-deixa-comigo-eu-resolvo\/","title":{"rendered":"Como dizer em alem\u00e3o: Deixa comigo\/Eu resolvo!"},"content":{"rendered":"<p data-pm-slice=\"0 0 []\"><em>Hey Leute, was geht ab! \ud83d\ude0a<\/em><\/p>\n<p>Voc\u00ea sabe como falar <strong>\u201cdeixa comigo\u201d<\/strong> em alem\u00e3o? Aqui est\u00e3o as maneiras mais comuns:<\/p>\n<ul>\n<li><em>Ich k\u00fcmmere mich darum! \/ Ich k\u00fcmmere mich drum!<\/em> (Eu cuido disso!)<\/li>\n<li><em>\u00dcberlass das mir! <\/em>(Deixa comigo!)<\/li>\n<\/ul>\n<p>\ud83d\udccc E voc\u00ea ainda pode juntar as duas: <strong>\u00dcberlass das mir! Ich k\u00fcmmere mich drum!<\/strong> (Deixa comigo! Eu cuido disso!)<\/p>\n<h2>Exerc\u00edcios para praticar<\/h2>\n<p>1\ufe0f\u20e3 Complete as frases:<\/p>\n<ul data-spread=\"false\">\n<li>Keine Sorge, ___ ___ ___! (N\u00e3o se preocupe, eu cuido disso!)<\/li>\n<li>___ ___ ___! Ich werde es erledigen. (Deixa comigo! Eu resolvo isso.)<\/li>\n<\/ul>\n<p>2\ufe0f\u20e3 Traduza para o alem\u00e3o:<\/p>\n<ul data-spread=\"false\">\n<li>Eu cuido disso!<\/li>\n<li>Pode deixar comigo!<\/li>\n<\/ul>\n<h2>Respostas<\/h2>\n<p>1\ufe0f\u20e3 Respostas poss\u00edveis:<\/p>\n<ul data-spread=\"false\">\n<li>Keine Sorge, <strong>ich k\u00fcmmere mich drum!<\/strong><\/li>\n<li><strong>\u00dcberlass das mir!<\/strong> Ich werde es erledigen.<\/li>\n<\/ul>\n<p>2\ufe0f\u20e3 Tradu\u00e7\u00e3o:<\/p>\n<ul data-spread=\"false\">\n<li><strong>Ich k\u00fcmmere mich darum!<\/strong><\/li>\n<li><strong>\u00dcberlass das mir!<\/strong><\/li>\n<\/ul>\n<p>Envie este conte\u00fado para um amigo ou amiga para dar essa superdica! \ud83d\ude80<\/p>\n<p>&nbsp;<\/p>\n<p>Curtiu o conte\u00fado? Confira o <a href=\"https:\/\/fluency.io\/br\/cursos\/alemao\/\">curso de alem\u00e3o<\/a> completo e veja as ofertas exclusivas para alunos aqui do portal.<\/p>\n<p><em>Tsch\u00fcss! Und bis zum n\u00e4chsten Mal! \ud83d\ude80<\/em><\/p>\n","protected":false},"excerpt":{"rendered":"<p>Veja como dizer essa express\u00e3o em alem\u00e3o!<\/p>\n","protected":false},"author":6,"featured_media":63512,"comment_status":"open","ping_status":"open","sticky":false,"template":"","format":[186],"meta":{"inline_featured_image":false,"footnotes":""},"categories":[229],"tags":[],"trilha":[],"class_list":["post-63511","post","type-post","status-publish","format-standard","has-post-thumbnail","hentry","category-skills","format-artigos"],"acf":[],"yoast_head":"<!-- This site is optimized with the Yoast SEO plugin v27.4 - https:\/\/yoast.com\/product\/yoast-seo-wordpress\/ -->\n<title>Como dizer em alem\u00e3o: Deixa comigo\/Eu resolvo!<\/title>\n<meta name=\"description\" content=\"Veja como dizer essa express\u00e3o em alem\u00e3o!...\" \/>\n<meta name=\"robots\" content=\"noindex, follow, max-snippet:-1, max-image-preview:large, max-video-preview:-1\" \/>\n<meta property=\"og:locale\" content=\"pt_BR\" \/>\n<meta property=\"og:type\" content=\"article\" \/>\n<meta property=\"og:title\" content=\"Como dizer em alem\u00e3o: Deixa comigo\/Eu resolvo!\" \/>\n<meta property=\"og:description\" content=\"Veja como dizer essa express\u00e3o em alem\u00e3o!...\" \/>\n<meta property=\"og:url\" content=\"https:\/\/homolog.fluency.io\/br\/blog\/como-dizer-em-alemao-deixa-comigo-eu-resolvo\/\" \/>\n<meta property=\"og:site_name\" content=\"Fluency.io Brasil\" \/>\n<meta property=\"article:published_time\" content=\"2021-07-13T12:52:00+00:00\" \/>\n<meta property=\"article:modified_time\" content=\"2025-02-27T13:08:27+00:00\" \/>\n<meta property=\"og:image\" content=\"https:\/\/homolog.fluency.io\/br\/wp-content\/uploads\/sites\/3\/2023\/12\/60ed8349a3443db515cc77c3_ALE_Davi_Deixa-Comigo_PORTAL-1.jpg\" \/>\n\t<meta property=\"og:image:width\" content=\"1210\" \/>\n\t<meta property=\"og:image:height\" content=\"681\" \/>\n\t<meta property=\"og:image:type\" content=\"image\/jpeg\" \/>\n<meta name=\"twitter:card\" content=\"summary_large_image\" \/>\n<meta name=\"twitter:label1\" content=\"Escrito por\" \/>\n\t<meta name=\"twitter:data1\" content=\"marcelo\" \/>\n\t<meta name=\"twitter:label2\" content=\"Est. tempo de leitura\" \/>\n\t<meta name=\"twitter:data2\" content=\"1 minuto\" \/>\n<script type=\"application\/ld+json\" class=\"yoast-schema-graph\">{\"@context\":\"https:\\\/\\\/schema.org\",\"@graph\":[{\"@type\":\"Article\",\"@id\":\"https:\\\/\\\/homolog.fluency.io\\\/br\\\/blog\\\/como-dizer-em-alemao-deixa-comigo-eu-resolvo\\\/#article\",\"isPartOf\":{\"@id\":\"https:\\\/\\\/homolog.fluency.io\\\/br\\\/blog\\\/como-dizer-em-alemao-deixa-comigo-eu-resolvo\\\/\"},\"author\":{\"name\":\"marcelo\",\"@id\":\"https:\\\/\\\/homolog.fluency.io\\\/br\\\/#\\\/schema\\\/person\\\/395d83f1006a72bd4912230eea50ff6f\"},\"headline\":\"Como dizer em alem\u00e3o: Deixa comigo\\\/Eu resolvo!\",\"datePublished\":\"2021-07-13T12:52:00+00:00\",\"dateModified\":\"2025-02-27T13:08:27+00:00\",\"mainEntityOfPage\":{\"@id\":\"https:\\\/\\\/homolog.fluency.io\\\/br\\\/blog\\\/como-dizer-em-alemao-deixa-comigo-eu-resolvo\\\/\"},\"wordCount\":175,\"commentCount\":0,\"image\":{\"@id\":\"https:\\\/\\\/homolog.fluency.io\\\/br\\\/blog\\\/como-dizer-em-alemao-deixa-comigo-eu-resolvo\\\/#primaryimage\"},\"thumbnailUrl\":\"https:\\\/\\\/homolog.fluency.io\\\/br\\\/wp-content\\\/uploads\\\/sites\\\/3\\\/2023\\\/12\\\/60ed8349a3443db515cc77c3_ALE_Davi_Deixa-Comigo_PORTAL-1.jpg\",\"articleSection\":[\"Skills\"],\"inLanguage\":\"pt-BR\",\"potentialAction\":[{\"@type\":\"CommentAction\",\"name\":\"Comment\",\"target\":[\"https:\\\/\\\/homolog.fluency.io\\\/br\\\/blog\\\/como-dizer-em-alemao-deixa-comigo-eu-resolvo\\\/#respond\"]}]},{\"@type\":\"WebPage\",\"@id\":\"https:\\\/\\\/homolog.fluency.io\\\/br\\\/blog\\\/como-dizer-em-alemao-deixa-comigo-eu-resolvo\\\/\",\"url\":\"https:\\\/\\\/homolog.fluency.io\\\/br\\\/blog\\\/como-dizer-em-alemao-deixa-comigo-eu-resolvo\\\/\",\"name\":\"Como dizer em alem\u00e3o: Deixa comigo\\\/Eu resolvo!\",\"isPartOf\":{\"@id\":\"https:\\\/\\\/homolog.fluency.io\\\/br\\\/#website\"},\"primaryImageOfPage\":{\"@id\":\"https:\\\/\\\/homolog.fluency.io\\\/br\\\/blog\\\/como-dizer-em-alemao-deixa-comigo-eu-resolvo\\\/#primaryimage\"},\"image\":{\"@id\":\"https:\\\/\\\/homolog.fluency.io\\\/br\\\/blog\\\/como-dizer-em-alemao-deixa-comigo-eu-resolvo\\\/#primaryimage\"},\"thumbnailUrl\":\"https:\\\/\\\/homolog.fluency.io\\\/br\\\/wp-content\\\/uploads\\\/sites\\\/3\\\/2023\\\/12\\\/60ed8349a3443db515cc77c3_ALE_Davi_Deixa-Comigo_PORTAL-1.jpg\",\"datePublished\":\"2021-07-13T12:52:00+00:00\",\"dateModified\":\"2025-02-27T13:08:27+00:00\",\"author\":{\"@id\":\"https:\\\/\\\/homolog.fluency.io\\\/br\\\/#\\\/schema\\\/person\\\/395d83f1006a72bd4912230eea50ff6f\"},\"description\":\"Veja como dizer essa express\u00e3o em alem\u00e3o!...\",\"breadcrumb\":{\"@id\":\"https:\\\/\\\/homolog.fluency.io\\\/br\\\/blog\\\/como-dizer-em-alemao-deixa-comigo-eu-resolvo\\\/#breadcrumb\"},\"inLanguage\":\"pt-BR\",\"potentialAction\":[{\"@type\":\"ReadAction\",\"target\":[\"https:\\\/\\\/homolog.fluency.io\\\/br\\\/blog\\\/como-dizer-em-alemao-deixa-comigo-eu-resolvo\\\/\"]}]},{\"@type\":\"ImageObject\",\"inLanguage\":\"pt-BR\",\"@id\":\"https:\\\/\\\/homolog.fluency.io\\\/br\\\/blog\\\/como-dizer-em-alemao-deixa-comigo-eu-resolvo\\\/#primaryimage\",\"url\":\"https:\\\/\\\/homolog.fluency.io\\\/br\\\/wp-content\\\/uploads\\\/sites\\\/3\\\/2023\\\/12\\\/60ed8349a3443db515cc77c3_ALE_Davi_Deixa-Comigo_PORTAL-1.jpg\",\"contentUrl\":\"https:\\\/\\\/homolog.fluency.io\\\/br\\\/wp-content\\\/uploads\\\/sites\\\/3\\\/2023\\\/12\\\/60ed8349a3443db515cc77c3_ALE_Davi_Deixa-Comigo_PORTAL-1.jpg\",\"width\":1210,\"height\":681,\"caption\":\"Como dizer em alem\u00e3o: Deixa comigo\\\/Eu resolvo!\"},{\"@type\":\"BreadcrumbList\",\"@id\":\"https:\\\/\\\/homolog.fluency.io\\\/br\\\/blog\\\/como-dizer-em-alemao-deixa-comigo-eu-resolvo\\\/#breadcrumb\",\"itemListElement\":[{\"@type\":\"ListItem\",\"position\":1,\"name\":\"In\u00edcio\",\"item\":\"https:\\\/\\\/homolog.fluency.io\\\/br\\\/\"},{\"@type\":\"ListItem\",\"position\":2,\"name\":\"Como dizer em alem\u00e3o: Deixa comigo\\\/Eu resolvo!\"}]},{\"@type\":\"WebSite\",\"@id\":\"https:\\\/\\\/homolog.fluency.io\\\/br\\\/#website\",\"url\":\"https:\\\/\\\/homolog.fluency.io\\\/br\\\/\",\"name\":\"Fluency.io Brasil\",\"description\":\"\",\"potentialAction\":[{\"@type\":\"SearchAction\",\"target\":{\"@type\":\"EntryPoint\",\"urlTemplate\":\"https:\\\/\\\/homolog.fluency.io\\\/br\\\/?s={search_term_string}\"},\"query-input\":{\"@type\":\"PropertyValueSpecification\",\"valueRequired\":true,\"valueName\":\"search_term_string\"}}],\"inLanguage\":\"pt-BR\"},{\"@type\":\"Person\",\"@id\":\"https:\\\/\\\/homolog.fluency.io\\\/br\\\/#\\\/schema\\\/person\\\/395d83f1006a72bd4912230eea50ff6f\",\"name\":\"marcelo\",\"image\":{\"@type\":\"ImageObject\",\"inLanguage\":\"pt-BR\",\"@id\":\"https:\\\/\\\/secure.gravatar.com\\\/avatar\\\/9050681441880d21ef4048d38965a107dc5b77bf302f57fa3939973bdafa41d8?s=96&d=mm&r=g\",\"url\":\"https:\\\/\\\/secure.gravatar.com\\\/avatar\\\/9050681441880d21ef4048d38965a107dc5b77bf302f57fa3939973bdafa41d8?s=96&d=mm&r=g\",\"contentUrl\":\"https:\\\/\\\/secure.gravatar.com\\\/avatar\\\/9050681441880d21ef4048d38965a107dc5b77bf302f57fa3939973bdafa41d8?s=96&d=mm&r=g\",\"caption\":\"marcelo\"},\"url\":\"https:\\\/\\\/homolog.fluency.io\\\/br\\\/author\\\/marcelo\\\/\"}]}<\/script>\n<!-- \/ Yoast SEO plugin. -->","yoast_head_json":{"title":"Como dizer em alem\u00e3o: Deixa comigo\/Eu resolvo!","description":"Veja como dizer essa express\u00e3o em alem\u00e3o!...","robots":{"index":"noindex","follow":"follow","max-snippet":"max-snippet:-1","max-image-preview":"max-image-preview:large","max-video-preview":"max-video-preview:-1"},"og_locale":"pt_BR","og_type":"article","og_title":"Como dizer em alem\u00e3o: Deixa comigo\/Eu resolvo!","og_description":"Veja como dizer essa express\u00e3o em alem\u00e3o!...","og_url":"https:\/\/homolog.fluency.io\/br\/blog\/como-dizer-em-alemao-deixa-comigo-eu-resolvo\/","og_site_name":"Fluency.io Brasil","article_published_time":"2021-07-13T12:52:00+00:00","article_modified_time":"2025-02-27T13:08:27+00:00","og_image":[{"width":1210,"height":681,"url":"https:\/\/homolog.fluency.io\/br\/wp-content\/uploads\/sites\/3\/2023\/12\/60ed8349a3443db515cc77c3_ALE_Davi_Deixa-Comigo_PORTAL-1.jpg","type":"image\/jpeg"}],"twitter_card":"summary_large_image","twitter_misc":{"Escrito por":"marcelo","Est. tempo de leitura":"1 minuto"},"schema":{"@context":"https:\/\/schema.org","@graph":[{"@type":"Article","@id":"https:\/\/homolog.fluency.io\/br\/blog\/como-dizer-em-alemao-deixa-comigo-eu-resolvo\/#article","isPartOf":{"@id":"https:\/\/homolog.fluency.io\/br\/blog\/como-dizer-em-alemao-deixa-comigo-eu-resolvo\/"},"author":{"name":"marcelo","@id":"https:\/\/homolog.fluency.io\/br\/#\/schema\/person\/395d83f1006a72bd4912230eea50ff6f"},"headline":"Como dizer em alem\u00e3o: Deixa comigo\/Eu resolvo!","datePublished":"2021-07-13T12:52:00+00:00","dateModified":"2025-02-27T13:08:27+00:00","mainEntityOfPage":{"@id":"https:\/\/homolog.fluency.io\/br\/blog\/como-dizer-em-alemao-deixa-comigo-eu-resolvo\/"},"wordCount":175,"commentCount":0,"image":{"@id":"https:\/\/homolog.fluency.io\/br\/blog\/como-dizer-em-alemao-deixa-comigo-eu-resolvo\/#primaryimage"},"thumbnailUrl":"https:\/\/homolog.fluency.io\/br\/wp-content\/uploads\/sites\/3\/2023\/12\/60ed8349a3443db515cc77c3_ALE_Davi_Deixa-Comigo_PORTAL-1.jpg","articleSection":["Skills"],"inLanguage":"pt-BR","potentialAction":[{"@type":"CommentAction","name":"Comment","target":["https:\/\/homolog.fluency.io\/br\/blog\/como-dizer-em-alemao-deixa-comigo-eu-resolvo\/#respond"]}]},{"@type":"WebPage","@id":"https:\/\/homolog.fluency.io\/br\/blog\/como-dizer-em-alemao-deixa-comigo-eu-resolvo\/","url":"https:\/\/homolog.fluency.io\/br\/blog\/como-dizer-em-alemao-deixa-comigo-eu-resolvo\/","name":"Como dizer em alem\u00e3o: Deixa comigo\/Eu resolvo!","isPartOf":{"@id":"https:\/\/homolog.fluency.io\/br\/#website"},"primaryImageOfPage":{"@id":"https:\/\/homolog.fluency.io\/br\/blog\/como-dizer-em-alemao-deixa-comigo-eu-resolvo\/#primaryimage"},"image":{"@id":"https:\/\/homolog.fluency.io\/br\/blog\/como-dizer-em-alemao-deixa-comigo-eu-resolvo\/#primaryimage"},"thumbnailUrl":"https:\/\/homolog.fluency.io\/br\/wp-content\/uploads\/sites\/3\/2023\/12\/60ed8349a3443db515cc77c3_ALE_Davi_Deixa-Comigo_PORTAL-1.jpg","datePublished":"2021-07-13T12:52:00+00:00","dateModified":"2025-02-27T13:08:27+00:00","author":{"@id":"https:\/\/homolog.fluency.io\/br\/#\/schema\/person\/395d83f1006a72bd4912230eea50ff6f"},"description":"Veja como dizer essa express\u00e3o em alem\u00e3o!...","breadcrumb":{"@id":"https:\/\/homolog.fluency.io\/br\/blog\/como-dizer-em-alemao-deixa-comigo-eu-resolvo\/#breadcrumb"},"inLanguage":"pt-BR","potentialAction":[{"@type":"ReadAction","target":["https:\/\/homolog.fluency.io\/br\/blog\/como-dizer-em-alemao-deixa-comigo-eu-resolvo\/"]}]},{"@type":"ImageObject","inLanguage":"pt-BR","@id":"https:\/\/homolog.fluency.io\/br\/blog\/como-dizer-em-alemao-deixa-comigo-eu-resolvo\/#primaryimage","url":"https:\/\/homolog.fluency.io\/br\/wp-content\/uploads\/sites\/3\/2023\/12\/60ed8349a3443db515cc77c3_ALE_Davi_Deixa-Comigo_PORTAL-1.jpg","contentUrl":"https:\/\/homolog.fluency.io\/br\/wp-content\/uploads\/sites\/3\/2023\/12\/60ed8349a3443db515cc77c3_ALE_Davi_Deixa-Comigo_PORTAL-1.jpg","width":1210,"height":681,"caption":"Como dizer em alem\u00e3o: Deixa comigo\/Eu resolvo!"},{"@type":"BreadcrumbList","@id":"https:\/\/homolog.fluency.io\/br\/blog\/como-dizer-em-alemao-deixa-comigo-eu-resolvo\/#breadcrumb","itemListElement":[{"@type":"ListItem","position":1,"name":"In\u00edcio","item":"https:\/\/homolog.fluency.io\/br\/"},{"@type":"ListItem","position":2,"name":"Como dizer em alem\u00e3o: Deixa comigo\/Eu resolvo!"}]},{"@type":"WebSite","@id":"https:\/\/homolog.fluency.io\/br\/#website","url":"https:\/\/homolog.fluency.io\/br\/","name":"Fluency.io Brasil","description":"","potentialAction":[{"@type":"SearchAction","target":{"@type":"EntryPoint","urlTemplate":"https:\/\/homolog.fluency.io\/br\/?s={search_term_string}"},"query-input":{"@type":"PropertyValueSpecification","valueRequired":true,"valueName":"search_term_string"}}],"inLanguage":"pt-BR"},{"@type":"Person","@id":"https:\/\/homolog.fluency.io\/br\/#\/schema\/person\/395d83f1006a72bd4912230eea50ff6f","name":"marcelo","image":{"@type":"ImageObject","inLanguage":"pt-BR","@id":"https:\/\/secure.gravatar.com\/avatar\/9050681441880d21ef4048d38965a107dc5b77bf302f57fa3939973bdafa41d8?s=96&d=mm&r=g","url":"https:\/\/secure.gravatar.com\/avatar\/9050681441880d21ef4048d38965a107dc5b77bf302f57fa3939973bdafa41d8?s=96&d=mm&r=g","contentUrl":"https:\/\/secure.gravatar.com\/avatar\/9050681441880d21ef4048d38965a107dc5b77bf302f57fa3939973bdafa41d8?s=96&d=mm&r=g","caption":"marcelo"},"url":"https:\/\/homolog.fluency.io\/br\/author\/marcelo\/"}]}},"_links":{"self":[{"href":"https:\/\/homolog.fluency.io\/br\/wp-json\/wp\/v2\/posts\/63511","targetHints":{"allow":["GET"]}}],"collection":[{"href":"https:\/\/homolog.fluency.io\/br\/wp-json\/wp\/v2\/posts"}],"about":[{"href":"https:\/\/homolog.fluency.io\/br\/wp-json\/wp\/v2\/types\/post"}],"author":[{"embeddable":true,"href":"https:\/\/homolog.fluency.io\/br\/wp-json\/wp\/v2\/users\/6"}],"replies":[{"embeddable":true,"href":"https:\/\/homolog.fluency.io\/br\/wp-json\/wp\/v2\/comments?post=63511"}],"version-history":[{"count":3,"href":"https:\/\/homolog.fluency.io\/br\/wp-json\/wp\/v2\/posts\/63511\/revisions"}],"predecessor-version":[{"id":95842,"href":"https:\/\/homolog.fluency.io\/br\/wp-json\/wp\/v2\/posts\/63511\/revisions\/95842"}],"wp:featuredmedia":[{"embeddable":true,"href":"https:\/\/homolog.fluency.io\/br\/wp-json\/wp\/v2\/media\/63512"}],"wp:attachment":[{"href":"https:\/\/homolog.fluency.io\/br\/wp-json\/wp\/v2\/media?parent=63511"}],"wp:term":[{"taxonomy":"category","embeddable":true,"href":"https:\/\/homolog.fluency.io\/br\/wp-json\/wp\/v2\/categories?post=63511"},{"taxonomy":"post_tag","embeddable":true,"href":"https:\/\/homolog.fluency.io\/br\/wp-json\/wp\/v2\/tags?post=63511"},{"taxonomy":"format","embeddable":true,"href":"https:\/\/homolog.fluency.io\/br\/wp-json\/wp\/v2\/format?post=63511"},{"taxonomy":"trilha","embeddable":true,"href":"https:\/\/homolog.fluency.io\/br\/wp-json\/wp\/v2\/trilha?post=63511"}],"curies":[{"name":"wp","href":"https:\/\/api.w.org\/{rel}","templated":true}]}}