{"id":63623,"date":"2021-04-04T12:52:00","date_gmt":"2021-04-04T12:52:00","guid":{"rendered":"https:\/\/fluency.io\/br\/blog\/dicas-dos-franceses-para-se-aquecer-no-inverno\/"},"modified":"2024-10-24T18:34:07","modified_gmt":"2024-10-24T21:34:07","slug":"dicas-dos-franceses-para-se-aquecer-no-inverno","status":"publish","type":"post","link":"https:\/\/homolog.fluency.io\/br\/blog\/dicas-dos-franceses-para-se-aquecer-no-inverno\/","title":{"rendered":"Dicas dos franceses para se aquecer no inverno"},"content":{"rendered":"<h2>Friozinho?<\/h2>\n<p><em>Salut, toi ! Comment tu vas ? <\/em><\/p>\n<p>Seja bem-vindo e bem-vinda a mais uma dica de franc\u00eas! No v\u00eddeo de hoje, o prof Yann vai ensinar algumas palavras e express\u00f5es relacionadas ao inverno! Assim, quando voc\u00ea for \u00e0 Fran\u00e7a e estiver aquele frio, voc\u00ea n\u00e3o vai passar nenhum perrengue! \u2744\ufe0f<\/p>\n<p>Pra come\u00e7ar, \u00e9 importante lembrar que, como o inverno europeu pode ser bem rigoroso, as casas na Fran\u00e7a s\u00e3o bem equipadas para lidar com o frio. Veja s\u00f3 o que voc\u00ea pode encontrar por l\u00e1:<\/p>\n<p><em>Chauffage <\/em><br \/>\nCalefa\u00e7\u00e3o<\/p>\n<p><em>Double vitrage <\/em><br \/>\nVidro duplo<\/p>\n<p>Al\u00e9m disso, tamb\u00e9m existem algumas pe\u00e7as de roupa que n\u00e3o podem faltar na sua mala se voc\u00ea decidir ir \u00e0 Fran\u00e7a durante o inverno:<\/p>\n<p><em>Le manteau <\/em><br \/>\nO casaco<\/p>\n<p><em>Des gants<\/em><br \/>\nLuvas<\/p>\n<p><em>Cache oreille <\/em><br \/>\nProtetor de orelha<\/p>\n<p>E, se voc\u00ea n\u00e3o quiser perder a chance de se deliciar com a culin\u00e1ria francesa, aqui v\u00e3o algumas comidas e bebidas t\u00edpicas dessa \u00e9poca pra j\u00e1 te deixar com vontade:<\/p>\n<p><em>Raclette <\/em><br \/>\nRaclette<\/p>\n<p><em>Vin chaud<\/em><br \/>\nVinho quente<\/p>\n<p><em>Soupe de l\u00e9gumes<\/em><br \/>\nSopa de legumes<\/p>\n<p>Gostou da dica de hoje? Ent\u00e3o comente aqui pra gente o que voc\u00ea achou e n\u00e3o se esque\u00e7a de enviar este v\u00eddeo para os seus amigos \u201cfriorentos\u201d que v\u00e3o gostar de aprender essas palavras em franc\u00eas! <em>\u00c0 bient\u00f4t !<\/em><\/p>\n","protected":false},"excerpt":{"rendered":"<p>Est\u00e1 muito frio a\u00ed na sua cidade? Que tal aprender algumas dicas para se proteger do inverno em franc\u00eas? Vem com a gente que vamos te ensinar!<\/p>\n","protected":false},"author":6,"featured_media":63624,"comment_status":"open","ping_status":"open","sticky":false,"template":"","format":[186],"meta":{"inline_featured_image":false,"footnotes":""},"categories":[229],"tags":[],"trilha":[],"class_list":["post-63623","post","type-post","status-publish","format-standard","has-post-thumbnail","hentry","category-skills","format-artigos"],"acf":[],"yoast_head":"<!-- This site is optimized with the Yoast SEO plugin v27.4 - https:\/\/yoast.com\/product\/yoast-seo-wordpress\/ -->\n<title>Dicas dos franceses para se aquecer no inverno<\/title>\n<meta name=\"description\" content=\"Est\u00e1 muito frio a\u00ed na sua cidade? Que tal aprender algumas dicas para se proteger do inverno em franc\u00eas? Vem com a gente que vamos te ensinar!...\" \/>\n<meta name=\"robots\" content=\"noindex, follow, max-snippet:-1, max-image-preview:large, max-video-preview:-1\" \/>\n<meta property=\"og:locale\" content=\"pt_BR\" \/>\n<meta property=\"og:type\" content=\"article\" \/>\n<meta property=\"og:title\" content=\"Dicas dos franceses para se aquecer no inverno\" \/>\n<meta property=\"og:description\" content=\"Est\u00e1 muito frio a\u00ed na sua cidade? Que tal aprender algumas dicas para se proteger do inverno em franc\u00eas? Vem com a gente que vamos te ensinar!...\" \/>\n<meta property=\"og:url\" content=\"https:\/\/homolog.fluency.io\/br\/blog\/dicas-dos-franceses-para-se-aquecer-no-inverno\/\" \/>\n<meta property=\"og:site_name\" content=\"Fluency.io Brasil\" \/>\n<meta property=\"article:published_time\" content=\"2021-04-04T12:52:00+00:00\" \/>\n<meta property=\"article:modified_time\" content=\"2024-10-24T21:34:07+00:00\" \/>\n<meta property=\"og:image\" content=\"https:\/\/homolog.fluency.io\/br\/wp-content\/uploads\/sites\/3\/2023\/12\/5f2081fd6a9d4450338738a0_FR_Yann_Thumb_Inverno_YT-1.jpg\" \/>\n\t<meta property=\"og:image:width\" content=\"1920\" \/>\n\t<meta property=\"og:image:height\" content=\"1080\" \/>\n\t<meta property=\"og:image:type\" content=\"image\/jpeg\" \/>\n<meta name=\"twitter:card\" content=\"summary_large_image\" \/>\n<meta name=\"twitter:label1\" content=\"Escrito por\" \/>\n\t<meta name=\"twitter:data1\" content=\"marcelo\" \/>\n\t<meta name=\"twitter:label2\" content=\"Est. tempo de leitura\" \/>\n\t<meta name=\"twitter:data2\" content=\"2 minutos\" \/>\n<script type=\"application\/ld+json\" class=\"yoast-schema-graph\">{\"@context\":\"https:\\\/\\\/schema.org\",\"@graph\":[{\"@type\":\"Article\",\"@id\":\"https:\\\/\\\/homolog.fluency.io\\\/br\\\/blog\\\/dicas-dos-franceses-para-se-aquecer-no-inverno\\\/#article\",\"isPartOf\":{\"@id\":\"https:\\\/\\\/homolog.fluency.io\\\/br\\\/blog\\\/dicas-dos-franceses-para-se-aquecer-no-inverno\\\/\"},\"author\":{\"name\":\"marcelo\",\"@id\":\"https:\\\/\\\/homolog.fluency.io\\\/br\\\/#\\\/schema\\\/person\\\/395d83f1006a72bd4912230eea50ff6f\"},\"headline\":\"Dicas dos franceses para se aquecer no inverno\",\"datePublished\":\"2021-04-04T12:52:00+00:00\",\"dateModified\":\"2024-10-24T21:34:07+00:00\",\"mainEntityOfPage\":{\"@id\":\"https:\\\/\\\/homolog.fluency.io\\\/br\\\/blog\\\/dicas-dos-franceses-para-se-aquecer-no-inverno\\\/\"},\"wordCount\":235,\"commentCount\":0,\"image\":{\"@id\":\"https:\\\/\\\/homolog.fluency.io\\\/br\\\/blog\\\/dicas-dos-franceses-para-se-aquecer-no-inverno\\\/#primaryimage\"},\"thumbnailUrl\":\"https:\\\/\\\/homolog.fluency.io\\\/br\\\/wp-content\\\/uploads\\\/sites\\\/3\\\/2023\\\/12\\\/5f2081fd6a9d4450338738a0_FR_Yann_Thumb_Inverno_YT-1.jpg\",\"articleSection\":[\"Skills\"],\"inLanguage\":\"pt-BR\",\"potentialAction\":[{\"@type\":\"CommentAction\",\"name\":\"Comment\",\"target\":[\"https:\\\/\\\/homolog.fluency.io\\\/br\\\/blog\\\/dicas-dos-franceses-para-se-aquecer-no-inverno\\\/#respond\"]}]},{\"@type\":\"WebPage\",\"@id\":\"https:\\\/\\\/homolog.fluency.io\\\/br\\\/blog\\\/dicas-dos-franceses-para-se-aquecer-no-inverno\\\/\",\"url\":\"https:\\\/\\\/homolog.fluency.io\\\/br\\\/blog\\\/dicas-dos-franceses-para-se-aquecer-no-inverno\\\/\",\"name\":\"Dicas dos franceses para se aquecer no inverno\",\"isPartOf\":{\"@id\":\"https:\\\/\\\/homolog.fluency.io\\\/br\\\/#website\"},\"primaryImageOfPage\":{\"@id\":\"https:\\\/\\\/homolog.fluency.io\\\/br\\\/blog\\\/dicas-dos-franceses-para-se-aquecer-no-inverno\\\/#primaryimage\"},\"image\":{\"@id\":\"https:\\\/\\\/homolog.fluency.io\\\/br\\\/blog\\\/dicas-dos-franceses-para-se-aquecer-no-inverno\\\/#primaryimage\"},\"thumbnailUrl\":\"https:\\\/\\\/homolog.fluency.io\\\/br\\\/wp-content\\\/uploads\\\/sites\\\/3\\\/2023\\\/12\\\/5f2081fd6a9d4450338738a0_FR_Yann_Thumb_Inverno_YT-1.jpg\",\"datePublished\":\"2021-04-04T12:52:00+00:00\",\"dateModified\":\"2024-10-24T21:34:07+00:00\",\"author\":{\"@id\":\"https:\\\/\\\/homolog.fluency.io\\\/br\\\/#\\\/schema\\\/person\\\/395d83f1006a72bd4912230eea50ff6f\"},\"description\":\"Est\u00e1 muito frio a\u00ed na sua cidade? Que tal aprender algumas dicas para se proteger do inverno em franc\u00eas? Vem com a gente que vamos te ensinar!...\",\"breadcrumb\":{\"@id\":\"https:\\\/\\\/homolog.fluency.io\\\/br\\\/blog\\\/dicas-dos-franceses-para-se-aquecer-no-inverno\\\/#breadcrumb\"},\"inLanguage\":\"pt-BR\",\"potentialAction\":[{\"@type\":\"ReadAction\",\"target\":[\"https:\\\/\\\/homolog.fluency.io\\\/br\\\/blog\\\/dicas-dos-franceses-para-se-aquecer-no-inverno\\\/\"]}]},{\"@type\":\"ImageObject\",\"inLanguage\":\"pt-BR\",\"@id\":\"https:\\\/\\\/homolog.fluency.io\\\/br\\\/blog\\\/dicas-dos-franceses-para-se-aquecer-no-inverno\\\/#primaryimage\",\"url\":\"https:\\\/\\\/homolog.fluency.io\\\/br\\\/wp-content\\\/uploads\\\/sites\\\/3\\\/2023\\\/12\\\/5f2081fd6a9d4450338738a0_FR_Yann_Thumb_Inverno_YT-1.jpg\",\"contentUrl\":\"https:\\\/\\\/homolog.fluency.io\\\/br\\\/wp-content\\\/uploads\\\/sites\\\/3\\\/2023\\\/12\\\/5f2081fd6a9d4450338738a0_FR_Yann_Thumb_Inverno_YT-1.jpg\",\"width\":1920,\"height\":1080,\"caption\":\"Dicas dos franceses para se aquecer no inverno\"},{\"@type\":\"BreadcrumbList\",\"@id\":\"https:\\\/\\\/homolog.fluency.io\\\/br\\\/blog\\\/dicas-dos-franceses-para-se-aquecer-no-inverno\\\/#breadcrumb\",\"itemListElement\":[{\"@type\":\"ListItem\",\"position\":1,\"name\":\"In\u00edcio\",\"item\":\"https:\\\/\\\/homolog.fluency.io\\\/br\\\/\"},{\"@type\":\"ListItem\",\"position\":2,\"name\":\"Dicas dos franceses para se aquecer no inverno\"}]},{\"@type\":\"WebSite\",\"@id\":\"https:\\\/\\\/homolog.fluency.io\\\/br\\\/#website\",\"url\":\"https:\\\/\\\/homolog.fluency.io\\\/br\\\/\",\"name\":\"Fluency.io Brasil\",\"description\":\"\",\"potentialAction\":[{\"@type\":\"SearchAction\",\"target\":{\"@type\":\"EntryPoint\",\"urlTemplate\":\"https:\\\/\\\/homolog.fluency.io\\\/br\\\/?s={search_term_string}\"},\"query-input\":{\"@type\":\"PropertyValueSpecification\",\"valueRequired\":true,\"valueName\":\"search_term_string\"}}],\"inLanguage\":\"pt-BR\"},{\"@type\":\"Person\",\"@id\":\"https:\\\/\\\/homolog.fluency.io\\\/br\\\/#\\\/schema\\\/person\\\/395d83f1006a72bd4912230eea50ff6f\",\"name\":\"marcelo\",\"image\":{\"@type\":\"ImageObject\",\"inLanguage\":\"pt-BR\",\"@id\":\"https:\\\/\\\/secure.gravatar.com\\\/avatar\\\/9050681441880d21ef4048d38965a107dc5b77bf302f57fa3939973bdafa41d8?s=96&d=mm&r=g\",\"url\":\"https:\\\/\\\/secure.gravatar.com\\\/avatar\\\/9050681441880d21ef4048d38965a107dc5b77bf302f57fa3939973bdafa41d8?s=96&d=mm&r=g\",\"contentUrl\":\"https:\\\/\\\/secure.gravatar.com\\\/avatar\\\/9050681441880d21ef4048d38965a107dc5b77bf302f57fa3939973bdafa41d8?s=96&d=mm&r=g\",\"caption\":\"marcelo\"},\"url\":\"https:\\\/\\\/homolog.fluency.io\\\/br\\\/author\\\/marcelo\\\/\"}]}<\/script>\n<!-- \/ Yoast SEO plugin. -->","yoast_head_json":{"title":"Dicas dos franceses para se aquecer no inverno","description":"Est\u00e1 muito frio a\u00ed na sua cidade? Que tal aprender algumas dicas para se proteger do inverno em franc\u00eas? Vem com a gente que vamos te ensinar!...","robots":{"index":"noindex","follow":"follow","max-snippet":"max-snippet:-1","max-image-preview":"max-image-preview:large","max-video-preview":"max-video-preview:-1"},"og_locale":"pt_BR","og_type":"article","og_title":"Dicas dos franceses para se aquecer no inverno","og_description":"Est\u00e1 muito frio a\u00ed na sua cidade? Que tal aprender algumas dicas para se proteger do inverno em franc\u00eas? Vem com a gente que vamos te ensinar!...","og_url":"https:\/\/homolog.fluency.io\/br\/blog\/dicas-dos-franceses-para-se-aquecer-no-inverno\/","og_site_name":"Fluency.io Brasil","article_published_time":"2021-04-04T12:52:00+00:00","article_modified_time":"2024-10-24T21:34:07+00:00","og_image":[{"width":1920,"height":1080,"url":"https:\/\/homolog.fluency.io\/br\/wp-content\/uploads\/sites\/3\/2023\/12\/5f2081fd6a9d4450338738a0_FR_Yann_Thumb_Inverno_YT-1.jpg","type":"image\/jpeg"}],"twitter_card":"summary_large_image","twitter_misc":{"Escrito por":"marcelo","Est. tempo de leitura":"2 minutos"},"schema":{"@context":"https:\/\/schema.org","@graph":[{"@type":"Article","@id":"https:\/\/homolog.fluency.io\/br\/blog\/dicas-dos-franceses-para-se-aquecer-no-inverno\/#article","isPartOf":{"@id":"https:\/\/homolog.fluency.io\/br\/blog\/dicas-dos-franceses-para-se-aquecer-no-inverno\/"},"author":{"name":"marcelo","@id":"https:\/\/homolog.fluency.io\/br\/#\/schema\/person\/395d83f1006a72bd4912230eea50ff6f"},"headline":"Dicas dos franceses para se aquecer no inverno","datePublished":"2021-04-04T12:52:00+00:00","dateModified":"2024-10-24T21:34:07+00:00","mainEntityOfPage":{"@id":"https:\/\/homolog.fluency.io\/br\/blog\/dicas-dos-franceses-para-se-aquecer-no-inverno\/"},"wordCount":235,"commentCount":0,"image":{"@id":"https:\/\/homolog.fluency.io\/br\/blog\/dicas-dos-franceses-para-se-aquecer-no-inverno\/#primaryimage"},"thumbnailUrl":"https:\/\/homolog.fluency.io\/br\/wp-content\/uploads\/sites\/3\/2023\/12\/5f2081fd6a9d4450338738a0_FR_Yann_Thumb_Inverno_YT-1.jpg","articleSection":["Skills"],"inLanguage":"pt-BR","potentialAction":[{"@type":"CommentAction","name":"Comment","target":["https:\/\/homolog.fluency.io\/br\/blog\/dicas-dos-franceses-para-se-aquecer-no-inverno\/#respond"]}]},{"@type":"WebPage","@id":"https:\/\/homolog.fluency.io\/br\/blog\/dicas-dos-franceses-para-se-aquecer-no-inverno\/","url":"https:\/\/homolog.fluency.io\/br\/blog\/dicas-dos-franceses-para-se-aquecer-no-inverno\/","name":"Dicas dos franceses para se aquecer no inverno","isPartOf":{"@id":"https:\/\/homolog.fluency.io\/br\/#website"},"primaryImageOfPage":{"@id":"https:\/\/homolog.fluency.io\/br\/blog\/dicas-dos-franceses-para-se-aquecer-no-inverno\/#primaryimage"},"image":{"@id":"https:\/\/homolog.fluency.io\/br\/blog\/dicas-dos-franceses-para-se-aquecer-no-inverno\/#primaryimage"},"thumbnailUrl":"https:\/\/homolog.fluency.io\/br\/wp-content\/uploads\/sites\/3\/2023\/12\/5f2081fd6a9d4450338738a0_FR_Yann_Thumb_Inverno_YT-1.jpg","datePublished":"2021-04-04T12:52:00+00:00","dateModified":"2024-10-24T21:34:07+00:00","author":{"@id":"https:\/\/homolog.fluency.io\/br\/#\/schema\/person\/395d83f1006a72bd4912230eea50ff6f"},"description":"Est\u00e1 muito frio a\u00ed na sua cidade? Que tal aprender algumas dicas para se proteger do inverno em franc\u00eas? Vem com a gente que vamos te ensinar!...","breadcrumb":{"@id":"https:\/\/homolog.fluency.io\/br\/blog\/dicas-dos-franceses-para-se-aquecer-no-inverno\/#breadcrumb"},"inLanguage":"pt-BR","potentialAction":[{"@type":"ReadAction","target":["https:\/\/homolog.fluency.io\/br\/blog\/dicas-dos-franceses-para-se-aquecer-no-inverno\/"]}]},{"@type":"ImageObject","inLanguage":"pt-BR","@id":"https:\/\/homolog.fluency.io\/br\/blog\/dicas-dos-franceses-para-se-aquecer-no-inverno\/#primaryimage","url":"https:\/\/homolog.fluency.io\/br\/wp-content\/uploads\/sites\/3\/2023\/12\/5f2081fd6a9d4450338738a0_FR_Yann_Thumb_Inverno_YT-1.jpg","contentUrl":"https:\/\/homolog.fluency.io\/br\/wp-content\/uploads\/sites\/3\/2023\/12\/5f2081fd6a9d4450338738a0_FR_Yann_Thumb_Inverno_YT-1.jpg","width":1920,"height":1080,"caption":"Dicas dos franceses para se aquecer no inverno"},{"@type":"BreadcrumbList","@id":"https:\/\/homolog.fluency.io\/br\/blog\/dicas-dos-franceses-para-se-aquecer-no-inverno\/#breadcrumb","itemListElement":[{"@type":"ListItem","position":1,"name":"In\u00edcio","item":"https:\/\/homolog.fluency.io\/br\/"},{"@type":"ListItem","position":2,"name":"Dicas dos franceses para se aquecer no inverno"}]},{"@type":"WebSite","@id":"https:\/\/homolog.fluency.io\/br\/#website","url":"https:\/\/homolog.fluency.io\/br\/","name":"Fluency.io Brasil","description":"","potentialAction":[{"@type":"SearchAction","target":{"@type":"EntryPoint","urlTemplate":"https:\/\/homolog.fluency.io\/br\/?s={search_term_string}"},"query-input":{"@type":"PropertyValueSpecification","valueRequired":true,"valueName":"search_term_string"}}],"inLanguage":"pt-BR"},{"@type":"Person","@id":"https:\/\/homolog.fluency.io\/br\/#\/schema\/person\/395d83f1006a72bd4912230eea50ff6f","name":"marcelo","image":{"@type":"ImageObject","inLanguage":"pt-BR","@id":"https:\/\/secure.gravatar.com\/avatar\/9050681441880d21ef4048d38965a107dc5b77bf302f57fa3939973bdafa41d8?s=96&d=mm&r=g","url":"https:\/\/secure.gravatar.com\/avatar\/9050681441880d21ef4048d38965a107dc5b77bf302f57fa3939973bdafa41d8?s=96&d=mm&r=g","contentUrl":"https:\/\/secure.gravatar.com\/avatar\/9050681441880d21ef4048d38965a107dc5b77bf302f57fa3939973bdafa41d8?s=96&d=mm&r=g","caption":"marcelo"},"url":"https:\/\/homolog.fluency.io\/br\/author\/marcelo\/"}]}},"_links":{"self":[{"href":"https:\/\/homolog.fluency.io\/br\/wp-json\/wp\/v2\/posts\/63623","targetHints":{"allow":["GET"]}}],"collection":[{"href":"https:\/\/homolog.fluency.io\/br\/wp-json\/wp\/v2\/posts"}],"about":[{"href":"https:\/\/homolog.fluency.io\/br\/wp-json\/wp\/v2\/types\/post"}],"author":[{"embeddable":true,"href":"https:\/\/homolog.fluency.io\/br\/wp-json\/wp\/v2\/users\/6"}],"replies":[{"embeddable":true,"href":"https:\/\/homolog.fluency.io\/br\/wp-json\/wp\/v2\/comments?post=63623"}],"version-history":[{"count":2,"href":"https:\/\/homolog.fluency.io\/br\/wp-json\/wp\/v2\/posts\/63623\/revisions"}],"predecessor-version":[{"id":89690,"href":"https:\/\/homolog.fluency.io\/br\/wp-json\/wp\/v2\/posts\/63623\/revisions\/89690"}],"wp:featuredmedia":[{"embeddable":true,"href":"https:\/\/homolog.fluency.io\/br\/wp-json\/wp\/v2\/media\/63624"}],"wp:attachment":[{"href":"https:\/\/homolog.fluency.io\/br\/wp-json\/wp\/v2\/media?parent=63623"}],"wp:term":[{"taxonomy":"category","embeddable":true,"href":"https:\/\/homolog.fluency.io\/br\/wp-json\/wp\/v2\/categories?post=63623"},{"taxonomy":"post_tag","embeddable":true,"href":"https:\/\/homolog.fluency.io\/br\/wp-json\/wp\/v2\/tags?post=63623"},{"taxonomy":"format","embeddable":true,"href":"https:\/\/homolog.fluency.io\/br\/wp-json\/wp\/v2\/format?post=63623"},{"taxonomy":"trilha","embeddable":true,"href":"https:\/\/homolog.fluency.io\/br\/wp-json\/wp\/v2\/trilha?post=63623"}],"curies":[{"name":"wp","href":"https:\/\/api.w.org\/{rel}","templated":true}]}}