{"id":64548,"date":"2022-03-06T17:30:00","date_gmt":"2022-03-06T17:30:00","guid":{"rendered":"https:\/\/fluency.io\/br\/blog\/fluency-news-frances-58\/"},"modified":"2024-08-26T11:29:10","modified_gmt":"2024-08-26T14:29:10","slug":"fluency-news-frances-58","status":"publish","type":"post","link":"https:\/\/homolog.fluency.io\/br\/blog\/fluency-news-frances-58\/","title":{"rendered":"Fluency News Franc\u00eas: Not\u00edcias da semana 58 em Franc\u00eas para treinar o idioma"},"content":{"rendered":"<p><em>Salut, tout le monde !<br \/>\n\u200d<\/em>Sejam bem-vindos e bem-vindas a mais um epis\u00f3dio da nossa s\u00e9rie de podcasts, o <strong>Fluency News<\/strong>. Aqui voc\u00ea vai treinar a sua escuta e ficar por dentro do que est\u00e1 acontecendo no mundo, sempre com as tr\u00eas principais not\u00edcias da semana, tudo em franc\u00eas! Ao longo do epis\u00f3dio, n\u00f3s tamb\u00e9m adicionamos explica\u00e7\u00f5es em portugu\u00eas sobre quest\u00f5es que achamos que precisam de mais aten\u00e7\u00e3o, assim voc\u00ea n\u00e3o perde nenhum detalhe!<\/p>\n<p>Frente a tantas not\u00edcias ruins e tristes, para esta semana, decidimos selecionar hist\u00f3rias mais leves, ok? De qualquer forma, como toda semana, voc\u00ea vai continuar praticando um novo idioma e a sua linguagem jornal\u00edstica!<\/p>\n<p>No epis\u00f3dio desta semana, n\u00f3s come\u00e7amos falando sobre a lista de indicados ao Oscar. Depois, falamos sobre um menino de 16 anos na \u00cdndia que est\u00e1 mandando muito bem no xadrez. Em seguida, conversamos um pouco sobre uma nova descoberta a respeito de cantar \u2013 e qu\u00e3o conectada essa pr\u00e1tica est\u00e1 com o nosso c\u00e9rebro. E, por fim, separamos algumas dicas de filmes para voc\u00ea assistir em mar\u00e7o!<\/p>\n<p><em>Ahh, et n\u2019h\u00e9sitez pas \u00e0 jeter un coup d&#8217;\u0153il sur notre site web fluency.io pour avoir acc\u00e8s \u00e0 plus de contenu gratuit et consultez notre page Instagram, <\/em><strong><em>@fluencytvfrances<\/em><\/strong><em> !<\/em><\/p>\n<p>\u200d<\/p>\n<p><em>On commence ?<br \/>\n\u200d<\/em><\/p>\n<h4><em>\u200d<\/em><br \/>\nTranscription de l&#8217;\u00e9pisode<\/h4>\n<p>Je commence par une question : aimez-vous le cin\u00e9ma ? Eh bien, la 94e \u00e9dition des Academy Awards, les Oscars, <strong>a lieu<\/strong> le 27 mars et a enfin publi\u00e9 la liste compl\u00e8te des nominations.<\/p>\n<p>Olivia Colman, qui a remport\u00e9 <strong>le prix<\/strong> de la meilleure actrice en 2019 pour The Favorite, concourt dans la m\u00eame cat\u00e9gorie cette ann\u00e9e pour son r\u00f4le dans The Lost Daughter. Jessie Buckley, qui incarne la jeune personne de son personnage, est \u00e9galement en lice pour le meilleur second r\u00f4le f\u00e9minin.<\/p>\n<p>Will Smith est en pole position pour son interpr\u00e9tation du p\u00e8re ambitieux et entra\u00eeneur de tennis dans King Richard, qui a \u00e9galement valu \u00e0 sa jeune co-star, Aunjanue \/injenew\/ Ellis, une nomination dans la cat\u00e9gorie de meilleur second r\u00f4le f\u00e9minin.<\/p>\n<p>Lady Gaga a \u00e9t\u00e9 nomm\u00e9e pour son r\u00f4le dans House of Gucci, le drame policier de Ridley \/ridli\/ Scott, dans presque tous les palmar\u00e8s pr\u00e9c\u00e9dents, mais elle \u00e9tait absente de la liste r\u00e9elle des nomin\u00e9s.<\/p>\n<p>En fait, la liste des nomin\u00e9s pour la meilleure actrice contient Jessica Chastain (The Eyes of Tammy Faye), Olivia Colman (The Lost Daughter), Pen\u00e9lope Cruz (Parallel Mothers), Nicole Kidman (Being the Ricardos) et Kristen Stewart (Spencer). En revanche, pour le meilleur acteur, nous avons Javier Bardem (Being the Ricardos), Benedict Cumberbatch \/cumberbatch\/ (The Power of the Dog), Andrew Garfield (tick, tick &#8230; BOOM !), Will Smith (King Richard) et Denzel Washington (The Tragedy of Macbeth).<\/p>\n<p>La c\u00e9r\u00e9monie de l&#8217;ann\u00e9e derni\u00e8re, qui s&#8217;est d\u00e9roul\u00e9e \u00e0 l&#8217;Union Station de Los Angeles, \u00e9tait une c\u00e9r\u00e9monie exp\u00e9rimentale et socialement distante, qui a enregistr\u00e9 un taux d&#8217;audience record \u00e0 la t\u00e9l\u00e9vision. Et les d\u00e9tails de l&#8217;\u00e9v\u00e9nement de cette ann\u00e9e sont tr\u00e8s diff\u00e9rents de ce que nous attendions.<\/p>\n<p>Plusieurs oscars majeurs ne seront pas pr\u00e9sent\u00e9s \u00e0 l&#8217;antenne lors de la c\u00e9r\u00e9monie des Oscars de cette ann\u00e9e, dans le but de pr\u00e9senter une \u00e9mission plus rationnelle et plus adapt\u00e9e \u00e0 la t\u00e9l\u00e9vision. Huit prix seront d\u00e9cern\u00e9s lors de parties hors antenne de l&#8217;\u00e9mission, puis int\u00e9gr\u00e9s dans la retransmission. Les Oscars r\u00e9compensent 23 cat\u00e9gories au total, mais le spectacle a \u00e9t\u00e9 critiqu\u00e9 pour sa lenteur et ses taux d&#8217;audience ont baiss\u00e9 ces derni\u00e8res ann\u00e9es.<\/p>\n<p>Les prix qui seront remis plus t\u00f4t dans la c\u00e9r\u00e9monie et qui ne feront pas partie de la diffusion en direct sont ceux du court m\u00e9trage documentaire, du montage, du maquillage et de la coiffure, de la musique originale, de la conception de la production, du court m\u00e9trage d&#8217;animation, du court m\u00e9trage d&#8217;action et du son. La c\u00e9r\u00e9monie commencera une heure avant le d\u00e9but de la partie film\u00e9e, afin de permettre la mise en place de ces changements. Les nomin\u00e9s dans les cat\u00e9gories de prix qui seront d\u00e9cern\u00e9s avant le spectacle ont \u00e9t\u00e9 inform\u00e9s des changements lors d&#8217;un Zoom call mardi.<\/p>\n<p>En effet, la c\u00e9r\u00e9monie de l&#8217;ann\u00e9e derni\u00e8re a \u00e9t\u00e9 la moins regard\u00e9e de l&#8217;histoire des r\u00e9compenses, avec un petit nombre de t\u00e9l\u00e9spectateurs (9,23 millions) qui ont regard\u00e9 &#8220;Nomadland&#8221; remporter le meilleur film, soit une baisse de 51 % par rapport aux 18,69 millions de t\u00e9l\u00e9spectateurs qui avaient regard\u00e9 les Oscars de l&#8217;ann\u00e9e pr\u00e9c\u00e9dente. C&#8217;est la raison pour laquelle l&#8217;Acad\u00e9mie a pris la d\u00e9cision de modifier radicalement la retransmission du 27 mars, une d\u00e9cision qui exposera tr\u00e8s certainement le groupe \u00e0 la controverse et aux critiques.<\/p>\n<p>&#8220;Nous sommes conscients que ce type de changement peut susciter des inqui\u00e9tudes quant \u00e0 l&#8217;\u00e9quit\u00e9 et nous vous demandons de comprendre que notre objectif a \u00e9t\u00e9 de trouver un \u00e9quilibre dans lequel les nomin\u00e9s, les gagnants, les membres et le public ont tous une exp\u00e9rience enrichissante de ce spectacle&#8221;, a \u00e9crit le pr\u00e9sident de l&#8217;Acad\u00e9mie, David Rubin \/ruban\/, dans une lettre envoy\u00e9e aux membres du groupe.<\/p>\n<p>Je ne suis pas s\u00fbre d&#8217;\u00eatre enti\u00e8rement d&#8217;accord avec ce nouveau changement. Qu&#8217;en pensez-vous ? Quoi qu&#8217;il en soit, si vous souhaitez consulter la liste compl\u00e8te des nominations et savoir o\u00f9 vous pouvez regarder ces films avant la c\u00e9r\u00e9monie, rendez-vous sur notre portail fluency.io. Vous y trouverez un lien qui vous donnera la liste compl\u00e8te et un autre qui vous am\u00e8ne \u00e0 une page en ligne o\u00f9 vous pourrez trouver toutes les nominations.<\/p>\n<p>Perceberam que no in\u00edcio dessa not\u00edcia eu falei que a edi\u00e7\u00e3o da premia\u00e7\u00e3o<em> a lieu le 27 mars<\/em>? Essa constru\u00e7\u00e3o, <em>a lieu<\/em>, que vem de <em>avoir lieu<\/em>, \u00e9 usada para indicar o momento, dia, hora, que algum evento vai acontecer. Traduzindo literalmente, quer dizer \u2018ter lugar\u2019. Por exemplo, <em>l<\/em><a href=\"https:\/\/www.linternaute.fr\/dictionnaire\/fr\/definition\/leur\/\"><em>eur<\/em><\/a><em> <\/em><a href=\"https:\/\/www.linternaute.fr\/dictionnaire\/fr\/definition\/mariage\/\"><em>mariage<\/em><\/a><em> <\/em><a href=\"https:\/\/www.linternaute.fr\/dictionnaire\/fr\/definition\/va\/\"><em>va<\/em><\/a><em> <\/em><a href=\"https:\/\/www.linternaute.fr\/dictionnaire\/fr\/definition\/avoir\/\"><em>avoir<\/em><\/a><em> <\/em><a href=\"https:\/\/www.linternaute.fr\/dictionnaire\/fr\/definition\/lieu\/\"><em>lieu<\/em><\/a><em> <\/em><a href=\"https:\/\/www.linternaute.fr\/dictionnaire\/fr\/definition\/au\/\"><em>au<\/em><\/a><em> <\/em><a href=\"https:\/\/www.linternaute.fr\/dictionnaire\/fr\/definition\/mois\/\"><em>mois<\/em><\/a><em> <\/em><a href=\"https:\/\/www.linternaute.fr\/dictionnaire\/fr\/definition\/de-1\/\"><em>de<\/em><\/a><em> <\/em><a href=\"https:\/\/www.linternaute.fr\/dictionnaire\/fr\/definition\/juin\/\"><em>juin<\/em><\/a>, \u2018o casamento deles vai ter lugar no m\u00eas de junho\u2019, ou seja, o casamento vai acontecer, tem data marcada para o m\u00eas de junho. Beleza?<\/p>\n<p>Agora, uma outra coisa! A palavra prix, quando falamos em <em>le prix de la meilleure actrice<\/em>, quer dizer pr\u00eamio, certo? O \u2018pr\u00eamio de melhor atriz\u2019. Acontece que essa palavra tamb\u00e9m pode significar \u2018pre\u00e7o\u2019 em franc\u00eas, exemplo: <em>le prix du lait a trop augment\u00e9, <\/em>\u2018o pre\u00e7o do leite aumentou demais\u2019, percebem que \u00e9 exatamente a mesma palavrinha? Mas relaxa, o contexto sempre vai semre dizer qual \u00e9 o real significado dela no momento da fala! Ok?<\/p>\n<p>Alors, changeons un peu de sujet. Parlons maintenant de l&#8217;\u00e9mergence de l&#8217;Inde en tant que puissance \u00e9chiqu\u00e9enne.<\/p>\n<p>&#8220;Je veux <strong>juste<\/strong> me coucher&#8221;, a d\u00e9clar\u00e9 Pragg lundi apr\u00e8s avoir battu Magnus Carlsen, le joueur d&#8217;\u00e9checs le mieux class\u00e9 au monde, au Airthings Masters, un tournoi rapide en ligne.<\/p>\n<p>Ce gar\u00e7on de 16 ans \u00e0 l&#8217;allure fr\u00eale, originaire de la ville de Chennai, dans le sud de l&#8217;Inde, n&#8217;est pas \u00e9tranger au succ\u00e8s. \u00c0 10 ans, le gar\u00e7on est devenu le plus jeune ma\u00eetre international de l&#8217;histoire du jeu. Deux ans plus tard, en 2018, il \u00e9tait devenu le deuxi\u00e8me plus jeune grand ma\u00eetre d&#8217;\u00e9checs au monde \u00e0 l&#8217;\u00e9poque.<\/p>\n<p>Aujourd&#8217;hui, l&#8217;adolescent prodige a r\u00e9alis\u00e9 son &#8220;plus grand r\u00eave&#8221; en devenant le troisi\u00e8me Indien \u00e0 battre le grand ma\u00eetre norv\u00e9gien de 32 ans. Il a d\u00e9j\u00e0 attir\u00e9 l&#8217;attention du monde entier. &#8220;\u00c0 un \u00e2ge o\u00f9 les gar\u00e7ons \u00e9changeraient un bras et une jambe contre des heures interminables de jeu, il a perfectionn\u00e9 l&#8217;art de l&#8217;immobilit\u00e9 et de la concentration dans un sport qui est tout sauf le pr\u00e9f\u00e9r\u00e9 des adolescents&#8221;, a not\u00e9 Susan Ninan \/nain\u00e3n\/, qui couvre les \u00e9checs pour ESPN India, dans un article de 2018 au titre pr\u00e9monitoire, Le gar\u00e7on qui pourrait \u00eatre roi.<\/p>\n<p>Avant la pand\u00e9mie, Pragg passait 15 jours par mois sur la route, parcourant le monde pour des tournois. Comme beaucoup d&#8217;autres de sa g\u00e9n\u00e9ration, il s&#8217;est mis aux \u00e9checs, inspir\u00e9 par Viswanathan Anand, qui a r\u00e9volutionn\u00e9 ce sport dans le pays. Aujourd&#8217;hui, l&#8217;Inde compte sept joueurs class\u00e9s parmi les 100 premiers mondiaux. Anand, 52 ans, est toujours le mieux class\u00e9 (16e) parmi ces sept joueurs.<\/p>\n<p>Mais pour l&#8217;instant, Pragg est sous les projecteurs des \u00e9checs &#8211; \u00e0 nouveau. &#8220;Il pense qu&#8217;il n&#8217;est qu&#8217;au d\u00e9but de son parcours et qu&#8217;il a encore beaucoup \u00e0 accomplir&#8221;, a d\u00e9clar\u00e9 son entra\u00eeneur. &#8220;Vous entendrez davantage parler de lui \u00e0 l&#8217;avenir&#8221;.<\/p>\n<p>\u200d<\/p>\n<p><em>Je veux juste me coucher, <\/em>\u2018eu s\u00f3 quero ir dormir\u2019. Nessa declara\u00e7\u00e3o que aparece na nossa segunda not\u00edcia, temos a palavra <em>juste<\/em> significando \u2018s\u00f3\u2019, \u2018somente\u2019, \u2018apenas\u2019 em portugu\u00eas. At\u00e9 a\u00ed tudo bem, n\u00e9? Mas essa mesma palavrinha pode ter outros significados dependendo do contexto que a empregamos. Por exemplo: <em>ta d\u00e9cision est juste !<\/em>, a sua decis\u00e3o \u00e9 justa!. Diferente da frase da not\u00edcia, nesse exemplo, a palavra tem sentido de justi\u00e7a. Bora ver outro exemplo: <em>mon pantalon est trop juste<\/em>, minha cal\u00e7a est\u00e1 apertada demais. Aqui j\u00e1 temos um outro sentido! Um sin\u00f4nimo de juste nessa situa\u00e7\u00e3o seria <em>serr\u00e9<\/em>, mon pantalon est trop serr\u00e9. Mas voltando ao <em>sujet<\/em> do in\u00edcio, <em>Je veux juste me coucher <\/em>tamb\u00e9m poderia ser dita da seguinte forma:<em> je veux seulement me coucher<\/em>. Ent\u00e3o vemos que <em>seulement <\/em>e <em>juste <\/em>s\u00e3o palavras sin\u00f4nimas!! Certo? J\u00e1 anotem por a\u00ed essa dica!<\/p>\n<p>\u200d<\/p>\n<p>Savez-vous quand vous \u00e9coutez votre chanteur pr\u00e9f\u00e9r\u00e9, ses chansons vous touchent \u00e0 un autre niveau ? Diriez-vous que cela se produit parce que nous avons des sentiments pour eux ou parce que nous sommes c\u00e2bl\u00e9s pour \u00e9prouver cette sensation ? Eh bien, une \u00e9tude r\u00e9cente montre qu&#8217;une partie de notre cerveau r\u00e9agit de mani\u00e8re s\u00e9lective au son du chant.<\/p>\n<p>Des chercheurs affirment avoir trouv\u00e9 des groupes particuliers de neurones qui semblent r\u00e9pondre s\u00e9lectivement au son du chant. Dans la revue Current Biology, une \u00e9quipe de scientifiques am\u00e9ricains explique comment elle a fait cette d\u00e9couverte en enregistrant l&#8217;activit\u00e9 \u00e9lectrique dans le cerveau de 15 participants, chacun d&#8217;entre eux ayant des \u00e9lectrodes ins\u00e9r\u00e9es dans le cr\u00e2ne pour surveiller les changements.<\/p>\n<p>L&#8217;\u00e9quipe a enregistr\u00e9 l&#8217;activit\u00e9 \u00e9lectrique en r\u00e9ponse \u00e0 165 sons diff\u00e9rents, allant de morceaux de musique instrumentale \u00e0 des paroles et des sons tels que des aboiements de chiens, puis les a trait\u00e9s \u00e0 l&#8217;aide d&#8217;un algorithme.<\/p>\n<p>Gr\u00e2ce \u00e0 ces donn\u00e9es, ils ont d\u00e9couvert que certains neurones ne r\u00e9pondent qu&#8217;\u00e0 la parole ou r\u00e9agissent plus fortement \u00e0 la musique. Cependant, ils ont \u00e9galement r\u00e9v\u00e9l\u00e9 des populations de neurones qui semblent r\u00e9pondre s\u00e9lectivement au son du chant, ne montrant que des r\u00e9ponses tr\u00e8s faibles aux autres types de musique ou \u00e0 la parole seule.<\/p>\n<p>Sophie Scott, professeur de neurosciences cognitives \u00e0 l&#8217;University College London, qui n&#8217;a pas particip\u00e9 \u00e0 la recherche, a salu\u00e9 cette \u00e9tude. &#8220;La voix chant\u00e9e est le seul instrument de musique avec lequel presque tout le monde na\u00eet. On pourrait donc s&#8217;attendre \u00e0 ce que nous ayons une relation assez diff\u00e9rente avec le chant humain, par rapport aux autres types de musique&#8221;, a-t-elle d\u00e9clar\u00e9.<\/p>\n<p>Le Dr Ediz Sohoglu \/sorroglo\/, sp\u00e9cialiste des neurosciences cognitives \u00e0 l&#8217;universit\u00e9 du Sussex \/s\u00e3sex\/, a d\u00e9clar\u00e9 que ces r\u00e9sultats \u00e9taient frappants. &#8220;L&#8217;une des questions int\u00e9ressantes qui se posent est de savoir pourquoi le cerveau a \u00e9volu\u00e9 ou a \u00e9t\u00e9 fa\u00e7onn\u00e9 par l&#8217;exp\u00e9rience pour d\u00e9velopper des neurones aussi sp\u00e9cialis\u00e9s. Pourquoi ne pas simplement utiliser les m\u00eames neurones de mani\u00e8re polyvalente pour traiter plusieurs types de sons ?<\/p>\n<p>&#8220;L&#8217;une des possibilit\u00e9s est que le fait d&#8217;avoir des neurones sp\u00e9cialis\u00e9s aide l&#8217;auditeur \u00e0 se concentrer sur certains sons dans des environnements bruyants. Par exemple, si j&#8217;\u00e9coute mon chanteur pr\u00e9f\u00e9r\u00e9 lors d&#8217;un concert, je pourrais trouver plus facile d&#8217;ignorer la conversation bruyante derri\u00e8re moi.&#8221;<\/p>\n<p>Oh, et si vous voulez lire l&#8217;\u00e9tude enti\u00e8re, sur notre portail, fluency.io, il y a un lien qui vous am\u00e8ne \u00e0 cet &#8216;article. \u00c7a vaut la peine de le lire !<\/p>\n<p>\u200d<\/p>\n<p>Comme nous avons commenc\u00e9 l&#8217;\u00e9pisode d&#8217;aujourd&#8217;hui en parlant de films, j&#8217;aimerais partager avec vous quelques films qui pourraient \u00eatre consid\u00e9r\u00e9s comme les meilleurs \u00e0 regarder le mois de mars.<\/p>\n<p>Le premier, bien s\u00fbr, est la premi\u00e8re sortie de Robert Pattinson dans le r\u00f4le de Batman, qui promet d&#8217;\u00eatre diff\u00e9rent de tout ce que nous avons l&#8217;habitude de voir avec les autres Batman. Alors, retenez la date car The Batman sortira sur les \u00e9crans internationaux le 4 mars.<\/p>\n<p>Un autre film int\u00e9ressant pourrait \u00eatre The Lost City, avec Sandra Bullock, qui est dans la m\u00eame veine que le classique Romancing The Stone de 1984. Pour ceux qui n&#8217;ont pas vu Harry Potter sur grand \u00e9cran, Dan Radcliffe fait \u00e9galement partie de ce film. The Lost City sortira le 25 mars aux \u00c9tats-Unis, au Canada et en France. Au Br\u00e9sil, il sortira le 21 avril.<\/p>\n<p>Le dernier film que je vais vous pr\u00e9senter aujourd&#8217;hui est le dernier film d&#8217;animation Pixar : Turning Red. Turning Red est le premier film d&#8217;animation Pixar \u00e0 \u00eatre r\u00e9alis\u00e9 uniquement par une femme, le premier \u00e0 se d\u00e9rouler au Canada et le premier \u00e0 \u00eatre bas\u00e9 sur une h\u00e9ro\u00efne issue d&#8217;une famille asiatique. Mei Lee se transforme en un \u00e9norme panda rouge lorsqu&#8217;elle est stress\u00e9e. La r\u00e9alisatrice, Domee Shi, s&#8217;est inspir\u00e9e des dessins anim\u00e9s japonais qu&#8217;elle regardait lorsqu&#8217;elle avait l&#8217;\u00e2ge de Mei, au d\u00e9but des ann\u00e9es 2000. Jusqu&#8217;\u00e0 pr\u00e9sent, celui-ci semble \u00eatre mon pr\u00e9f\u00e9r\u00e9 ! Il sera sur Disney + \u00e0 partir du 11 mars.<\/p>\n<p>E se voc\u00ea quer chegar \u00e0 flu\u00eancia em ingl\u00eas, espanhol, franc\u00eas, italiano, alem\u00e3o, japon\u00eas, mandarim e agora com o nosso novo idioma, coreano, inscreva-se na nossa lista de espera! Nela, voc\u00ea vai ficar sabendo assim que abrirem novas turmas! Desse jeito voc\u00ea n\u00e3o arrisca perder a sua vaga e ficar meses esperando uma nova chance!<\/p>\n<p>Para se inscrever \u00e9 s\u00f3 apertar no link na descri\u00e7\u00e3o desse epis\u00f3dio!<\/p>\n<p>Et n&#8217;oubliez pas, il y a un nouvel \u00e9pisode de Fluency News chaque semaine, nous vous attendrons avec de nouvelles histoires, \u00e0 bient\u00f4t !<br \/>\nBisous et \u00e0 la prochaine !<\/p>\n","protected":false},"excerpt":{"rendered":"<p>Quoi de neuf, tout le monde ! Voici notre nouvel \u00e9pisode de Fluency News version fran\u00e7aise.<\/p>\n","protected":false},"author":6,"featured_media":64549,"comment_status":"open","ping_status":"open","sticky":false,"template":"","format":[183],"meta":{"inline_featured_image":false,"footnotes":""},"categories":[164],"tags":[],"trilha":[],"class_list":["post-64548","post","type-post","status-publish","format-standard","has-post-thumbnail","hentry","category-dia-a-dia","tipo-podcast-fluency-news","format-podcast"],"acf":[],"yoast_head":"<!-- This site is optimized with the Yoast SEO plugin v27.4 - https:\/\/yoast.com\/product\/yoast-seo-wordpress\/ -->\n<title>Fluency News Franc\u00eas: Not\u00edcias da semana 58 em Franc\u00eas para treinar o idioma<\/title>\n<meta name=\"description\" content=\"Quoi de neuf, tout le monde ! Voici notre nouvel \u00e9pisode de Fluency News version fran\u00e7aise.\" \/>\n<meta name=\"robots\" content=\"noindex, follow, max-snippet:-1, max-image-preview:large, max-video-preview:-1\" \/>\n<meta property=\"og:locale\" content=\"pt_BR\" \/>\n<meta property=\"og:type\" content=\"article\" \/>\n<meta property=\"og:title\" content=\"Fluency News Franc\u00eas: Not\u00edcias da semana 58 em Franc\u00eas para treinar o idioma\" \/>\n<meta property=\"og:description\" content=\"Quoi de neuf, tout le monde ! Voici notre nouvel \u00e9pisode de Fluency News version fran\u00e7aise.\" \/>\n<meta property=\"og:url\" content=\"https:\/\/fluency.io\/br\/blog\/fluency-news-frances-58\/\" \/>\n<meta property=\"og:site_name\" content=\"Fluency.io Brasil\" \/>\n<meta property=\"article:published_time\" content=\"2022-03-06T17:30:00+00:00\" \/>\n<meta property=\"article:modified_time\" content=\"2024-08-26T14:29:10+00:00\" \/>\n<meta property=\"og:image\" content=\"https:\/\/fluency.io\/br\/wp-content\/uploads\/sites\/3\/2023\/12\/6223a23f2970d8bb5216b483_FRA_Fluency-News_58_THUMB-PORTAL.jpg\" \/>\n\t<meta property=\"og:image:width\" content=\"1210\" \/>\n\t<meta property=\"og:image:height\" content=\"680\" \/>\n\t<meta property=\"og:image:type\" content=\"image\/jpeg\" \/>\n<meta name=\"twitter:card\" content=\"summary_large_image\" \/>\n<meta name=\"twitter:label1\" content=\"Escrito por\" \/>\n\t<meta name=\"twitter:data1\" content=\"marcelo\" \/>\n\t<meta name=\"twitter:label2\" content=\"Est. tempo de leitura\" \/>\n\t<meta name=\"twitter:data2\" content=\"12 minutos\" \/>\n<script type=\"application\/ld+json\" class=\"yoast-schema-graph\">{\"@context\":\"https:\\\/\\\/schema.org\",\"@graph\":[{\"@type\":\"Article\",\"@id\":\"https:\\\/\\\/fluency.io\\\/br\\\/blog\\\/fluency-news-frances-58\\\/#article\",\"isPartOf\":{\"@id\":\"https:\\\/\\\/fluency.io\\\/br\\\/blog\\\/fluency-news-frances-58\\\/\"},\"author\":{\"name\":\"marcelo\",\"@id\":\"https:\\\/\\\/homolog.fluency.io\\\/br\\\/#\\\/schema\\\/person\\\/395d83f1006a72bd4912230eea50ff6f\"},\"headline\":\"Fluency News Franc\u00eas: Not\u00edcias da semana 58 em Franc\u00eas para treinar o idioma\",\"datePublished\":\"2022-03-06T17:30:00+00:00\",\"dateModified\":\"2024-08-26T14:29:10+00:00\",\"mainEntityOfPage\":{\"@id\":\"https:\\\/\\\/fluency.io\\\/br\\\/blog\\\/fluency-news-frances-58\\\/\"},\"wordCount\":2546,\"commentCount\":0,\"image\":{\"@id\":\"https:\\\/\\\/fluency.io\\\/br\\\/blog\\\/fluency-news-frances-58\\\/#primaryimage\"},\"thumbnailUrl\":\"https:\\\/\\\/homolog.fluency.io\\\/br\\\/wp-content\\\/uploads\\\/sites\\\/3\\\/2023\\\/12\\\/6223a23f2970d8bb5216b483_FRA_Fluency-News_58_THUMB-PORTAL.jpg\",\"articleSection\":[\"Dia a dia\"],\"inLanguage\":\"pt-BR\",\"potentialAction\":[{\"@type\":\"CommentAction\",\"name\":\"Comment\",\"target\":[\"https:\\\/\\\/fluency.io\\\/br\\\/blog\\\/fluency-news-frances-58\\\/#respond\"]}]},{\"@type\":\"WebPage\",\"@id\":\"https:\\\/\\\/fluency.io\\\/br\\\/blog\\\/fluency-news-frances-58\\\/\",\"url\":\"https:\\\/\\\/fluency.io\\\/br\\\/blog\\\/fluency-news-frances-58\\\/\",\"name\":\"Fluency News Franc\u00eas: Not\u00edcias da semana 58 em Franc\u00eas para treinar o idioma\",\"isPartOf\":{\"@id\":\"https:\\\/\\\/homolog.fluency.io\\\/br\\\/#website\"},\"primaryImageOfPage\":{\"@id\":\"https:\\\/\\\/fluency.io\\\/br\\\/blog\\\/fluency-news-frances-58\\\/#primaryimage\"},\"image\":{\"@id\":\"https:\\\/\\\/fluency.io\\\/br\\\/blog\\\/fluency-news-frances-58\\\/#primaryimage\"},\"thumbnailUrl\":\"https:\\\/\\\/homolog.fluency.io\\\/br\\\/wp-content\\\/uploads\\\/sites\\\/3\\\/2023\\\/12\\\/6223a23f2970d8bb5216b483_FRA_Fluency-News_58_THUMB-PORTAL.jpg\",\"datePublished\":\"2022-03-06T17:30:00+00:00\",\"dateModified\":\"2024-08-26T14:29:10+00:00\",\"author\":{\"@id\":\"https:\\\/\\\/homolog.fluency.io\\\/br\\\/#\\\/schema\\\/person\\\/395d83f1006a72bd4912230eea50ff6f\"},\"description\":\"Quoi de neuf, tout le monde ! Voici notre nouvel \u00e9pisode de Fluency News version fran\u00e7aise.\",\"breadcrumb\":{\"@id\":\"https:\\\/\\\/fluency.io\\\/br\\\/blog\\\/fluency-news-frances-58\\\/#breadcrumb\"},\"inLanguage\":\"pt-BR\",\"potentialAction\":[{\"@type\":\"ReadAction\",\"target\":[\"https:\\\/\\\/fluency.io\\\/br\\\/blog\\\/fluency-news-frances-58\\\/\"]}]},{\"@type\":\"ImageObject\",\"inLanguage\":\"pt-BR\",\"@id\":\"https:\\\/\\\/fluency.io\\\/br\\\/blog\\\/fluency-news-frances-58\\\/#primaryimage\",\"url\":\"https:\\\/\\\/homolog.fluency.io\\\/br\\\/wp-content\\\/uploads\\\/sites\\\/3\\\/2023\\\/12\\\/6223a23f2970d8bb5216b483_FRA_Fluency-News_58_THUMB-PORTAL.jpg\",\"contentUrl\":\"https:\\\/\\\/homolog.fluency.io\\\/br\\\/wp-content\\\/uploads\\\/sites\\\/3\\\/2023\\\/12\\\/6223a23f2970d8bb5216b483_FRA_Fluency-News_58_THUMB-PORTAL.jpg\",\"width\":1210,\"height\":680,\"caption\":\"fluency-academy\"},{\"@type\":\"BreadcrumbList\",\"@id\":\"https:\\\/\\\/fluency.io\\\/br\\\/blog\\\/fluency-news-frances-58\\\/#breadcrumb\",\"itemListElement\":[{\"@type\":\"ListItem\",\"position\":1,\"name\":\"In\u00edcio\",\"item\":\"https:\\\/\\\/homolog.fluency.io\\\/br\\\/\"},{\"@type\":\"ListItem\",\"position\":2,\"name\":\"Fluency News Franc\u00eas: Not\u00edcias da semana 58 em Franc\u00eas para treinar o idioma\"}]},{\"@type\":\"WebSite\",\"@id\":\"https:\\\/\\\/homolog.fluency.io\\\/br\\\/#website\",\"url\":\"https:\\\/\\\/homolog.fluency.io\\\/br\\\/\",\"name\":\"Fluency.io Brasil\",\"description\":\"\",\"potentialAction\":[{\"@type\":\"SearchAction\",\"target\":{\"@type\":\"EntryPoint\",\"urlTemplate\":\"https:\\\/\\\/homolog.fluency.io\\\/br\\\/?s={search_term_string}\"},\"query-input\":{\"@type\":\"PropertyValueSpecification\",\"valueRequired\":true,\"valueName\":\"search_term_string\"}}],\"inLanguage\":\"pt-BR\"},{\"@type\":\"Person\",\"@id\":\"https:\\\/\\\/homolog.fluency.io\\\/br\\\/#\\\/schema\\\/person\\\/395d83f1006a72bd4912230eea50ff6f\",\"name\":\"marcelo\",\"image\":{\"@type\":\"ImageObject\",\"inLanguage\":\"pt-BR\",\"@id\":\"https:\\\/\\\/secure.gravatar.com\\\/avatar\\\/9050681441880d21ef4048d38965a107dc5b77bf302f57fa3939973bdafa41d8?s=96&d=mm&r=g\",\"url\":\"https:\\\/\\\/secure.gravatar.com\\\/avatar\\\/9050681441880d21ef4048d38965a107dc5b77bf302f57fa3939973bdafa41d8?s=96&d=mm&r=g\",\"contentUrl\":\"https:\\\/\\\/secure.gravatar.com\\\/avatar\\\/9050681441880d21ef4048d38965a107dc5b77bf302f57fa3939973bdafa41d8?s=96&d=mm&r=g\",\"caption\":\"marcelo\"},\"url\":\"https:\\\/\\\/homolog.fluency.io\\\/br\\\/author\\\/marcelo\\\/\"}]}<\/script>\n<!-- \/ Yoast SEO plugin. -->","yoast_head_json":{"title":"Fluency News Franc\u00eas: Not\u00edcias da semana 58 em Franc\u00eas para treinar o idioma","description":"Quoi de neuf, tout le monde ! Voici notre nouvel \u00e9pisode de Fluency News version fran\u00e7aise.","robots":{"index":"noindex","follow":"follow","max-snippet":"max-snippet:-1","max-image-preview":"max-image-preview:large","max-video-preview":"max-video-preview:-1"},"og_locale":"pt_BR","og_type":"article","og_title":"Fluency News Franc\u00eas: Not\u00edcias da semana 58 em Franc\u00eas para treinar o idioma","og_description":"Quoi de neuf, tout le monde ! Voici notre nouvel \u00e9pisode de Fluency News version fran\u00e7aise.","og_url":"https:\/\/fluency.io\/br\/blog\/fluency-news-frances-58\/","og_site_name":"Fluency.io Brasil","article_published_time":"2022-03-06T17:30:00+00:00","article_modified_time":"2024-08-26T14:29:10+00:00","og_image":[{"width":1210,"height":680,"url":"https:\/\/fluency.io\/br\/wp-content\/uploads\/sites\/3\/2023\/12\/6223a23f2970d8bb5216b483_FRA_Fluency-News_58_THUMB-PORTAL.jpg","type":"image\/jpeg"}],"twitter_card":"summary_large_image","twitter_misc":{"Escrito por":"marcelo","Est. tempo de leitura":"12 minutos"},"schema":{"@context":"https:\/\/schema.org","@graph":[{"@type":"Article","@id":"https:\/\/fluency.io\/br\/blog\/fluency-news-frances-58\/#article","isPartOf":{"@id":"https:\/\/fluency.io\/br\/blog\/fluency-news-frances-58\/"},"author":{"name":"marcelo","@id":"https:\/\/homolog.fluency.io\/br\/#\/schema\/person\/395d83f1006a72bd4912230eea50ff6f"},"headline":"Fluency News Franc\u00eas: Not\u00edcias da semana 58 em Franc\u00eas para treinar o idioma","datePublished":"2022-03-06T17:30:00+00:00","dateModified":"2024-08-26T14:29:10+00:00","mainEntityOfPage":{"@id":"https:\/\/fluency.io\/br\/blog\/fluency-news-frances-58\/"},"wordCount":2546,"commentCount":0,"image":{"@id":"https:\/\/fluency.io\/br\/blog\/fluency-news-frances-58\/#primaryimage"},"thumbnailUrl":"https:\/\/homolog.fluency.io\/br\/wp-content\/uploads\/sites\/3\/2023\/12\/6223a23f2970d8bb5216b483_FRA_Fluency-News_58_THUMB-PORTAL.jpg","articleSection":["Dia a dia"],"inLanguage":"pt-BR","potentialAction":[{"@type":"CommentAction","name":"Comment","target":["https:\/\/fluency.io\/br\/blog\/fluency-news-frances-58\/#respond"]}]},{"@type":"WebPage","@id":"https:\/\/fluency.io\/br\/blog\/fluency-news-frances-58\/","url":"https:\/\/fluency.io\/br\/blog\/fluency-news-frances-58\/","name":"Fluency News Franc\u00eas: Not\u00edcias da semana 58 em Franc\u00eas para treinar o idioma","isPartOf":{"@id":"https:\/\/homolog.fluency.io\/br\/#website"},"primaryImageOfPage":{"@id":"https:\/\/fluency.io\/br\/blog\/fluency-news-frances-58\/#primaryimage"},"image":{"@id":"https:\/\/fluency.io\/br\/blog\/fluency-news-frances-58\/#primaryimage"},"thumbnailUrl":"https:\/\/homolog.fluency.io\/br\/wp-content\/uploads\/sites\/3\/2023\/12\/6223a23f2970d8bb5216b483_FRA_Fluency-News_58_THUMB-PORTAL.jpg","datePublished":"2022-03-06T17:30:00+00:00","dateModified":"2024-08-26T14:29:10+00:00","author":{"@id":"https:\/\/homolog.fluency.io\/br\/#\/schema\/person\/395d83f1006a72bd4912230eea50ff6f"},"description":"Quoi de neuf, tout le monde ! Voici notre nouvel \u00e9pisode de Fluency News version fran\u00e7aise.","breadcrumb":{"@id":"https:\/\/fluency.io\/br\/blog\/fluency-news-frances-58\/#breadcrumb"},"inLanguage":"pt-BR","potentialAction":[{"@type":"ReadAction","target":["https:\/\/fluency.io\/br\/blog\/fluency-news-frances-58\/"]}]},{"@type":"ImageObject","inLanguage":"pt-BR","@id":"https:\/\/fluency.io\/br\/blog\/fluency-news-frances-58\/#primaryimage","url":"https:\/\/homolog.fluency.io\/br\/wp-content\/uploads\/sites\/3\/2023\/12\/6223a23f2970d8bb5216b483_FRA_Fluency-News_58_THUMB-PORTAL.jpg","contentUrl":"https:\/\/homolog.fluency.io\/br\/wp-content\/uploads\/sites\/3\/2023\/12\/6223a23f2970d8bb5216b483_FRA_Fluency-News_58_THUMB-PORTAL.jpg","width":1210,"height":680,"caption":"fluency-academy"},{"@type":"BreadcrumbList","@id":"https:\/\/fluency.io\/br\/blog\/fluency-news-frances-58\/#breadcrumb","itemListElement":[{"@type":"ListItem","position":1,"name":"In\u00edcio","item":"https:\/\/homolog.fluency.io\/br\/"},{"@type":"ListItem","position":2,"name":"Fluency News Franc\u00eas: Not\u00edcias da semana 58 em Franc\u00eas para treinar o idioma"}]},{"@type":"WebSite","@id":"https:\/\/homolog.fluency.io\/br\/#website","url":"https:\/\/homolog.fluency.io\/br\/","name":"Fluency.io Brasil","description":"","potentialAction":[{"@type":"SearchAction","target":{"@type":"EntryPoint","urlTemplate":"https:\/\/homolog.fluency.io\/br\/?s={search_term_string}"},"query-input":{"@type":"PropertyValueSpecification","valueRequired":true,"valueName":"search_term_string"}}],"inLanguage":"pt-BR"},{"@type":"Person","@id":"https:\/\/homolog.fluency.io\/br\/#\/schema\/person\/395d83f1006a72bd4912230eea50ff6f","name":"marcelo","image":{"@type":"ImageObject","inLanguage":"pt-BR","@id":"https:\/\/secure.gravatar.com\/avatar\/9050681441880d21ef4048d38965a107dc5b77bf302f57fa3939973bdafa41d8?s=96&d=mm&r=g","url":"https:\/\/secure.gravatar.com\/avatar\/9050681441880d21ef4048d38965a107dc5b77bf302f57fa3939973bdafa41d8?s=96&d=mm&r=g","contentUrl":"https:\/\/secure.gravatar.com\/avatar\/9050681441880d21ef4048d38965a107dc5b77bf302f57fa3939973bdafa41d8?s=96&d=mm&r=g","caption":"marcelo"},"url":"https:\/\/homolog.fluency.io\/br\/author\/marcelo\/"}]}},"_links":{"self":[{"href":"https:\/\/homolog.fluency.io\/br\/wp-json\/wp\/v2\/posts\/64548","targetHints":{"allow":["GET"]}}],"collection":[{"href":"https:\/\/homolog.fluency.io\/br\/wp-json\/wp\/v2\/posts"}],"about":[{"href":"https:\/\/homolog.fluency.io\/br\/wp-json\/wp\/v2\/types\/post"}],"author":[{"embeddable":true,"href":"https:\/\/homolog.fluency.io\/br\/wp-json\/wp\/v2\/users\/6"}],"replies":[{"embeddable":true,"href":"https:\/\/homolog.fluency.io\/br\/wp-json\/wp\/v2\/comments?post=64548"}],"version-history":[{"count":1,"href":"https:\/\/homolog.fluency.io\/br\/wp-json\/wp\/v2\/posts\/64548\/revisions"}],"predecessor-version":[{"id":68875,"href":"https:\/\/homolog.fluency.io\/br\/wp-json\/wp\/v2\/posts\/64548\/revisions\/68875"}],"wp:featuredmedia":[{"embeddable":true,"href":"https:\/\/homolog.fluency.io\/br\/wp-json\/wp\/v2\/media\/64549"}],"wp:attachment":[{"href":"https:\/\/homolog.fluency.io\/br\/wp-json\/wp\/v2\/media?parent=64548"}],"wp:term":[{"taxonomy":"category","embeddable":true,"href":"https:\/\/homolog.fluency.io\/br\/wp-json\/wp\/v2\/categories?post=64548"},{"taxonomy":"post_tag","embeddable":true,"href":"https:\/\/homolog.fluency.io\/br\/wp-json\/wp\/v2\/tags?post=64548"},{"taxonomy":"format","embeddable":true,"href":"https:\/\/homolog.fluency.io\/br\/wp-json\/wp\/v2\/format?post=64548"},{"taxonomy":"trilha","embeddable":true,"href":"https:\/\/homolog.fluency.io\/br\/wp-json\/wp\/v2\/trilha?post=64548"}],"curies":[{"name":"wp","href":"https:\/\/api.w.org\/{rel}","templated":true}]}}