{"id":64776,"date":"2021-06-24T17:30:00","date_gmt":"2021-06-24T17:30:00","guid":{"rendered":"https:\/\/fluency.io\/br\/blog\/go-getter-frances-01-qual-e-a-postura-profissional-francesa\/"},"modified":"2024-08-26T11:30:12","modified_gmt":"2024-08-26T14:30:12","slug":"go-getter-frances-01-qual-e-a-postura-profissional-francesa","status":"publish","type":"post","link":"https:\/\/homolog.fluency.io\/br\/blog\/go-getter-frances-01-qual-e-a-postura-profissional-francesa\/","title":{"rendered":"Go Getter Franc\u00eas #01 &#8211; Qual \u00e9 a postura profissional francesa?"},"content":{"rendered":"<p>Ser\u00e1 que o mercado de trabalho na Fran\u00e7a \u00e9 muito diferente do brasileiro? O que te ajudaria a se destacar e o que poderia te prejudicar em uma empresa francesa? Se voc\u00ea tem essas ou outras d\u00favidas sobre o mundo dos neg\u00f3cios, saiba que estamos aqui para te ajudar! E para isso, criamos um novo podcast, o <em>Go Getter version fran\u00e7aise,<\/em> focado no mercado de trabalho franc\u00f3fono.<\/p>\n<p>\u200d<br \/>\nSe voc\u00ea viu a s\u00e9rie da Netflix <em>Emily em Paris<\/em>, talvez possa ter se surpreendido com alguns comportamentos representados pelos personagens, e o nosso primeiro epis\u00f3dio deste novo segmento de podcasts vai te dizer quais deles s\u00e3o reais e quais s\u00e3o mera fantasia. Para conferir, basta clicar no link que est\u00e1 na descri\u00e7\u00e3o. <em>\u00c0 toute !<\/em><\/p>\n","protected":false},"excerpt":{"rendered":"<p>Bem-vindo ao primeiro Go Getter de Franc\u00eas, o seu podcast sobre neg\u00f3cios!<\/p>\n","protected":false},"author":6,"featured_media":64777,"comment_status":"open","ping_status":"open","sticky":false,"template":"","format":[186],"meta":{"inline_featured_image":false,"footnotes":""},"categories":[229],"tags":[],"trilha":[],"class_list":["post-64776","post","type-post","status-publish","format-standard","has-post-thumbnail","hentry","category-skills","tipo-podcast-go-getter","format-artigos"],"acf":[],"yoast_head":"<!-- This site is optimized with the Yoast SEO plugin v27.4 - https:\/\/yoast.com\/product\/yoast-seo-wordpress\/ -->\n<title>Go Getter Franc\u00eas #01 - Qual \u00e9 a postura profissional francesa?<\/title>\n<meta name=\"description\" content=\"Bem-vindo ao primeiro Go Getter de Franc\u00eas, o seu podcast sobre neg\u00f3cios!...\" \/>\n<meta name=\"robots\" content=\"noindex, follow, max-snippet:-1, max-image-preview:large, max-video-preview:-1\" \/>\n<meta property=\"og:locale\" content=\"pt_BR\" \/>\n<meta property=\"og:type\" content=\"article\" \/>\n<meta property=\"og:title\" content=\"Go Getter Franc\u00eas #01 - Qual \u00e9 a postura profissional francesa?\" \/>\n<meta property=\"og:description\" content=\"Bem-vindo ao primeiro Go Getter de Franc\u00eas, o seu podcast sobre neg\u00f3cios!...\" \/>\n<meta property=\"og:url\" content=\"https:\/\/homolog.fluency.io\/br\/blog\/go-getter-frances-01-qual-e-a-postura-profissional-francesa\/\" \/>\n<meta property=\"og:site_name\" content=\"Fluency.io Brasil\" \/>\n<meta property=\"article:published_time\" content=\"2021-06-24T17:30:00+00:00\" \/>\n<meta property=\"article:modified_time\" content=\"2024-08-26T14:30:12+00:00\" \/>\n<meta property=\"og:image\" content=\"https:\/\/homolog.fluency.io\/br\/wp-content\/uploads\/sites\/3\/2023\/12\/60d4ebf6f9510701cace0f94_FRA_GO-GETTER_01_THUMB_PORTAL.jpg\" \/>\n\t<meta property=\"og:image:width\" content=\"1210\" \/>\n\t<meta property=\"og:image:height\" content=\"680\" \/>\n\t<meta property=\"og:image:type\" content=\"image\/jpeg\" \/>\n<meta name=\"twitter:card\" content=\"summary_large_image\" \/>\n<meta name=\"twitter:label1\" content=\"Escrito por\" \/>\n\t<meta name=\"twitter:data1\" content=\"marcelo\" \/>\n\t<meta name=\"twitter:label2\" content=\"Est. tempo de leitura\" \/>\n\t<meta name=\"twitter:data2\" content=\"1 minuto\" \/>\n<script type=\"application\/ld+json\" class=\"yoast-schema-graph\">{\"@context\":\"https:\\\/\\\/schema.org\",\"@graph\":[{\"@type\":\"Article\",\"@id\":\"https:\\\/\\\/homolog.fluency.io\\\/br\\\/blog\\\/go-getter-frances-01-qual-e-a-postura-profissional-francesa\\\/#article\",\"isPartOf\":{\"@id\":\"https:\\\/\\\/homolog.fluency.io\\\/br\\\/blog\\\/go-getter-frances-01-qual-e-a-postura-profissional-francesa\\\/\"},\"author\":{\"name\":\"marcelo\",\"@id\":\"https:\\\/\\\/homolog.fluency.io\\\/br\\\/#\\\/schema\\\/person\\\/395d83f1006a72bd4912230eea50ff6f\"},\"headline\":\"Go Getter Franc\u00eas #01 &#8211; Qual \u00e9 a postura profissional francesa?\",\"datePublished\":\"2021-06-24T17:30:00+00:00\",\"dateModified\":\"2024-08-26T14:30:12+00:00\",\"mainEntityOfPage\":{\"@id\":\"https:\\\/\\\/homolog.fluency.io\\\/br\\\/blog\\\/go-getter-frances-01-qual-e-a-postura-profissional-francesa\\\/\"},\"wordCount\":140,\"commentCount\":0,\"image\":{\"@id\":\"https:\\\/\\\/homolog.fluency.io\\\/br\\\/blog\\\/go-getter-frances-01-qual-e-a-postura-profissional-francesa\\\/#primaryimage\"},\"thumbnailUrl\":\"https:\\\/\\\/homolog.fluency.io\\\/br\\\/wp-content\\\/uploads\\\/sites\\\/3\\\/2023\\\/12\\\/60d4ebf6f9510701cace0f94_FRA_GO-GETTER_01_THUMB_PORTAL.jpg\",\"articleSection\":[\"Skills\"],\"inLanguage\":\"pt-BR\",\"potentialAction\":[{\"@type\":\"CommentAction\",\"name\":\"Comment\",\"target\":[\"https:\\\/\\\/homolog.fluency.io\\\/br\\\/blog\\\/go-getter-frances-01-qual-e-a-postura-profissional-francesa\\\/#respond\"]}]},{\"@type\":\"WebPage\",\"@id\":\"https:\\\/\\\/homolog.fluency.io\\\/br\\\/blog\\\/go-getter-frances-01-qual-e-a-postura-profissional-francesa\\\/\",\"url\":\"https:\\\/\\\/homolog.fluency.io\\\/br\\\/blog\\\/go-getter-frances-01-qual-e-a-postura-profissional-francesa\\\/\",\"name\":\"Go Getter Franc\u00eas #01 - Qual \u00e9 a postura profissional francesa?\",\"isPartOf\":{\"@id\":\"https:\\\/\\\/homolog.fluency.io\\\/br\\\/#website\"},\"primaryImageOfPage\":{\"@id\":\"https:\\\/\\\/homolog.fluency.io\\\/br\\\/blog\\\/go-getter-frances-01-qual-e-a-postura-profissional-francesa\\\/#primaryimage\"},\"image\":{\"@id\":\"https:\\\/\\\/homolog.fluency.io\\\/br\\\/blog\\\/go-getter-frances-01-qual-e-a-postura-profissional-francesa\\\/#primaryimage\"},\"thumbnailUrl\":\"https:\\\/\\\/homolog.fluency.io\\\/br\\\/wp-content\\\/uploads\\\/sites\\\/3\\\/2023\\\/12\\\/60d4ebf6f9510701cace0f94_FRA_GO-GETTER_01_THUMB_PORTAL.jpg\",\"datePublished\":\"2021-06-24T17:30:00+00:00\",\"dateModified\":\"2024-08-26T14:30:12+00:00\",\"author\":{\"@id\":\"https:\\\/\\\/homolog.fluency.io\\\/br\\\/#\\\/schema\\\/person\\\/395d83f1006a72bd4912230eea50ff6f\"},\"description\":\"Bem-vindo ao primeiro Go Getter de Franc\u00eas, o seu podcast sobre neg\u00f3cios!...\",\"breadcrumb\":{\"@id\":\"https:\\\/\\\/homolog.fluency.io\\\/br\\\/blog\\\/go-getter-frances-01-qual-e-a-postura-profissional-francesa\\\/#breadcrumb\"},\"inLanguage\":\"pt-BR\",\"potentialAction\":[{\"@type\":\"ReadAction\",\"target\":[\"https:\\\/\\\/homolog.fluency.io\\\/br\\\/blog\\\/go-getter-frances-01-qual-e-a-postura-profissional-francesa\\\/\"]}]},{\"@type\":\"ImageObject\",\"inLanguage\":\"pt-BR\",\"@id\":\"https:\\\/\\\/homolog.fluency.io\\\/br\\\/blog\\\/go-getter-frances-01-qual-e-a-postura-profissional-francesa\\\/#primaryimage\",\"url\":\"https:\\\/\\\/homolog.fluency.io\\\/br\\\/wp-content\\\/uploads\\\/sites\\\/3\\\/2023\\\/12\\\/60d4ebf6f9510701cace0f94_FRA_GO-GETTER_01_THUMB_PORTAL.jpg\",\"contentUrl\":\"https:\\\/\\\/homolog.fluency.io\\\/br\\\/wp-content\\\/uploads\\\/sites\\\/3\\\/2023\\\/12\\\/60d4ebf6f9510701cace0f94_FRA_GO-GETTER_01_THUMB_PORTAL.jpg\",\"width\":1210,\"height\":680,\"caption\":\"fluency-academy\"},{\"@type\":\"BreadcrumbList\",\"@id\":\"https:\\\/\\\/homolog.fluency.io\\\/br\\\/blog\\\/go-getter-frances-01-qual-e-a-postura-profissional-francesa\\\/#breadcrumb\",\"itemListElement\":[{\"@type\":\"ListItem\",\"position\":1,\"name\":\"In\u00edcio\",\"item\":\"https:\\\/\\\/homolog.fluency.io\\\/br\\\/\"},{\"@type\":\"ListItem\",\"position\":2,\"name\":\"Go Getter Franc\u00eas #01 &#8211; Qual \u00e9 a postura profissional francesa?\"}]},{\"@type\":\"WebSite\",\"@id\":\"https:\\\/\\\/homolog.fluency.io\\\/br\\\/#website\",\"url\":\"https:\\\/\\\/homolog.fluency.io\\\/br\\\/\",\"name\":\"Fluency.io Brasil\",\"description\":\"\",\"potentialAction\":[{\"@type\":\"SearchAction\",\"target\":{\"@type\":\"EntryPoint\",\"urlTemplate\":\"https:\\\/\\\/homolog.fluency.io\\\/br\\\/?s={search_term_string}\"},\"query-input\":{\"@type\":\"PropertyValueSpecification\",\"valueRequired\":true,\"valueName\":\"search_term_string\"}}],\"inLanguage\":\"pt-BR\"},{\"@type\":\"Person\",\"@id\":\"https:\\\/\\\/homolog.fluency.io\\\/br\\\/#\\\/schema\\\/person\\\/395d83f1006a72bd4912230eea50ff6f\",\"name\":\"marcelo\",\"image\":{\"@type\":\"ImageObject\",\"inLanguage\":\"pt-BR\",\"@id\":\"https:\\\/\\\/secure.gravatar.com\\\/avatar\\\/9050681441880d21ef4048d38965a107dc5b77bf302f57fa3939973bdafa41d8?s=96&d=mm&r=g\",\"url\":\"https:\\\/\\\/secure.gravatar.com\\\/avatar\\\/9050681441880d21ef4048d38965a107dc5b77bf302f57fa3939973bdafa41d8?s=96&d=mm&r=g\",\"contentUrl\":\"https:\\\/\\\/secure.gravatar.com\\\/avatar\\\/9050681441880d21ef4048d38965a107dc5b77bf302f57fa3939973bdafa41d8?s=96&d=mm&r=g\",\"caption\":\"marcelo\"},\"url\":\"https:\\\/\\\/homolog.fluency.io\\\/br\\\/author\\\/marcelo\\\/\"}]}<\/script>\n<!-- \/ Yoast SEO plugin. -->","yoast_head_json":{"title":"Go Getter Franc\u00eas #01 - Qual \u00e9 a postura profissional francesa?","description":"Bem-vindo ao primeiro Go Getter de Franc\u00eas, o seu podcast sobre neg\u00f3cios!...","robots":{"index":"noindex","follow":"follow","max-snippet":"max-snippet:-1","max-image-preview":"max-image-preview:large","max-video-preview":"max-video-preview:-1"},"og_locale":"pt_BR","og_type":"article","og_title":"Go Getter Franc\u00eas #01 - Qual \u00e9 a postura profissional francesa?","og_description":"Bem-vindo ao primeiro Go Getter de Franc\u00eas, o seu podcast sobre neg\u00f3cios!...","og_url":"https:\/\/homolog.fluency.io\/br\/blog\/go-getter-frances-01-qual-e-a-postura-profissional-francesa\/","og_site_name":"Fluency.io Brasil","article_published_time":"2021-06-24T17:30:00+00:00","article_modified_time":"2024-08-26T14:30:12+00:00","og_image":[{"width":1210,"height":680,"url":"https:\/\/homolog.fluency.io\/br\/wp-content\/uploads\/sites\/3\/2023\/12\/60d4ebf6f9510701cace0f94_FRA_GO-GETTER_01_THUMB_PORTAL.jpg","type":"image\/jpeg"}],"twitter_card":"summary_large_image","twitter_misc":{"Escrito por":"marcelo","Est. tempo de leitura":"1 minuto"},"schema":{"@context":"https:\/\/schema.org","@graph":[{"@type":"Article","@id":"https:\/\/homolog.fluency.io\/br\/blog\/go-getter-frances-01-qual-e-a-postura-profissional-francesa\/#article","isPartOf":{"@id":"https:\/\/homolog.fluency.io\/br\/blog\/go-getter-frances-01-qual-e-a-postura-profissional-francesa\/"},"author":{"name":"marcelo","@id":"https:\/\/homolog.fluency.io\/br\/#\/schema\/person\/395d83f1006a72bd4912230eea50ff6f"},"headline":"Go Getter Franc\u00eas #01 &#8211; Qual \u00e9 a postura profissional francesa?","datePublished":"2021-06-24T17:30:00+00:00","dateModified":"2024-08-26T14:30:12+00:00","mainEntityOfPage":{"@id":"https:\/\/homolog.fluency.io\/br\/blog\/go-getter-frances-01-qual-e-a-postura-profissional-francesa\/"},"wordCount":140,"commentCount":0,"image":{"@id":"https:\/\/homolog.fluency.io\/br\/blog\/go-getter-frances-01-qual-e-a-postura-profissional-francesa\/#primaryimage"},"thumbnailUrl":"https:\/\/homolog.fluency.io\/br\/wp-content\/uploads\/sites\/3\/2023\/12\/60d4ebf6f9510701cace0f94_FRA_GO-GETTER_01_THUMB_PORTAL.jpg","articleSection":["Skills"],"inLanguage":"pt-BR","potentialAction":[{"@type":"CommentAction","name":"Comment","target":["https:\/\/homolog.fluency.io\/br\/blog\/go-getter-frances-01-qual-e-a-postura-profissional-francesa\/#respond"]}]},{"@type":"WebPage","@id":"https:\/\/homolog.fluency.io\/br\/blog\/go-getter-frances-01-qual-e-a-postura-profissional-francesa\/","url":"https:\/\/homolog.fluency.io\/br\/blog\/go-getter-frances-01-qual-e-a-postura-profissional-francesa\/","name":"Go Getter Franc\u00eas #01 - Qual \u00e9 a postura profissional francesa?","isPartOf":{"@id":"https:\/\/homolog.fluency.io\/br\/#website"},"primaryImageOfPage":{"@id":"https:\/\/homolog.fluency.io\/br\/blog\/go-getter-frances-01-qual-e-a-postura-profissional-francesa\/#primaryimage"},"image":{"@id":"https:\/\/homolog.fluency.io\/br\/blog\/go-getter-frances-01-qual-e-a-postura-profissional-francesa\/#primaryimage"},"thumbnailUrl":"https:\/\/homolog.fluency.io\/br\/wp-content\/uploads\/sites\/3\/2023\/12\/60d4ebf6f9510701cace0f94_FRA_GO-GETTER_01_THUMB_PORTAL.jpg","datePublished":"2021-06-24T17:30:00+00:00","dateModified":"2024-08-26T14:30:12+00:00","author":{"@id":"https:\/\/homolog.fluency.io\/br\/#\/schema\/person\/395d83f1006a72bd4912230eea50ff6f"},"description":"Bem-vindo ao primeiro Go Getter de Franc\u00eas, o seu podcast sobre neg\u00f3cios!...","breadcrumb":{"@id":"https:\/\/homolog.fluency.io\/br\/blog\/go-getter-frances-01-qual-e-a-postura-profissional-francesa\/#breadcrumb"},"inLanguage":"pt-BR","potentialAction":[{"@type":"ReadAction","target":["https:\/\/homolog.fluency.io\/br\/blog\/go-getter-frances-01-qual-e-a-postura-profissional-francesa\/"]}]},{"@type":"ImageObject","inLanguage":"pt-BR","@id":"https:\/\/homolog.fluency.io\/br\/blog\/go-getter-frances-01-qual-e-a-postura-profissional-francesa\/#primaryimage","url":"https:\/\/homolog.fluency.io\/br\/wp-content\/uploads\/sites\/3\/2023\/12\/60d4ebf6f9510701cace0f94_FRA_GO-GETTER_01_THUMB_PORTAL.jpg","contentUrl":"https:\/\/homolog.fluency.io\/br\/wp-content\/uploads\/sites\/3\/2023\/12\/60d4ebf6f9510701cace0f94_FRA_GO-GETTER_01_THUMB_PORTAL.jpg","width":1210,"height":680,"caption":"fluency-academy"},{"@type":"BreadcrumbList","@id":"https:\/\/homolog.fluency.io\/br\/blog\/go-getter-frances-01-qual-e-a-postura-profissional-francesa\/#breadcrumb","itemListElement":[{"@type":"ListItem","position":1,"name":"In\u00edcio","item":"https:\/\/homolog.fluency.io\/br\/"},{"@type":"ListItem","position":2,"name":"Go Getter Franc\u00eas #01 &#8211; Qual \u00e9 a postura profissional francesa?"}]},{"@type":"WebSite","@id":"https:\/\/homolog.fluency.io\/br\/#website","url":"https:\/\/homolog.fluency.io\/br\/","name":"Fluency.io Brasil","description":"","potentialAction":[{"@type":"SearchAction","target":{"@type":"EntryPoint","urlTemplate":"https:\/\/homolog.fluency.io\/br\/?s={search_term_string}"},"query-input":{"@type":"PropertyValueSpecification","valueRequired":true,"valueName":"search_term_string"}}],"inLanguage":"pt-BR"},{"@type":"Person","@id":"https:\/\/homolog.fluency.io\/br\/#\/schema\/person\/395d83f1006a72bd4912230eea50ff6f","name":"marcelo","image":{"@type":"ImageObject","inLanguage":"pt-BR","@id":"https:\/\/secure.gravatar.com\/avatar\/9050681441880d21ef4048d38965a107dc5b77bf302f57fa3939973bdafa41d8?s=96&d=mm&r=g","url":"https:\/\/secure.gravatar.com\/avatar\/9050681441880d21ef4048d38965a107dc5b77bf302f57fa3939973bdafa41d8?s=96&d=mm&r=g","contentUrl":"https:\/\/secure.gravatar.com\/avatar\/9050681441880d21ef4048d38965a107dc5b77bf302f57fa3939973bdafa41d8?s=96&d=mm&r=g","caption":"marcelo"},"url":"https:\/\/homolog.fluency.io\/br\/author\/marcelo\/"}]}},"_links":{"self":[{"href":"https:\/\/homolog.fluency.io\/br\/wp-json\/wp\/v2\/posts\/64776","targetHints":{"allow":["GET"]}}],"collection":[{"href":"https:\/\/homolog.fluency.io\/br\/wp-json\/wp\/v2\/posts"}],"about":[{"href":"https:\/\/homolog.fluency.io\/br\/wp-json\/wp\/v2\/types\/post"}],"author":[{"embeddable":true,"href":"https:\/\/homolog.fluency.io\/br\/wp-json\/wp\/v2\/users\/6"}],"replies":[{"embeddable":true,"href":"https:\/\/homolog.fluency.io\/br\/wp-json\/wp\/v2\/comments?post=64776"}],"version-history":[{"count":1,"href":"https:\/\/homolog.fluency.io\/br\/wp-json\/wp\/v2\/posts\/64776\/revisions"}],"predecessor-version":[{"id":68989,"href":"https:\/\/homolog.fluency.io\/br\/wp-json\/wp\/v2\/posts\/64776\/revisions\/68989"}],"wp:featuredmedia":[{"embeddable":true,"href":"https:\/\/homolog.fluency.io\/br\/wp-json\/wp\/v2\/media\/64777"}],"wp:attachment":[{"href":"https:\/\/homolog.fluency.io\/br\/wp-json\/wp\/v2\/media?parent=64776"}],"wp:term":[{"taxonomy":"category","embeddable":true,"href":"https:\/\/homolog.fluency.io\/br\/wp-json\/wp\/v2\/categories?post=64776"},{"taxonomy":"post_tag","embeddable":true,"href":"https:\/\/homolog.fluency.io\/br\/wp-json\/wp\/v2\/tags?post=64776"},{"taxonomy":"format","embeddable":true,"href":"https:\/\/homolog.fluency.io\/br\/wp-json\/wp\/v2\/format?post=64776"},{"taxonomy":"trilha","embeddable":true,"href":"https:\/\/homolog.fluency.io\/br\/wp-json\/wp\/v2\/trilha?post=64776"}],"curies":[{"name":"wp","href":"https:\/\/api.w.org\/{rel}","templated":true}]}}