{"id":65378,"date":"2022-09-02T17:31:00","date_gmt":"2022-09-02T17:31:00","guid":{"rendered":"https:\/\/fluency.io\/br\/blog\/walk-n-talk-frances-125-vamos-para-os-eua\/"},"modified":"2024-08-26T11:16:19","modified_gmt":"2024-08-26T14:16:19","slug":"walk-n-talk-frances-125-vamos-para-os-eua","status":"publish","type":"post","link":"https:\/\/homolog.fluency.io\/br\/blog\/walk-n-talk-frances-125-vamos-para-os-eua\/","title":{"rendered":"Walk &#8216;n&#8217; Talk Franc\u00eas: Vamos para os EUA?"},"content":{"rendered":"<p><em>Salut toi ! \u00c7a va ?<\/em>\u200d<\/p>\n<p>Sejam bem-vindos e bem-vindas ao <strong>Walk \u2018n\u2019 Talk Essentials<\/strong> <strong><em>version fran\u00e7aise <\/em><\/strong><em>!<\/em> No epis\u00f3dio de hoje, vamos acompanhar uma conversa entre dois amigos que falam sobre viagens e pa\u00edses que eles sonham em conhecer. Tudo isso enquanto voc\u00ea aprende o uso dos verbos <em>r\u00eaver<\/em> e <em>partir<\/em>, da constru\u00e7\u00e3o <em>aimer bien<\/em> e muito mais!<br \/>\nPara descobrir qual a conclus\u00e3o dessa conversa, ponha seus fones de ouvido e aperte o play! Depois, n\u00e3o se esque\u00e7a de conferir o conte\u00fado extra com a transcri\u00e7\u00e3o do di\u00e1logo e a expans\u00e3o de vocabul\u00e1rio aqui abaixo!<em> <\/em><\/p>\n<p><em>\u00c0 bient\u00f4t !<\/em><strong><em>\u200d<\/em><\/strong><\/p>\n<h4><strong><em>Le dialogue<\/em> (O di\u00e1logo)<\/strong><\/h4>\n<p><strong>A: Je r\u00eave toujours d\u2019aller aux \u00c9tats Unis\u2026<br \/>\n<\/strong><em>A: Ainda sonho em ir para os Estados Unidos&#8230;<\/em><strong>\u200d<\/strong><\/p>\n<p><strong>B: Mais pourquoi ? Moi j\u2019aimerais bien aller au Br\u00e9sil. Y a les plages, la culture\u2026<br \/>\n<\/strong><em>B: Mas por qu\u00ea? Eu gostaria de ir ao Brasil. As praias, a cultura&#8230;<\/em><strong>\u200d<\/strong><\/p>\n<p><strong>A: Bah y a de la culture aussi aux Etats Unis hein.<br \/>\n<\/strong><em>A: Bem, tamb\u00e9m h\u00e1 cultura nos Estados Unidos, viu?!<\/em><strong>\u200d<\/strong><\/p>\n<p><strong>B: Bah\u2026 Si tu dis !<br \/>\n<\/strong><em>B: Bom&#8230; Se voc\u00ea diz!<\/em><strong>\u200d<\/strong><\/p>\n<p><strong>A: Viens avec moi, allons \u00e0 Disneyland, en Californie\u2026<br \/>\n<\/strong><em>A: Venha comigo, vamos \u00e0 Disneyl\u00e2ndia, \u00e0 Calif\u00f3rnia\u2026<\/em><strong>\u200d<\/strong><\/p>\n<p><strong>B: Ok ok t\u2019a gagn\u00e9 ! On part quand ?<\/strong><br \/>\n<em>B: Ok, ok, voc\u00ea ganhou! Quando vamos?<\/em><strong><em>\u200d<\/em><\/strong><\/p>\n<h4><strong><em>On gagne du vocabulaire <\/em>(Ganhando vocabul\u00e1rio)<\/strong>\u200d<\/h4>\n<p>Que tal expandir ainda mais o seu vocabul\u00e1rio sobre o assunto? Confira outras express\u00f5es relacionadas ao tema:<strong>\u200d<\/strong><\/p>\n<p><strong>Expressions pour parler d\u2019une voyage<\/strong><em><br \/>\nExpress\u00f5es para falar de uma viagem<\/em>\u200d<\/p>\n<p>  <em>J\u2019ai ador\u00e9 !<\/em><br \/>\nEu adorei!<\/p>\n<p>  <em>Je n&#8217;ai pas trop aim\u00e9\u2026<\/em><br \/>\nEu n\u00e3o gostei tanto\u2026<\/p>\n<p> <em> J\u2019ai beaucoup aim\u00e9 !<\/em><br \/>\nEu gostei muito!<\/p>\n<p>  <em>C\u2019\u00e9tait super !<\/em><br \/>\nFoi \u00f3timo!<\/p>\n<p>  <em>Mon plus beau souvenir\u2026<\/em><br \/>\nMinha melhor lembran\u00e7a\u2026<\/p>\n<p>  <em>Mon plus mauvais souvenir\u2026<\/em><br \/>\nMinha pior lembran\u00e7a\u2026<\/p>\n<p>  <em>\u00c7a a largement d\u00e9pass\u00e9 mes attentes.<\/em><br \/>\nSuperou muito as minhas expectativas.<\/p>\n<p>  <em>Ce n&#8217;\u00e9tait pas terrible.<\/em><br \/>\nN\u00e3o foi grande coisa.<\/p>\n<p>  <em>C&#8217;\u00e9tait tr\u00e8s cool !<\/em><br \/>\nFoi muito legal!<\/p>\n<p>  <em>C&#8217;\u00e9tait magique !<\/em><br \/>\nFoi m\u00e1gico!<\/p>\n<p>N\u00e3o se esque\u00e7a de praticar diariamente o seu franc\u00eas para seguirmos juntos nesta jornada.<em><br \/>\n\u00c0 bient\u00f4t !<\/em><\/p>\n","protected":false},"excerpt":{"rendered":"<p>Aprenda a falar sobre viagens e pa\u00edses em franc\u00eas!<\/p>\n","protected":false},"author":6,"featured_media":65379,"comment_status":"open","ping_status":"open","sticky":false,"template":"","format":[183],"meta":{"inline_featured_image":false,"footnotes":""},"categories":[171],"tags":[],"trilha":[],"class_list":["post-65378","post","type-post","status-publish","format-standard","has-post-thumbnail","hentry","category-vocabulario","tipo-podcast-essentials","tipo-podcast-walk-n-talk","format-podcast"],"acf":[],"yoast_head":"<!-- This site is optimized with the Yoast SEO plugin v27.4 - https:\/\/yoast.com\/product\/yoast-seo-wordpress\/ -->\n<title>Walk &#039;n&#039; Talk Franc\u00eas: Vamos para os EUA?<\/title>\n<meta name=\"description\" content=\"Quem a\u00ed n\u00e3o ama viajar, conhecer novas culturas e viver experi\u00eancias que voc\u00ea jamais viveria na sua cidade? Ou\u00e7a o novo epis\u00f3dio do Walk&#039;n&#039;Talk Essentials Franc\u00eas e embarque nessa com a gente!\" \/>\n<meta name=\"robots\" content=\"noindex, follow, max-snippet:-1, max-image-preview:large, max-video-preview:-1\" \/>\n<meta property=\"og:locale\" content=\"pt_BR\" \/>\n<meta property=\"og:type\" content=\"article\" \/>\n<meta property=\"og:title\" content=\"Walk &#039;n&#039; Talk Franc\u00eas: Vamos para os EUA?\" \/>\n<meta property=\"og:description\" content=\"Quem a\u00ed n\u00e3o ama viajar, conhecer novas culturas e viver experi\u00eancias que voc\u00ea jamais viveria na sua cidade? Ou\u00e7a o novo epis\u00f3dio do Walk&#039;n&#039;Talk Essentials Franc\u00eas e embarque nessa com a gente!\" \/>\n<meta property=\"og:url\" content=\"https:\/\/fluency.io\/br\/blog\/walk-n-talk-frances-125-vamos-para-os-eua\/\" \/>\n<meta property=\"og:site_name\" content=\"Fluency.io Brasil\" \/>\n<meta property=\"article:published_time\" content=\"2022-09-02T17:31:00+00:00\" \/>\n<meta property=\"article:modified_time\" content=\"2024-08-26T14:16:19+00:00\" \/>\n<meta property=\"og:image\" content=\"https:\/\/fluency.io\/br\/wp-content\/uploads\/sites\/3\/2023\/12\/6311069ca12e02cf706017b8_FRA-THAY-WALK-N-TALK-ESSENTIALS-125-Bienvenue-dans-notre-beau-quartier1-1.jpg\" \/>\n\t<meta property=\"og:image:width\" content=\"1210\" \/>\n\t<meta property=\"og:image:height\" content=\"680\" \/>\n\t<meta property=\"og:image:type\" content=\"image\/jpeg\" \/>\n<meta name=\"twitter:card\" content=\"summary_large_image\" \/>\n<meta name=\"twitter:label1\" content=\"Escrito por\" \/>\n\t<meta name=\"twitter:data1\" content=\"marcelo\" \/>\n\t<meta name=\"twitter:label2\" content=\"Est. tempo de leitura\" \/>\n\t<meta name=\"twitter:data2\" content=\"2 minutos\" \/>\n<script type=\"application\/ld+json\" class=\"yoast-schema-graph\">{\"@context\":\"https:\\\/\\\/schema.org\",\"@graph\":[{\"@type\":\"Article\",\"@id\":\"https:\\\/\\\/fluency.io\\\/br\\\/blog\\\/walk-n-talk-frances-125-vamos-para-os-eua\\\/#article\",\"isPartOf\":{\"@id\":\"https:\\\/\\\/fluency.io\\\/br\\\/blog\\\/walk-n-talk-frances-125-vamos-para-os-eua\\\/\"},\"author\":{\"name\":\"marcelo\",\"@id\":\"https:\\\/\\\/homolog.fluency.io\\\/br\\\/#\\\/schema\\\/person\\\/395d83f1006a72bd4912230eea50ff6f\"},\"headline\":\"Walk &#8216;n&#8217; Talk Franc\u00eas: Vamos para os EUA?\",\"datePublished\":\"2022-09-02T17:31:00+00:00\",\"dateModified\":\"2024-08-26T14:16:19+00:00\",\"mainEntityOfPage\":{\"@id\":\"https:\\\/\\\/fluency.io\\\/br\\\/blog\\\/walk-n-talk-frances-125-vamos-para-os-eua\\\/\"},\"wordCount\":374,\"commentCount\":0,\"image\":{\"@id\":\"https:\\\/\\\/fluency.io\\\/br\\\/blog\\\/walk-n-talk-frances-125-vamos-para-os-eua\\\/#primaryimage\"},\"thumbnailUrl\":\"https:\\\/\\\/homolog.fluency.io\\\/br\\\/wp-content\\\/uploads\\\/sites\\\/3\\\/2023\\\/12\\\/6311069ca12e02cf706017b8_FRA-THAY-WALK-N-TALK-ESSENTIALS-125-Bienvenue-dans-notre-beau-quartier1-1.jpg\",\"articleSection\":[\"Vocabul\u00e1rio\"],\"inLanguage\":\"pt-BR\",\"potentialAction\":[{\"@type\":\"CommentAction\",\"name\":\"Comment\",\"target\":[\"https:\\\/\\\/fluency.io\\\/br\\\/blog\\\/walk-n-talk-frances-125-vamos-para-os-eua\\\/#respond\"]}]},{\"@type\":\"WebPage\",\"@id\":\"https:\\\/\\\/fluency.io\\\/br\\\/blog\\\/walk-n-talk-frances-125-vamos-para-os-eua\\\/\",\"url\":\"https:\\\/\\\/fluency.io\\\/br\\\/blog\\\/walk-n-talk-frances-125-vamos-para-os-eua\\\/\",\"name\":\"Walk 'n' Talk Franc\u00eas: Vamos para os EUA?\",\"isPartOf\":{\"@id\":\"https:\\\/\\\/homolog.fluency.io\\\/br\\\/#website\"},\"primaryImageOfPage\":{\"@id\":\"https:\\\/\\\/fluency.io\\\/br\\\/blog\\\/walk-n-talk-frances-125-vamos-para-os-eua\\\/#primaryimage\"},\"image\":{\"@id\":\"https:\\\/\\\/fluency.io\\\/br\\\/blog\\\/walk-n-talk-frances-125-vamos-para-os-eua\\\/#primaryimage\"},\"thumbnailUrl\":\"https:\\\/\\\/homolog.fluency.io\\\/br\\\/wp-content\\\/uploads\\\/sites\\\/3\\\/2023\\\/12\\\/6311069ca12e02cf706017b8_FRA-THAY-WALK-N-TALK-ESSENTIALS-125-Bienvenue-dans-notre-beau-quartier1-1.jpg\",\"datePublished\":\"2022-09-02T17:31:00+00:00\",\"dateModified\":\"2024-08-26T14:16:19+00:00\",\"author\":{\"@id\":\"https:\\\/\\\/homolog.fluency.io\\\/br\\\/#\\\/schema\\\/person\\\/395d83f1006a72bd4912230eea50ff6f\"},\"description\":\"Quem a\u00ed n\u00e3o ama viajar, conhecer novas culturas e viver experi\u00eancias que voc\u00ea jamais viveria na sua cidade? Ou\u00e7a o novo epis\u00f3dio do Walk'n'Talk Essentials Franc\u00eas e embarque nessa com a gente!\",\"breadcrumb\":{\"@id\":\"https:\\\/\\\/fluency.io\\\/br\\\/blog\\\/walk-n-talk-frances-125-vamos-para-os-eua\\\/#breadcrumb\"},\"inLanguage\":\"pt-BR\",\"potentialAction\":[{\"@type\":\"ReadAction\",\"target\":[\"https:\\\/\\\/fluency.io\\\/br\\\/blog\\\/walk-n-talk-frances-125-vamos-para-os-eua\\\/\"]}]},{\"@type\":\"ImageObject\",\"inLanguage\":\"pt-BR\",\"@id\":\"https:\\\/\\\/fluency.io\\\/br\\\/blog\\\/walk-n-talk-frances-125-vamos-para-os-eua\\\/#primaryimage\",\"url\":\"https:\\\/\\\/homolog.fluency.io\\\/br\\\/wp-content\\\/uploads\\\/sites\\\/3\\\/2023\\\/12\\\/6311069ca12e02cf706017b8_FRA-THAY-WALK-N-TALK-ESSENTIALS-125-Bienvenue-dans-notre-beau-quartier1-1.jpg\",\"contentUrl\":\"https:\\\/\\\/homolog.fluency.io\\\/br\\\/wp-content\\\/uploads\\\/sites\\\/3\\\/2023\\\/12\\\/6311069ca12e02cf706017b8_FRA-THAY-WALK-N-TALK-ESSENTIALS-125-Bienvenue-dans-notre-beau-quartier1-1.jpg\",\"width\":1210,\"height\":680,\"caption\":\"fluency-academy\"},{\"@type\":\"BreadcrumbList\",\"@id\":\"https:\\\/\\\/fluency.io\\\/br\\\/blog\\\/walk-n-talk-frances-125-vamos-para-os-eua\\\/#breadcrumb\",\"itemListElement\":[{\"@type\":\"ListItem\",\"position\":1,\"name\":\"In\u00edcio\",\"item\":\"https:\\\/\\\/homolog.fluency.io\\\/br\\\/\"},{\"@type\":\"ListItem\",\"position\":2,\"name\":\"Walk &#8216;n&#8217; Talk Franc\u00eas: Vamos para os EUA?\"}]},{\"@type\":\"WebSite\",\"@id\":\"https:\\\/\\\/homolog.fluency.io\\\/br\\\/#website\",\"url\":\"https:\\\/\\\/homolog.fluency.io\\\/br\\\/\",\"name\":\"Fluency.io Brasil\",\"description\":\"\",\"potentialAction\":[{\"@type\":\"SearchAction\",\"target\":{\"@type\":\"EntryPoint\",\"urlTemplate\":\"https:\\\/\\\/homolog.fluency.io\\\/br\\\/?s={search_term_string}\"},\"query-input\":{\"@type\":\"PropertyValueSpecification\",\"valueRequired\":true,\"valueName\":\"search_term_string\"}}],\"inLanguage\":\"pt-BR\"},{\"@type\":\"Person\",\"@id\":\"https:\\\/\\\/homolog.fluency.io\\\/br\\\/#\\\/schema\\\/person\\\/395d83f1006a72bd4912230eea50ff6f\",\"name\":\"marcelo\",\"image\":{\"@type\":\"ImageObject\",\"inLanguage\":\"pt-BR\",\"@id\":\"https:\\\/\\\/secure.gravatar.com\\\/avatar\\\/9050681441880d21ef4048d38965a107dc5b77bf302f57fa3939973bdafa41d8?s=96&d=mm&r=g\",\"url\":\"https:\\\/\\\/secure.gravatar.com\\\/avatar\\\/9050681441880d21ef4048d38965a107dc5b77bf302f57fa3939973bdafa41d8?s=96&d=mm&r=g\",\"contentUrl\":\"https:\\\/\\\/secure.gravatar.com\\\/avatar\\\/9050681441880d21ef4048d38965a107dc5b77bf302f57fa3939973bdafa41d8?s=96&d=mm&r=g\",\"caption\":\"marcelo\"},\"url\":\"https:\\\/\\\/homolog.fluency.io\\\/br\\\/author\\\/marcelo\\\/\"}]}<\/script>\n<!-- \/ Yoast SEO plugin. -->","yoast_head_json":{"title":"Walk 'n' Talk Franc\u00eas: Vamos para os EUA?","description":"Quem a\u00ed n\u00e3o ama viajar, conhecer novas culturas e viver experi\u00eancias que voc\u00ea jamais viveria na sua cidade? Ou\u00e7a o novo epis\u00f3dio do Walk'n'Talk Essentials Franc\u00eas e embarque nessa com a gente!","robots":{"index":"noindex","follow":"follow","max-snippet":"max-snippet:-1","max-image-preview":"max-image-preview:large","max-video-preview":"max-video-preview:-1"},"og_locale":"pt_BR","og_type":"article","og_title":"Walk 'n' Talk Franc\u00eas: Vamos para os EUA?","og_description":"Quem a\u00ed n\u00e3o ama viajar, conhecer novas culturas e viver experi\u00eancias que voc\u00ea jamais viveria na sua cidade? Ou\u00e7a o novo epis\u00f3dio do Walk'n'Talk Essentials Franc\u00eas e embarque nessa com a gente!","og_url":"https:\/\/fluency.io\/br\/blog\/walk-n-talk-frances-125-vamos-para-os-eua\/","og_site_name":"Fluency.io Brasil","article_published_time":"2022-09-02T17:31:00+00:00","article_modified_time":"2024-08-26T14:16:19+00:00","og_image":[{"width":1210,"height":680,"url":"https:\/\/fluency.io\/br\/wp-content\/uploads\/sites\/3\/2023\/12\/6311069ca12e02cf706017b8_FRA-THAY-WALK-N-TALK-ESSENTIALS-125-Bienvenue-dans-notre-beau-quartier1-1.jpg","type":"image\/jpeg"}],"twitter_card":"summary_large_image","twitter_misc":{"Escrito por":"marcelo","Est. tempo de leitura":"2 minutos"},"schema":{"@context":"https:\/\/schema.org","@graph":[{"@type":"Article","@id":"https:\/\/fluency.io\/br\/blog\/walk-n-talk-frances-125-vamos-para-os-eua\/#article","isPartOf":{"@id":"https:\/\/fluency.io\/br\/blog\/walk-n-talk-frances-125-vamos-para-os-eua\/"},"author":{"name":"marcelo","@id":"https:\/\/homolog.fluency.io\/br\/#\/schema\/person\/395d83f1006a72bd4912230eea50ff6f"},"headline":"Walk &#8216;n&#8217; Talk Franc\u00eas: Vamos para os EUA?","datePublished":"2022-09-02T17:31:00+00:00","dateModified":"2024-08-26T14:16:19+00:00","mainEntityOfPage":{"@id":"https:\/\/fluency.io\/br\/blog\/walk-n-talk-frances-125-vamos-para-os-eua\/"},"wordCount":374,"commentCount":0,"image":{"@id":"https:\/\/fluency.io\/br\/blog\/walk-n-talk-frances-125-vamos-para-os-eua\/#primaryimage"},"thumbnailUrl":"https:\/\/homolog.fluency.io\/br\/wp-content\/uploads\/sites\/3\/2023\/12\/6311069ca12e02cf706017b8_FRA-THAY-WALK-N-TALK-ESSENTIALS-125-Bienvenue-dans-notre-beau-quartier1-1.jpg","articleSection":["Vocabul\u00e1rio"],"inLanguage":"pt-BR","potentialAction":[{"@type":"CommentAction","name":"Comment","target":["https:\/\/fluency.io\/br\/blog\/walk-n-talk-frances-125-vamos-para-os-eua\/#respond"]}]},{"@type":"WebPage","@id":"https:\/\/fluency.io\/br\/blog\/walk-n-talk-frances-125-vamos-para-os-eua\/","url":"https:\/\/fluency.io\/br\/blog\/walk-n-talk-frances-125-vamos-para-os-eua\/","name":"Walk 'n' Talk Franc\u00eas: Vamos para os EUA?","isPartOf":{"@id":"https:\/\/homolog.fluency.io\/br\/#website"},"primaryImageOfPage":{"@id":"https:\/\/fluency.io\/br\/blog\/walk-n-talk-frances-125-vamos-para-os-eua\/#primaryimage"},"image":{"@id":"https:\/\/fluency.io\/br\/blog\/walk-n-talk-frances-125-vamos-para-os-eua\/#primaryimage"},"thumbnailUrl":"https:\/\/homolog.fluency.io\/br\/wp-content\/uploads\/sites\/3\/2023\/12\/6311069ca12e02cf706017b8_FRA-THAY-WALK-N-TALK-ESSENTIALS-125-Bienvenue-dans-notre-beau-quartier1-1.jpg","datePublished":"2022-09-02T17:31:00+00:00","dateModified":"2024-08-26T14:16:19+00:00","author":{"@id":"https:\/\/homolog.fluency.io\/br\/#\/schema\/person\/395d83f1006a72bd4912230eea50ff6f"},"description":"Quem a\u00ed n\u00e3o ama viajar, conhecer novas culturas e viver experi\u00eancias que voc\u00ea jamais viveria na sua cidade? Ou\u00e7a o novo epis\u00f3dio do Walk'n'Talk Essentials Franc\u00eas e embarque nessa com a gente!","breadcrumb":{"@id":"https:\/\/fluency.io\/br\/blog\/walk-n-talk-frances-125-vamos-para-os-eua\/#breadcrumb"},"inLanguage":"pt-BR","potentialAction":[{"@type":"ReadAction","target":["https:\/\/fluency.io\/br\/blog\/walk-n-talk-frances-125-vamos-para-os-eua\/"]}]},{"@type":"ImageObject","inLanguage":"pt-BR","@id":"https:\/\/fluency.io\/br\/blog\/walk-n-talk-frances-125-vamos-para-os-eua\/#primaryimage","url":"https:\/\/homolog.fluency.io\/br\/wp-content\/uploads\/sites\/3\/2023\/12\/6311069ca12e02cf706017b8_FRA-THAY-WALK-N-TALK-ESSENTIALS-125-Bienvenue-dans-notre-beau-quartier1-1.jpg","contentUrl":"https:\/\/homolog.fluency.io\/br\/wp-content\/uploads\/sites\/3\/2023\/12\/6311069ca12e02cf706017b8_FRA-THAY-WALK-N-TALK-ESSENTIALS-125-Bienvenue-dans-notre-beau-quartier1-1.jpg","width":1210,"height":680,"caption":"fluency-academy"},{"@type":"BreadcrumbList","@id":"https:\/\/fluency.io\/br\/blog\/walk-n-talk-frances-125-vamos-para-os-eua\/#breadcrumb","itemListElement":[{"@type":"ListItem","position":1,"name":"In\u00edcio","item":"https:\/\/homolog.fluency.io\/br\/"},{"@type":"ListItem","position":2,"name":"Walk &#8216;n&#8217; Talk Franc\u00eas: Vamos para os EUA?"}]},{"@type":"WebSite","@id":"https:\/\/homolog.fluency.io\/br\/#website","url":"https:\/\/homolog.fluency.io\/br\/","name":"Fluency.io Brasil","description":"","potentialAction":[{"@type":"SearchAction","target":{"@type":"EntryPoint","urlTemplate":"https:\/\/homolog.fluency.io\/br\/?s={search_term_string}"},"query-input":{"@type":"PropertyValueSpecification","valueRequired":true,"valueName":"search_term_string"}}],"inLanguage":"pt-BR"},{"@type":"Person","@id":"https:\/\/homolog.fluency.io\/br\/#\/schema\/person\/395d83f1006a72bd4912230eea50ff6f","name":"marcelo","image":{"@type":"ImageObject","inLanguage":"pt-BR","@id":"https:\/\/secure.gravatar.com\/avatar\/9050681441880d21ef4048d38965a107dc5b77bf302f57fa3939973bdafa41d8?s=96&d=mm&r=g","url":"https:\/\/secure.gravatar.com\/avatar\/9050681441880d21ef4048d38965a107dc5b77bf302f57fa3939973bdafa41d8?s=96&d=mm&r=g","contentUrl":"https:\/\/secure.gravatar.com\/avatar\/9050681441880d21ef4048d38965a107dc5b77bf302f57fa3939973bdafa41d8?s=96&d=mm&r=g","caption":"marcelo"},"url":"https:\/\/homolog.fluency.io\/br\/author\/marcelo\/"}]}},"_links":{"self":[{"href":"https:\/\/homolog.fluency.io\/br\/wp-json\/wp\/v2\/posts\/65378","targetHints":{"allow":["GET"]}}],"collection":[{"href":"https:\/\/homolog.fluency.io\/br\/wp-json\/wp\/v2\/posts"}],"about":[{"href":"https:\/\/homolog.fluency.io\/br\/wp-json\/wp\/v2\/types\/post"}],"author":[{"embeddable":true,"href":"https:\/\/homolog.fluency.io\/br\/wp-json\/wp\/v2\/users\/6"}],"replies":[{"embeddable":true,"href":"https:\/\/homolog.fluency.io\/br\/wp-json\/wp\/v2\/comments?post=65378"}],"version-history":[{"count":1,"href":"https:\/\/homolog.fluency.io\/br\/wp-json\/wp\/v2\/posts\/65378\/revisions"}],"predecessor-version":[{"id":69290,"href":"https:\/\/homolog.fluency.io\/br\/wp-json\/wp\/v2\/posts\/65378\/revisions\/69290"}],"wp:featuredmedia":[{"embeddable":true,"href":"https:\/\/homolog.fluency.io\/br\/wp-json\/wp\/v2\/media\/65379"}],"wp:attachment":[{"href":"https:\/\/homolog.fluency.io\/br\/wp-json\/wp\/v2\/media?parent=65378"}],"wp:term":[{"taxonomy":"category","embeddable":true,"href":"https:\/\/homolog.fluency.io\/br\/wp-json\/wp\/v2\/categories?post=65378"},{"taxonomy":"post_tag","embeddable":true,"href":"https:\/\/homolog.fluency.io\/br\/wp-json\/wp\/v2\/tags?post=65378"},{"taxonomy":"format","embeddable":true,"href":"https:\/\/homolog.fluency.io\/br\/wp-json\/wp\/v2\/format?post=65378"},{"taxonomy":"trilha","embeddable":true,"href":"https:\/\/homolog.fluency.io\/br\/wp-json\/wp\/v2\/trilha?post=65378"}],"curies":[{"name":"wp","href":"https:\/\/api.w.org\/{rel}","templated":true}]}}