{"id":66062,"date":"2022-10-11T19:57:00","date_gmt":"2022-10-11T19:57:00","guid":{"rendered":"https:\/\/fluency.io\/br\/blog\/culture-talks-29-de-onde-surgiu-o-genero-terror\/"},"modified":"2024-08-26T11:33:40","modified_gmt":"2024-08-26T14:33:40","slug":"culture-talks-29-de-onde-surgiu-o-genero-terror","status":"publish","type":"post","link":"https:\/\/homolog.fluency.io\/br\/blog\/culture-talks-29-de-onde-surgiu-o-genero-terror\/","title":{"rendered":"Culture Talks: De onde surgiu o g\u00eanero terror?"},"content":{"rendered":"<p><em>Hey you, what\u2019s up?<\/em><\/p>\n<p>Seja bem-vindo, bem-vinda a mais um epis\u00f3dio do <strong>Culture Talks<\/strong>, nosso podcast que aborda temas culturais e nos ajuda a mergulhar na cultura dos pa\u00edses de l\u00edngua inglesa!<\/p>\n<p>Chegou aquela \u00e9poca do ano em que tudo \u00e9 desculpa para sentir aquele arrepio, a adrenalina gostosa do medo! Por isso, no epis\u00f3dio de hoje, a teacher Rafa vai contar a hist\u00f3ria do horror como g\u00eanero enquanto faz alguns <strong><em>\u201clistening challenges\u201d<\/em><\/strong> com os maiores cl\u00e1ssicos do g\u00eanero. E o treino come\u00e7a agora! Ent\u00e3o coloque o fone e d\u00ea <em>play<\/em> neste epis\u00f3dio!<\/p>\n<p>N\u00e3o deixe de conferir outros conte\u00fados gratuitos aqui no portal e na nossa p\u00e1gina do Instagram!<\/p>\n<p><em>See ya!<\/em><\/p>\n","protected":false},"excerpt":{"rendered":"<p>A teacher Rafa vai contar a hist\u00f3ria do horror como g\u00eanero enquanto faz alguns \u201clistening challenges\u201d com os maiores cl\u00e1ssicos do g\u00eanero. E o treino come\u00e7a agora! Ent\u00e3o coloque o fone e d\u00ea play neste epis\u00f3dio!<\/p>\n","protected":false},"author":6,"featured_media":66063,"comment_status":"open","ping_status":"open","sticky":false,"template":"","format":[183],"meta":{"inline_featured_image":false,"footnotes":""},"categories":[163],"tags":[],"trilha":[],"class_list":["post-66062","post","type-post","status-publish","format-standard","has-post-thumbnail","hentry","category-cultura","tipo-podcast-culture-talks","format-podcast"],"acf":[],"yoast_head":"<!-- This site is optimized with the Yoast SEO plugin v27.4 - https:\/\/yoast.com\/product\/yoast-seo-wordpress\/ -->\n<title>Culture Talks: De onde surgiu o g\u00eanero terror?<\/title>\n<meta name=\"description\" content=\"E o treino come\u00e7a agora! Ent\u00e3o coloque o fone e d\u00ea play neste epis\u00f3dio!\" \/>\n<meta name=\"robots\" content=\"noindex, follow, max-snippet:-1, max-image-preview:large, max-video-preview:-1\" \/>\n<meta property=\"og:locale\" content=\"pt_BR\" \/>\n<meta property=\"og:type\" content=\"article\" \/>\n<meta property=\"og:title\" content=\"Culture Talks: De onde surgiu o g\u00eanero terror?\" \/>\n<meta property=\"og:description\" content=\"E o treino come\u00e7a agora! Ent\u00e3o coloque o fone e d\u00ea play neste epis\u00f3dio!\" \/>\n<meta property=\"og:url\" content=\"https:\/\/fluency.io\/br\/blog\/culture-talks-29-de-onde-surgiu-o-genero-terror\/\" \/>\n<meta property=\"og:site_name\" content=\"Fluency.io Brasil\" \/>\n<meta property=\"article:published_time\" content=\"2022-10-11T19:57:00+00:00\" \/>\n<meta property=\"article:modified_time\" content=\"2024-08-26T14:33:40+00:00\" \/>\n<meta property=\"og:image\" content=\"https:\/\/fluency.io\/br\/wp-content\/uploads\/sites\/3\/2023\/12\/ING_Culture-Talks_29_THUMB-PORTAL.jpg\" \/>\n\t<meta property=\"og:image:width\" content=\"1210\" \/>\n\t<meta property=\"og:image:height\" content=\"680\" \/>\n\t<meta property=\"og:image:type\" content=\"image\/jpeg\" \/>\n<meta name=\"twitter:card\" content=\"summary_large_image\" \/>\n<meta name=\"twitter:label1\" content=\"Escrito por\" \/>\n\t<meta name=\"twitter:data1\" content=\"marcelo\" \/>\n\t<meta name=\"twitter:label2\" content=\"Est. tempo de leitura\" \/>\n\t<meta name=\"twitter:data2\" content=\"1 minuto\" \/>\n<script type=\"application\/ld+json\" class=\"yoast-schema-graph\">{\"@context\":\"https:\\\/\\\/schema.org\",\"@graph\":[{\"@type\":\"Article\",\"@id\":\"https:\\\/\\\/fluency.io\\\/br\\\/blog\\\/culture-talks-29-de-onde-surgiu-o-genero-terror\\\/#article\",\"isPartOf\":{\"@id\":\"https:\\\/\\\/fluency.io\\\/br\\\/blog\\\/culture-talks-29-de-onde-surgiu-o-genero-terror\\\/\"},\"author\":{\"name\":\"marcelo\",\"@id\":\"https:\\\/\\\/homolog.fluency.io\\\/br\\\/#\\\/schema\\\/person\\\/395d83f1006a72bd4912230eea50ff6f\"},\"headline\":\"Culture Talks: De onde surgiu o g\u00eanero terror?\",\"datePublished\":\"2022-10-11T19:57:00+00:00\",\"dateModified\":\"2024-08-26T14:33:40+00:00\",\"mainEntityOfPage\":{\"@id\":\"https:\\\/\\\/fluency.io\\\/br\\\/blog\\\/culture-talks-29-de-onde-surgiu-o-genero-terror\\\/\"},\"wordCount\":134,\"commentCount\":0,\"image\":{\"@id\":\"https:\\\/\\\/fluency.io\\\/br\\\/blog\\\/culture-talks-29-de-onde-surgiu-o-genero-terror\\\/#primaryimage\"},\"thumbnailUrl\":\"https:\\\/\\\/homolog.fluency.io\\\/br\\\/wp-content\\\/uploads\\\/sites\\\/3\\\/2023\\\/12\\\/ING_Culture-Talks_29_THUMB-PORTAL.jpg\",\"articleSection\":[\"Cultura\"],\"inLanguage\":\"pt-BR\",\"potentialAction\":[{\"@type\":\"CommentAction\",\"name\":\"Comment\",\"target\":[\"https:\\\/\\\/fluency.io\\\/br\\\/blog\\\/culture-talks-29-de-onde-surgiu-o-genero-terror\\\/#respond\"]}]},{\"@type\":\"WebPage\",\"@id\":\"https:\\\/\\\/fluency.io\\\/br\\\/blog\\\/culture-talks-29-de-onde-surgiu-o-genero-terror\\\/\",\"url\":\"https:\\\/\\\/fluency.io\\\/br\\\/blog\\\/culture-talks-29-de-onde-surgiu-o-genero-terror\\\/\",\"name\":\"Culture Talks: De onde surgiu o g\u00eanero terror?\",\"isPartOf\":{\"@id\":\"https:\\\/\\\/homolog.fluency.io\\\/br\\\/#website\"},\"primaryImageOfPage\":{\"@id\":\"https:\\\/\\\/fluency.io\\\/br\\\/blog\\\/culture-talks-29-de-onde-surgiu-o-genero-terror\\\/#primaryimage\"},\"image\":{\"@id\":\"https:\\\/\\\/fluency.io\\\/br\\\/blog\\\/culture-talks-29-de-onde-surgiu-o-genero-terror\\\/#primaryimage\"},\"thumbnailUrl\":\"https:\\\/\\\/homolog.fluency.io\\\/br\\\/wp-content\\\/uploads\\\/sites\\\/3\\\/2023\\\/12\\\/ING_Culture-Talks_29_THUMB-PORTAL.jpg\",\"datePublished\":\"2022-10-11T19:57:00+00:00\",\"dateModified\":\"2024-08-26T14:33:40+00:00\",\"author\":{\"@id\":\"https:\\\/\\\/homolog.fluency.io\\\/br\\\/#\\\/schema\\\/person\\\/395d83f1006a72bd4912230eea50ff6f\"},\"description\":\"E o treino come\u00e7a agora! Ent\u00e3o coloque o fone e d\u00ea play neste epis\u00f3dio!\",\"breadcrumb\":{\"@id\":\"https:\\\/\\\/fluency.io\\\/br\\\/blog\\\/culture-talks-29-de-onde-surgiu-o-genero-terror\\\/#breadcrumb\"},\"inLanguage\":\"pt-BR\",\"potentialAction\":[{\"@type\":\"ReadAction\",\"target\":[\"https:\\\/\\\/fluency.io\\\/br\\\/blog\\\/culture-talks-29-de-onde-surgiu-o-genero-terror\\\/\"]}]},{\"@type\":\"ImageObject\",\"inLanguage\":\"pt-BR\",\"@id\":\"https:\\\/\\\/fluency.io\\\/br\\\/blog\\\/culture-talks-29-de-onde-surgiu-o-genero-terror\\\/#primaryimage\",\"url\":\"https:\\\/\\\/homolog.fluency.io\\\/br\\\/wp-content\\\/uploads\\\/sites\\\/3\\\/2023\\\/12\\\/ING_Culture-Talks_29_THUMB-PORTAL.jpg\",\"contentUrl\":\"https:\\\/\\\/homolog.fluency.io\\\/br\\\/wp-content\\\/uploads\\\/sites\\\/3\\\/2023\\\/12\\\/ING_Culture-Talks_29_THUMB-PORTAL.jpg\",\"width\":1210,\"height\":680,\"caption\":\"fluency-academy\"},{\"@type\":\"BreadcrumbList\",\"@id\":\"https:\\\/\\\/fluency.io\\\/br\\\/blog\\\/culture-talks-29-de-onde-surgiu-o-genero-terror\\\/#breadcrumb\",\"itemListElement\":[{\"@type\":\"ListItem\",\"position\":1,\"name\":\"In\u00edcio\",\"item\":\"https:\\\/\\\/homolog.fluency.io\\\/br\\\/\"},{\"@type\":\"ListItem\",\"position\":2,\"name\":\"Culture Talks: De onde surgiu o g\u00eanero terror?\"}]},{\"@type\":\"WebSite\",\"@id\":\"https:\\\/\\\/homolog.fluency.io\\\/br\\\/#website\",\"url\":\"https:\\\/\\\/homolog.fluency.io\\\/br\\\/\",\"name\":\"Fluency.io Brasil\",\"description\":\"\",\"potentialAction\":[{\"@type\":\"SearchAction\",\"target\":{\"@type\":\"EntryPoint\",\"urlTemplate\":\"https:\\\/\\\/homolog.fluency.io\\\/br\\\/?s={search_term_string}\"},\"query-input\":{\"@type\":\"PropertyValueSpecification\",\"valueRequired\":true,\"valueName\":\"search_term_string\"}}],\"inLanguage\":\"pt-BR\"},{\"@type\":\"Person\",\"@id\":\"https:\\\/\\\/homolog.fluency.io\\\/br\\\/#\\\/schema\\\/person\\\/395d83f1006a72bd4912230eea50ff6f\",\"name\":\"marcelo\",\"image\":{\"@type\":\"ImageObject\",\"inLanguage\":\"pt-BR\",\"@id\":\"https:\\\/\\\/secure.gravatar.com\\\/avatar\\\/9050681441880d21ef4048d38965a107dc5b77bf302f57fa3939973bdafa41d8?s=96&d=mm&r=g\",\"url\":\"https:\\\/\\\/secure.gravatar.com\\\/avatar\\\/9050681441880d21ef4048d38965a107dc5b77bf302f57fa3939973bdafa41d8?s=96&d=mm&r=g\",\"contentUrl\":\"https:\\\/\\\/secure.gravatar.com\\\/avatar\\\/9050681441880d21ef4048d38965a107dc5b77bf302f57fa3939973bdafa41d8?s=96&d=mm&r=g\",\"caption\":\"marcelo\"},\"url\":\"https:\\\/\\\/homolog.fluency.io\\\/br\\\/author\\\/marcelo\\\/\"}]}<\/script>\n<!-- \/ Yoast SEO plugin. -->","yoast_head_json":{"title":"Culture Talks: De onde surgiu o g\u00eanero terror?","description":"E o treino come\u00e7a agora! Ent\u00e3o coloque o fone e d\u00ea play neste epis\u00f3dio!","robots":{"index":"noindex","follow":"follow","max-snippet":"max-snippet:-1","max-image-preview":"max-image-preview:large","max-video-preview":"max-video-preview:-1"},"og_locale":"pt_BR","og_type":"article","og_title":"Culture Talks: De onde surgiu o g\u00eanero terror?","og_description":"E o treino come\u00e7a agora! Ent\u00e3o coloque o fone e d\u00ea play neste epis\u00f3dio!","og_url":"https:\/\/fluency.io\/br\/blog\/culture-talks-29-de-onde-surgiu-o-genero-terror\/","og_site_name":"Fluency.io Brasil","article_published_time":"2022-10-11T19:57:00+00:00","article_modified_time":"2024-08-26T14:33:40+00:00","og_image":[{"width":1210,"height":680,"url":"https:\/\/fluency.io\/br\/wp-content\/uploads\/sites\/3\/2023\/12\/ING_Culture-Talks_29_THUMB-PORTAL.jpg","type":"image\/jpeg"}],"twitter_card":"summary_large_image","twitter_misc":{"Escrito por":"marcelo","Est. tempo de leitura":"1 minuto"},"schema":{"@context":"https:\/\/schema.org","@graph":[{"@type":"Article","@id":"https:\/\/fluency.io\/br\/blog\/culture-talks-29-de-onde-surgiu-o-genero-terror\/#article","isPartOf":{"@id":"https:\/\/fluency.io\/br\/blog\/culture-talks-29-de-onde-surgiu-o-genero-terror\/"},"author":{"name":"marcelo","@id":"https:\/\/homolog.fluency.io\/br\/#\/schema\/person\/395d83f1006a72bd4912230eea50ff6f"},"headline":"Culture Talks: De onde surgiu o g\u00eanero terror?","datePublished":"2022-10-11T19:57:00+00:00","dateModified":"2024-08-26T14:33:40+00:00","mainEntityOfPage":{"@id":"https:\/\/fluency.io\/br\/blog\/culture-talks-29-de-onde-surgiu-o-genero-terror\/"},"wordCount":134,"commentCount":0,"image":{"@id":"https:\/\/fluency.io\/br\/blog\/culture-talks-29-de-onde-surgiu-o-genero-terror\/#primaryimage"},"thumbnailUrl":"https:\/\/homolog.fluency.io\/br\/wp-content\/uploads\/sites\/3\/2023\/12\/ING_Culture-Talks_29_THUMB-PORTAL.jpg","articleSection":["Cultura"],"inLanguage":"pt-BR","potentialAction":[{"@type":"CommentAction","name":"Comment","target":["https:\/\/fluency.io\/br\/blog\/culture-talks-29-de-onde-surgiu-o-genero-terror\/#respond"]}]},{"@type":"WebPage","@id":"https:\/\/fluency.io\/br\/blog\/culture-talks-29-de-onde-surgiu-o-genero-terror\/","url":"https:\/\/fluency.io\/br\/blog\/culture-talks-29-de-onde-surgiu-o-genero-terror\/","name":"Culture Talks: De onde surgiu o g\u00eanero terror?","isPartOf":{"@id":"https:\/\/homolog.fluency.io\/br\/#website"},"primaryImageOfPage":{"@id":"https:\/\/fluency.io\/br\/blog\/culture-talks-29-de-onde-surgiu-o-genero-terror\/#primaryimage"},"image":{"@id":"https:\/\/fluency.io\/br\/blog\/culture-talks-29-de-onde-surgiu-o-genero-terror\/#primaryimage"},"thumbnailUrl":"https:\/\/homolog.fluency.io\/br\/wp-content\/uploads\/sites\/3\/2023\/12\/ING_Culture-Talks_29_THUMB-PORTAL.jpg","datePublished":"2022-10-11T19:57:00+00:00","dateModified":"2024-08-26T14:33:40+00:00","author":{"@id":"https:\/\/homolog.fluency.io\/br\/#\/schema\/person\/395d83f1006a72bd4912230eea50ff6f"},"description":"E o treino come\u00e7a agora! Ent\u00e3o coloque o fone e d\u00ea play neste epis\u00f3dio!","breadcrumb":{"@id":"https:\/\/fluency.io\/br\/blog\/culture-talks-29-de-onde-surgiu-o-genero-terror\/#breadcrumb"},"inLanguage":"pt-BR","potentialAction":[{"@type":"ReadAction","target":["https:\/\/fluency.io\/br\/blog\/culture-talks-29-de-onde-surgiu-o-genero-terror\/"]}]},{"@type":"ImageObject","inLanguage":"pt-BR","@id":"https:\/\/fluency.io\/br\/blog\/culture-talks-29-de-onde-surgiu-o-genero-terror\/#primaryimage","url":"https:\/\/homolog.fluency.io\/br\/wp-content\/uploads\/sites\/3\/2023\/12\/ING_Culture-Talks_29_THUMB-PORTAL.jpg","contentUrl":"https:\/\/homolog.fluency.io\/br\/wp-content\/uploads\/sites\/3\/2023\/12\/ING_Culture-Talks_29_THUMB-PORTAL.jpg","width":1210,"height":680,"caption":"fluency-academy"},{"@type":"BreadcrumbList","@id":"https:\/\/fluency.io\/br\/blog\/culture-talks-29-de-onde-surgiu-o-genero-terror\/#breadcrumb","itemListElement":[{"@type":"ListItem","position":1,"name":"In\u00edcio","item":"https:\/\/homolog.fluency.io\/br\/"},{"@type":"ListItem","position":2,"name":"Culture Talks: De onde surgiu o g\u00eanero terror?"}]},{"@type":"WebSite","@id":"https:\/\/homolog.fluency.io\/br\/#website","url":"https:\/\/homolog.fluency.io\/br\/","name":"Fluency.io Brasil","description":"","potentialAction":[{"@type":"SearchAction","target":{"@type":"EntryPoint","urlTemplate":"https:\/\/homolog.fluency.io\/br\/?s={search_term_string}"},"query-input":{"@type":"PropertyValueSpecification","valueRequired":true,"valueName":"search_term_string"}}],"inLanguage":"pt-BR"},{"@type":"Person","@id":"https:\/\/homolog.fluency.io\/br\/#\/schema\/person\/395d83f1006a72bd4912230eea50ff6f","name":"marcelo","image":{"@type":"ImageObject","inLanguage":"pt-BR","@id":"https:\/\/secure.gravatar.com\/avatar\/9050681441880d21ef4048d38965a107dc5b77bf302f57fa3939973bdafa41d8?s=96&d=mm&r=g","url":"https:\/\/secure.gravatar.com\/avatar\/9050681441880d21ef4048d38965a107dc5b77bf302f57fa3939973bdafa41d8?s=96&d=mm&r=g","contentUrl":"https:\/\/secure.gravatar.com\/avatar\/9050681441880d21ef4048d38965a107dc5b77bf302f57fa3939973bdafa41d8?s=96&d=mm&r=g","caption":"marcelo"},"url":"https:\/\/homolog.fluency.io\/br\/author\/marcelo\/"}]}},"_links":{"self":[{"href":"https:\/\/homolog.fluency.io\/br\/wp-json\/wp\/v2\/posts\/66062","targetHints":{"allow":["GET"]}}],"collection":[{"href":"https:\/\/homolog.fluency.io\/br\/wp-json\/wp\/v2\/posts"}],"about":[{"href":"https:\/\/homolog.fluency.io\/br\/wp-json\/wp\/v2\/types\/post"}],"author":[{"embeddable":true,"href":"https:\/\/homolog.fluency.io\/br\/wp-json\/wp\/v2\/users\/6"}],"replies":[{"embeddable":true,"href":"https:\/\/homolog.fluency.io\/br\/wp-json\/wp\/v2\/comments?post=66062"}],"version-history":[{"count":1,"href":"https:\/\/homolog.fluency.io\/br\/wp-json\/wp\/v2\/posts\/66062\/revisions"}],"predecessor-version":[{"id":69632,"href":"https:\/\/homolog.fluency.io\/br\/wp-json\/wp\/v2\/posts\/66062\/revisions\/69632"}],"wp:featuredmedia":[{"embeddable":true,"href":"https:\/\/homolog.fluency.io\/br\/wp-json\/wp\/v2\/media\/66063"}],"wp:attachment":[{"href":"https:\/\/homolog.fluency.io\/br\/wp-json\/wp\/v2\/media?parent=66062"}],"wp:term":[{"taxonomy":"category","embeddable":true,"href":"https:\/\/homolog.fluency.io\/br\/wp-json\/wp\/v2\/categories?post=66062"},{"taxonomy":"post_tag","embeddable":true,"href":"https:\/\/homolog.fluency.io\/br\/wp-json\/wp\/v2\/tags?post=66062"},{"taxonomy":"format","embeddable":true,"href":"https:\/\/homolog.fluency.io\/br\/wp-json\/wp\/v2\/format?post=66062"},{"taxonomy":"trilha","embeddable":true,"href":"https:\/\/homolog.fluency.io\/br\/wp-json\/wp\/v2\/trilha?post=66062"}],"curies":[{"name":"wp","href":"https:\/\/api.w.org\/{rel}","templated":true}]}}