{"id":73868,"date":"2024-04-25T13:23:42","date_gmt":"2024-04-25T13:23:42","guid":{"rendered":"https:\/\/fluency.io\/br\/?post_type=post&#038;p=73868"},"modified":"2024-08-26T11:19:08","modified_gmt":"2024-08-26T14:19:08","slug":"quarta-feira-em-espanhol","status":"publish","type":"post","link":"https:\/\/homolog.fluency.io\/br\/blog\/quarta-feira-em-espanhol\/","title":{"rendered":"Como se diz Quarta Feira em Espanhol?"},"content":{"rendered":"<p>Quarta-feira em espanhol se diz <em>mi\u00e9rcoles<\/em>, e como essa palavra carrega hist\u00f3rias! Prepare-se para explorar a riqueza cultural e lingu\u00edstica por tr\u00e1s desse dia da semana, onde vamos desvendar curiosidades, usos e a hist\u00f3ria dessa palavra vibrante.<\/p>\n<p>Este artigo n\u00e3o \u00e9 apenas um guia para aprender a dizer os dias da semana em espanhol; \u00e9 uma jornada emocionante pelo idioma, revelando a profundidade e a beleza de cada dia em uma nova cultura. Vamos mergulhar no fascinante mundo do espanhol de uma maneira divertida e informativa!<\/p>\n<h2>Por que <em>Mi\u00e9rcoles<\/em>?<\/h2>\n<h3>Entendendo as Ra\u00edzes da Palavra<\/h3>\n<p><em>Mi\u00e9rcoles<\/em>\u00a0vem do latim &#8220;<em>Mercurii die<\/em>s&#8221;, que significa dia de Merc\u00fario, o mensageiro dos deuses. Essa origem compartilhada com outras l\u00ednguas rom\u00e2nicas revela muito sobre a hist\u00f3ria e a evolu\u00e7\u00e3o do espanhol. Vamos explorar como essa palavra se entrela\u00e7a com a cultura e a hist\u00f3ria, refletindo as influ\u00eancias antigas no idioma moderno.<\/p>\n<h3>Exemplos de Uso no Dia a Dia<\/h3>\n<ul>\n<li><em>&#8220;El mi\u00e9rcoles tengo una reuni\u00f3n importante&#8221;<\/em> &#8211; uma forma comum de expressar compromissos futuros.<\/li>\n<li><em>&#8220;\u00bfNos vemos el pr\u00f3ximo mi\u00e9rcoles?&#8221;<\/em> &#8211; um convite casual entre amigos.<\/li>\n<li><em>&#8220;Los mi\u00e9rcoles suelo ir al gimnasio&#8221;<\/em> &#8211; expressando h\u00e1bitos regulares.<\/li>\n<li><em>&#8220;Mi\u00e9rcoles es mi d\u00eda favorito de la semana&#8221;<\/em> &#8211; uma express\u00e3o de prefer\u00eancia pessoal.<\/li>\n<li><em>&#8220;Este mi\u00e9rcoles ser\u00e1 feriado&#8221;<\/em> &#8211; falando sobre eventos especiais ou feriados.<\/li>\n<\/ul>\n<h2>Como usar <em>Mi\u00e9rcoles<\/em> em frases comuns?<\/h2>\n<h3>Frases do Cotidiano<\/h3>\n<p>Aqui, exploraremos como <em>mi\u00e9rcoles<\/em> se adapta a diversas situa\u00e7\u00f5es, desde planos cotidianos at\u00e9 express\u00f5es de sentimentos e expectativas.<\/p>\n<h3>Exemplos Pr\u00e1ticos<\/h3>\n<ul>\n<li><em>&#8220;El mi\u00e9rcoles por la ma\u00f1ana, siempre desayuno en la cafeter\u00eda&#8221;<\/em> &#8211; uma rotina matinal t\u00edpica.<\/li>\n<li><em>&#8220;Mi\u00e9rcoles, ya falta menos para el fin de semana&#8221;<\/em> &#8211; expressando a antecipa\u00e7\u00e3o pelo fim de semana.<\/li>\n<li><em>&#8220;El mi\u00e9rcoles es el d\u00eda m\u00e1s tranquilo en la oficina&#8221;<\/em> &#8211; comentando sobre o ambiente de trabalho.<\/li>\n<li><em>&#8220;Vamos al cine el mi\u00e9rcoles?&#8221;<\/em> &#8211; um convite informal e comum.<\/li>\n<li><em>&#8220;Recuerdo aquel mi\u00e9rcoles como si fuera ayer&#8221;<\/em> &#8211; uma express\u00e3o nost\u00e1lgica.<\/li>\n<\/ul>\n<h2>Curiosidades Culturais: <em>Mi\u00e9rcoles<\/em> em Pa\u00edses de L\u00edngua Espanhola<\/h2>\n<h3>Diferen\u00e7as Regionais e Express\u00f5es<\/h3>\n<p><em>Mi\u00e9rcoles<\/em> n\u00e3o \u00e9 apenas uma palavra, \u00e9 uma parte da identidade cultural. Em cada pa\u00eds de l\u00edngua espanhola, ela pode ter nuances \u00fanicas. Vamos explorar essas diferen\u00e7as e descobrir como uma simples palavra pode se transformar em express\u00f5es carregadas de significado e emo\u00e7\u00e3o.<\/p>\n<h3>Exemplos Curiosos<\/h3>\n<ul>\n<li><em>&#8220;\u00a1Mi\u00e9rcoles, qu\u00e9 calor hace hoy!&#8221;<\/em> &#8211; uma exclama\u00e7\u00e3o sobre o clima, comum em pa\u00edses de clima quente.<\/li>\n<li><em>&#8220;Me olvid\u00e9 el paraguas en casa, \u00a1mi\u00e9rcoles!&#8221;<\/em> &#8211; expressando frustra\u00e7\u00e3o de forma leve.<\/li>\n<li><em>&#8220;En Argentina, decimos &#8216;mi\u00e9rcoles&#8217; para evitar malas palabras&#8221;<\/em> &#8211; um exemplo de como a cultura molda o uso da linguagem.<\/li>\n<li><em>&#8220;Mi\u00e9rcoles, se me olvid\u00f3 la tarea&#8221;<\/em> &#8211; uma express\u00e3o coloquial de esquecimento ou surpresa.<\/li>\n<li><em>&#8220;\u00a1Mi\u00e9rcoles! Eso fue inesperado&#8221;<\/em> &#8211; uma rea\u00e7\u00e3o a algo surpreendente ou inusitado.<\/li>\n<\/ul>\n<p>\ud83d\udcda Curtindo essa viagem pelo mundo do espanhol? Que tal levar seu aprendizado a um novo n\u00edvel com nosso <a href=\"\/br\/cursos\/espanhol\">curso de espanhol completo<\/a>? Cada <em>mi\u00e9rcoles<\/em> pode ser uma nova oportunidade de se conectar com uma cultura rica e vibrante. Transforme seus &#8216;mi\u00e9rcoles&#8217; em dias de aprendizado e divers\u00e3o! \ud83d\ude80<\/p>\n<h2>Perguntas Frequentes<\/h2>\n<ul>\n<li><strong>Como se diz &#8220;na pr\u00f3xima quarta-feira&#8221; em espanhol?<\/strong><br \/>\n&#8220;<em>El pr\u00f3ximo mi\u00e9rcoles<\/em>&#8221; &#8211; uma express\u00e3o usada para planejar eventos futuros.<\/li>\n<li><strong><em>Mi\u00e9rcoles<\/em> pode ser usado de maneira coloquial?<\/strong><br \/>\nSim, em v\u00e1rios pa\u00edses, \u00e9 uma forma leve de expressar surpresa ou frustra\u00e7\u00e3o.<\/li>\n<li><strong>Existe alguma diferen\u00e7a na pron\u00fancia de <em>mi\u00e9rcoles<\/em> entre os pa\u00edses hispanohablantes?<\/strong><br \/>\nAs varia\u00e7\u00f5es s\u00e3o sutis, mas a ess\u00eancia da pron\u00fancia permanece similar.<\/li>\n<\/ul>\n<h2>Conclus\u00e3o<\/h2>\n<p><em>Mi\u00e9rcoles<\/em> \u00e9 mais do que apenas a tradu\u00e7\u00e3o de &#8220;quarta-feira&#8221; para o espanhol; \u00e9 uma palavra que nos leva a uma viagem atrav\u00e9s de culturas, hist\u00f3rias e express\u00f5es. Este artigo n\u00e3o apenas lhe ensinou a dizer &#8220;quarta-feira&#8221; em espanhol, mas tamb\u00e9m ofereceu um vislumbre do riqueza cultural e lingu\u00edstica que a palavra carrega. Agora, ao chegar cada <em>mi\u00e9rcoles<\/em>, voc\u00ea ter\u00e1 uma nova perspectiva e, quem sabe, at\u00e9 uma nova hist\u00f3ria para contar!<\/p>\n<p>\ud83d\udcc5 Curioso para saber mais sobre os outros <a href=\"\/br\/blog\/dias-da-semana-em-espanhol\/\">dias da semana em espanhol<\/a> e suas origens fascinantes? Confira nosso artigo detalhado que explora cada dia com insights culturais e lingu\u00edsticos!<\/p>\n","protected":false},"excerpt":{"rendered":"<p>Quarta-feira em espanhol se diz &#8216;mi\u00e9rcoles&#8217;. Explore seus sua origem, usos cotidianos e como essa palavra \u00e9 usada coloquialmente em algumas express\u00f5es de surpresa ou frustra\u00e7\u00e3o. Leia nosso conte\u00fado e dinamize seu vocabul\u00e1rio!<\/p>\n","protected":false},"author":7,"featured_media":73869,"comment_status":"open","ping_status":"open","sticky":false,"template":"","format":[186],"meta":{"inline_featured_image":false,"footnotes":""},"categories":[171],"tags":[],"trilha":[],"class_list":["post-73868","post","type-post","status-publish","format-standard","has-post-thumbnail","hentry","category-vocabulario","format-artigos"],"acf":[],"yoast_head":"<!-- This site is optimized with the Yoast SEO plugin v27.4 - https:\/\/yoast.com\/product\/yoast-seo-wordpress\/ -->\n<title>Aprenda Como se Diz Quarta-feira em Espanhol<\/title>\n<meta name=\"description\" content=\"Descubra a tradu\u00e7\u00e3o e usos de quarta feira em espanhol! Explore express\u00f5es, exemplos e dicas neste conte\u00fado. Idioma e divers\u00e3o juntos!\" \/>\n<meta name=\"robots\" content=\"noindex, follow, max-snippet:-1, max-image-preview:large, max-video-preview:-1\" \/>\n<meta property=\"og:locale\" content=\"pt_BR\" \/>\n<meta property=\"og:type\" content=\"article\" \/>\n<meta property=\"og:title\" content=\"Aprenda Como se Diz Quarta-feira em Espanhol\" \/>\n<meta property=\"og:description\" content=\"Descubra a tradu\u00e7\u00e3o e usos de quarta feira em espanhol! Explore express\u00f5es, exemplos e dicas neste conte\u00fado. Idioma e divers\u00e3o juntos!\" \/>\n<meta property=\"og:url\" content=\"https:\/\/fluency.io\/br\/blog\/quarta-feira-em-espanhol\/\" \/>\n<meta property=\"og:site_name\" content=\"Fluency.io Brasil\" \/>\n<meta property=\"article:published_time\" content=\"2024-04-25T13:23:42+00:00\" \/>\n<meta property=\"article:modified_time\" content=\"2024-08-26T14:19:08+00:00\" \/>\n<meta property=\"og:image\" content=\"https:\/\/fluency.io\/br\/wp-content\/uploads\/sites\/3\/2024\/04\/quarta-feira-em-espanhol.jpg\" \/>\n\t<meta property=\"og:image:width\" content=\"1218\" \/>\n\t<meta property=\"og:image:height\" content=\"688\" \/>\n\t<meta property=\"og:image:type\" content=\"image\/jpeg\" \/>\n<meta name=\"twitter:card\" content=\"summary_large_image\" \/>\n<meta name=\"twitter:label1\" content=\"Escrito por\" \/>\n\t<meta name=\"twitter:data1\" content=\"arthur\" \/>\n\t<meta name=\"twitter:label2\" content=\"Est. tempo de leitura\" \/>\n\t<meta name=\"twitter:data2\" content=\"4 minutos\" \/>\n<script type=\"application\/ld+json\" class=\"yoast-schema-graph\">{\"@context\":\"https:\\\/\\\/schema.org\",\"@graph\":[{\"@type\":\"Article\",\"@id\":\"https:\\\/\\\/fluency.io\\\/br\\\/blog\\\/quarta-feira-em-espanhol\\\/#article\",\"isPartOf\":{\"@id\":\"https:\\\/\\\/fluency.io\\\/br\\\/blog\\\/quarta-feira-em-espanhol\\\/\"},\"author\":{\"name\":\"arthur\",\"@id\":\"https:\\\/\\\/homolog.fluency.io\\\/br\\\/#\\\/schema\\\/person\\\/92eee0b2bebf85e98502808e39f0f3f0\"},\"headline\":\"Como se diz Quarta Feira em Espanhol?\",\"datePublished\":\"2024-04-25T13:23:42+00:00\",\"dateModified\":\"2024-08-26T14:19:08+00:00\",\"mainEntityOfPage\":{\"@id\":\"https:\\\/\\\/fluency.io\\\/br\\\/blog\\\/quarta-feira-em-espanhol\\\/\"},\"wordCount\":758,\"commentCount\":0,\"image\":{\"@id\":\"https:\\\/\\\/fluency.io\\\/br\\\/blog\\\/quarta-feira-em-espanhol\\\/#primaryimage\"},\"thumbnailUrl\":\"https:\\\/\\\/homolog.fluency.io\\\/br\\\/wp-content\\\/uploads\\\/sites\\\/3\\\/2024\\\/04\\\/quarta-feira-em-espanhol.jpg\",\"articleSection\":[\"Vocabul\u00e1rio\"],\"inLanguage\":\"pt-BR\",\"potentialAction\":[{\"@type\":\"CommentAction\",\"name\":\"Comment\",\"target\":[\"https:\\\/\\\/fluency.io\\\/br\\\/blog\\\/quarta-feira-em-espanhol\\\/#respond\"]}]},{\"@type\":\"WebPage\",\"@id\":\"https:\\\/\\\/fluency.io\\\/br\\\/blog\\\/quarta-feira-em-espanhol\\\/\",\"url\":\"https:\\\/\\\/fluency.io\\\/br\\\/blog\\\/quarta-feira-em-espanhol\\\/\",\"name\":\"Aprenda Como se Diz Quarta-feira em Espanhol\",\"isPartOf\":{\"@id\":\"https:\\\/\\\/homolog.fluency.io\\\/br\\\/#website\"},\"primaryImageOfPage\":{\"@id\":\"https:\\\/\\\/fluency.io\\\/br\\\/blog\\\/quarta-feira-em-espanhol\\\/#primaryimage\"},\"image\":{\"@id\":\"https:\\\/\\\/fluency.io\\\/br\\\/blog\\\/quarta-feira-em-espanhol\\\/#primaryimage\"},\"thumbnailUrl\":\"https:\\\/\\\/homolog.fluency.io\\\/br\\\/wp-content\\\/uploads\\\/sites\\\/3\\\/2024\\\/04\\\/quarta-feira-em-espanhol.jpg\",\"datePublished\":\"2024-04-25T13:23:42+00:00\",\"dateModified\":\"2024-08-26T14:19:08+00:00\",\"author\":{\"@id\":\"https:\\\/\\\/homolog.fluency.io\\\/br\\\/#\\\/schema\\\/person\\\/92eee0b2bebf85e98502808e39f0f3f0\"},\"description\":\"Descubra a tradu\u00e7\u00e3o e usos de quarta feira em espanhol! Explore express\u00f5es, exemplos e dicas neste conte\u00fado. Idioma e divers\u00e3o juntos!\",\"breadcrumb\":{\"@id\":\"https:\\\/\\\/fluency.io\\\/br\\\/blog\\\/quarta-feira-em-espanhol\\\/#breadcrumb\"},\"inLanguage\":\"pt-BR\",\"potentialAction\":[{\"@type\":\"ReadAction\",\"target\":[\"https:\\\/\\\/fluency.io\\\/br\\\/blog\\\/quarta-feira-em-espanhol\\\/\"]}]},{\"@type\":\"ImageObject\",\"inLanguage\":\"pt-BR\",\"@id\":\"https:\\\/\\\/fluency.io\\\/br\\\/blog\\\/quarta-feira-em-espanhol\\\/#primaryimage\",\"url\":\"https:\\\/\\\/homolog.fluency.io\\\/br\\\/wp-content\\\/uploads\\\/sites\\\/3\\\/2024\\\/04\\\/quarta-feira-em-espanhol.jpg\",\"contentUrl\":\"https:\\\/\\\/homolog.fluency.io\\\/br\\\/wp-content\\\/uploads\\\/sites\\\/3\\\/2024\\\/04\\\/quarta-feira-em-espanhol.jpg\",\"width\":1218,\"height\":688,\"caption\":\"quarta feira em espanhol\"},{\"@type\":\"BreadcrumbList\",\"@id\":\"https:\\\/\\\/fluency.io\\\/br\\\/blog\\\/quarta-feira-em-espanhol\\\/#breadcrumb\",\"itemListElement\":[{\"@type\":\"ListItem\",\"position\":1,\"name\":\"In\u00edcio\",\"item\":\"https:\\\/\\\/homolog.fluency.io\\\/br\\\/\"},{\"@type\":\"ListItem\",\"position\":2,\"name\":\"Como se diz Quarta Feira em Espanhol?\"}]},{\"@type\":\"WebSite\",\"@id\":\"https:\\\/\\\/homolog.fluency.io\\\/br\\\/#website\",\"url\":\"https:\\\/\\\/homolog.fluency.io\\\/br\\\/\",\"name\":\"Fluency.io Brasil\",\"description\":\"\",\"potentialAction\":[{\"@type\":\"SearchAction\",\"target\":{\"@type\":\"EntryPoint\",\"urlTemplate\":\"https:\\\/\\\/homolog.fluency.io\\\/br\\\/?s={search_term_string}\"},\"query-input\":{\"@type\":\"PropertyValueSpecification\",\"valueRequired\":true,\"valueName\":\"search_term_string\"}}],\"inLanguage\":\"pt-BR\"},{\"@type\":\"Person\",\"@id\":\"https:\\\/\\\/homolog.fluency.io\\\/br\\\/#\\\/schema\\\/person\\\/92eee0b2bebf85e98502808e39f0f3f0\",\"name\":\"arthur\",\"image\":{\"@type\":\"ImageObject\",\"inLanguage\":\"pt-BR\",\"@id\":\"https:\\\/\\\/secure.gravatar.com\\\/avatar\\\/b8f1e57206106c276f14272a2ae3f584a7378538dff1c9fa38395198ec40d296?s=96&d=mm&r=g\",\"url\":\"https:\\\/\\\/secure.gravatar.com\\\/avatar\\\/b8f1e57206106c276f14272a2ae3f584a7378538dff1c9fa38395198ec40d296?s=96&d=mm&r=g\",\"contentUrl\":\"https:\\\/\\\/secure.gravatar.com\\\/avatar\\\/b8f1e57206106c276f14272a2ae3f584a7378538dff1c9fa38395198ec40d296?s=96&d=mm&r=g\",\"caption\":\"arthur\"},\"url\":\"https:\\\/\\\/homolog.fluency.io\\\/br\\\/author\\\/arthur\\\/\"}]}<\/script>\n<!-- \/ Yoast SEO plugin. -->","yoast_head_json":{"title":"Aprenda Como se Diz Quarta-feira em Espanhol","description":"Descubra a tradu\u00e7\u00e3o e usos de quarta feira em espanhol! Explore express\u00f5es, exemplos e dicas neste conte\u00fado. Idioma e divers\u00e3o juntos!","robots":{"index":"noindex","follow":"follow","max-snippet":"max-snippet:-1","max-image-preview":"max-image-preview:large","max-video-preview":"max-video-preview:-1"},"og_locale":"pt_BR","og_type":"article","og_title":"Aprenda Como se Diz Quarta-feira em Espanhol","og_description":"Descubra a tradu\u00e7\u00e3o e usos de quarta feira em espanhol! Explore express\u00f5es, exemplos e dicas neste conte\u00fado. Idioma e divers\u00e3o juntos!","og_url":"https:\/\/fluency.io\/br\/blog\/quarta-feira-em-espanhol\/","og_site_name":"Fluency.io Brasil","article_published_time":"2024-04-25T13:23:42+00:00","article_modified_time":"2024-08-26T14:19:08+00:00","og_image":[{"width":1218,"height":688,"url":"https:\/\/fluency.io\/br\/wp-content\/uploads\/sites\/3\/2024\/04\/quarta-feira-em-espanhol.jpg","type":"image\/jpeg"}],"twitter_card":"summary_large_image","twitter_misc":{"Escrito por":"arthur","Est. tempo de leitura":"4 minutos"},"schema":{"@context":"https:\/\/schema.org","@graph":[{"@type":"Article","@id":"https:\/\/fluency.io\/br\/blog\/quarta-feira-em-espanhol\/#article","isPartOf":{"@id":"https:\/\/fluency.io\/br\/blog\/quarta-feira-em-espanhol\/"},"author":{"name":"arthur","@id":"https:\/\/homolog.fluency.io\/br\/#\/schema\/person\/92eee0b2bebf85e98502808e39f0f3f0"},"headline":"Como se diz Quarta Feira em Espanhol?","datePublished":"2024-04-25T13:23:42+00:00","dateModified":"2024-08-26T14:19:08+00:00","mainEntityOfPage":{"@id":"https:\/\/fluency.io\/br\/blog\/quarta-feira-em-espanhol\/"},"wordCount":758,"commentCount":0,"image":{"@id":"https:\/\/fluency.io\/br\/blog\/quarta-feira-em-espanhol\/#primaryimage"},"thumbnailUrl":"https:\/\/homolog.fluency.io\/br\/wp-content\/uploads\/sites\/3\/2024\/04\/quarta-feira-em-espanhol.jpg","articleSection":["Vocabul\u00e1rio"],"inLanguage":"pt-BR","potentialAction":[{"@type":"CommentAction","name":"Comment","target":["https:\/\/fluency.io\/br\/blog\/quarta-feira-em-espanhol\/#respond"]}]},{"@type":"WebPage","@id":"https:\/\/fluency.io\/br\/blog\/quarta-feira-em-espanhol\/","url":"https:\/\/fluency.io\/br\/blog\/quarta-feira-em-espanhol\/","name":"Aprenda Como se Diz Quarta-feira em Espanhol","isPartOf":{"@id":"https:\/\/homolog.fluency.io\/br\/#website"},"primaryImageOfPage":{"@id":"https:\/\/fluency.io\/br\/blog\/quarta-feira-em-espanhol\/#primaryimage"},"image":{"@id":"https:\/\/fluency.io\/br\/blog\/quarta-feira-em-espanhol\/#primaryimage"},"thumbnailUrl":"https:\/\/homolog.fluency.io\/br\/wp-content\/uploads\/sites\/3\/2024\/04\/quarta-feira-em-espanhol.jpg","datePublished":"2024-04-25T13:23:42+00:00","dateModified":"2024-08-26T14:19:08+00:00","author":{"@id":"https:\/\/homolog.fluency.io\/br\/#\/schema\/person\/92eee0b2bebf85e98502808e39f0f3f0"},"description":"Descubra a tradu\u00e7\u00e3o e usos de quarta feira em espanhol! Explore express\u00f5es, exemplos e dicas neste conte\u00fado. Idioma e divers\u00e3o juntos!","breadcrumb":{"@id":"https:\/\/fluency.io\/br\/blog\/quarta-feira-em-espanhol\/#breadcrumb"},"inLanguage":"pt-BR","potentialAction":[{"@type":"ReadAction","target":["https:\/\/fluency.io\/br\/blog\/quarta-feira-em-espanhol\/"]}]},{"@type":"ImageObject","inLanguage":"pt-BR","@id":"https:\/\/fluency.io\/br\/blog\/quarta-feira-em-espanhol\/#primaryimage","url":"https:\/\/homolog.fluency.io\/br\/wp-content\/uploads\/sites\/3\/2024\/04\/quarta-feira-em-espanhol.jpg","contentUrl":"https:\/\/homolog.fluency.io\/br\/wp-content\/uploads\/sites\/3\/2024\/04\/quarta-feira-em-espanhol.jpg","width":1218,"height":688,"caption":"quarta feira em espanhol"},{"@type":"BreadcrumbList","@id":"https:\/\/fluency.io\/br\/blog\/quarta-feira-em-espanhol\/#breadcrumb","itemListElement":[{"@type":"ListItem","position":1,"name":"In\u00edcio","item":"https:\/\/homolog.fluency.io\/br\/"},{"@type":"ListItem","position":2,"name":"Como se diz Quarta Feira em Espanhol?"}]},{"@type":"WebSite","@id":"https:\/\/homolog.fluency.io\/br\/#website","url":"https:\/\/homolog.fluency.io\/br\/","name":"Fluency.io Brasil","description":"","potentialAction":[{"@type":"SearchAction","target":{"@type":"EntryPoint","urlTemplate":"https:\/\/homolog.fluency.io\/br\/?s={search_term_string}"},"query-input":{"@type":"PropertyValueSpecification","valueRequired":true,"valueName":"search_term_string"}}],"inLanguage":"pt-BR"},{"@type":"Person","@id":"https:\/\/homolog.fluency.io\/br\/#\/schema\/person\/92eee0b2bebf85e98502808e39f0f3f0","name":"arthur","image":{"@type":"ImageObject","inLanguage":"pt-BR","@id":"https:\/\/secure.gravatar.com\/avatar\/b8f1e57206106c276f14272a2ae3f584a7378538dff1c9fa38395198ec40d296?s=96&d=mm&r=g","url":"https:\/\/secure.gravatar.com\/avatar\/b8f1e57206106c276f14272a2ae3f584a7378538dff1c9fa38395198ec40d296?s=96&d=mm&r=g","contentUrl":"https:\/\/secure.gravatar.com\/avatar\/b8f1e57206106c276f14272a2ae3f584a7378538dff1c9fa38395198ec40d296?s=96&d=mm&r=g","caption":"arthur"},"url":"https:\/\/homolog.fluency.io\/br\/author\/arthur\/"}]}},"_links":{"self":[{"href":"https:\/\/homolog.fluency.io\/br\/wp-json\/wp\/v2\/posts\/73868","targetHints":{"allow":["GET"]}}],"collection":[{"href":"https:\/\/homolog.fluency.io\/br\/wp-json\/wp\/v2\/posts"}],"about":[{"href":"https:\/\/homolog.fluency.io\/br\/wp-json\/wp\/v2\/types\/post"}],"author":[{"embeddable":true,"href":"https:\/\/homolog.fluency.io\/br\/wp-json\/wp\/v2\/users\/7"}],"replies":[{"embeddable":true,"href":"https:\/\/homolog.fluency.io\/br\/wp-json\/wp\/v2\/comments?post=73868"}],"version-history":[{"count":1,"href":"https:\/\/homolog.fluency.io\/br\/wp-json\/wp\/v2\/posts\/73868\/revisions"}],"predecessor-version":[{"id":73871,"href":"https:\/\/homolog.fluency.io\/br\/wp-json\/wp\/v2\/posts\/73868\/revisions\/73871"}],"wp:featuredmedia":[{"embeddable":true,"href":"https:\/\/homolog.fluency.io\/br\/wp-json\/wp\/v2\/media\/73869"}],"wp:attachment":[{"href":"https:\/\/homolog.fluency.io\/br\/wp-json\/wp\/v2\/media?parent=73868"}],"wp:term":[{"taxonomy":"category","embeddable":true,"href":"https:\/\/homolog.fluency.io\/br\/wp-json\/wp\/v2\/categories?post=73868"},{"taxonomy":"post_tag","embeddable":true,"href":"https:\/\/homolog.fluency.io\/br\/wp-json\/wp\/v2\/tags?post=73868"},{"taxonomy":"format","embeddable":true,"href":"https:\/\/homolog.fluency.io\/br\/wp-json\/wp\/v2\/format?post=73868"},{"taxonomy":"trilha","embeddable":true,"href":"https:\/\/homolog.fluency.io\/br\/wp-json\/wp\/v2\/trilha?post=73868"}],"curies":[{"name":"wp","href":"https:\/\/api.w.org\/{rel}","templated":true}]}}