{"id":50676,"date":"2023-12-07T00:11:58","date_gmt":"2023-12-07T00:11:58","guid":{"rendered":"https:\/\/fluency.io\/es\/blog\/walk-n-talk-29-ese-color-no-me-gusta-tienen-opciones\/"},"modified":"2024-07-30T17:53:52","modified_gmt":"2024-07-30T17:53:52","slug":"walk-n-talk-29-ese-color-no-me-gusta-tienen-opciones","status":"publish","type":"post","link":"https:\/\/homolog.fluency.io\/es\/blog\/walk-n-talk-29-ese-color-no-me-gusta-tienen-opciones\/","title":{"rendered":"Walk &#8216;n&#8217; Talk Essentials Portugu\u00e9s #29 &#8211; Ese color no me gusta! \u00bfTienen opciones?"},"content":{"rendered":"<p><em>Ol\u00e1! Tudo belezinha?<\/em><\/p>\n<p>Bienvenido, bienvenida a un nuevo episodio de nuestro <strong>Walk &#8216;n&#8217; Talk<\/strong>, \u00a1el podcast que te ayudar\u00e1 a hablar portugu\u00e9s de una vez por todas!<\/p>\n<p>\u00bfDe qu\u00e9 color es la ropa que usas mientras escuchas este episodio? \u00bfSabes c\u00f3mo decirla en portugu\u00e9s?<\/p>\n<h4>Di\u00e1logo<\/h4>\n<p><strong>A: <\/strong><em>Voc\u00ea acha que essa camiseta ficou boa?<\/em><\/p>\n<p><strong>B: <\/strong><em>Aff, ficou \u00f3tima!<\/em><\/p>\n<p><strong>A: <\/strong><em>Pois \u00e9, mas eu queria ver se tem outras cores.<\/em><\/p>\n<p><strong>B: <\/strong><em>Pera a\u00ed, vou chamar a vendedora. <\/em><\/p>\n<p><strong>C: <\/strong><em>Licen\u00e7a, a sua amiga disse que voc\u00ea queria ver outra cor.<\/em><\/p>\n<p><strong>A: <\/strong><em>Ent\u00e3o, n\u00e3o gosto muito de vermelho!<\/em><\/p>\n<p><strong>C: <\/strong><em>Nesse modelo temos preto e branco, cinza, rosa e roxo.<\/em><\/p>\n<h4>Tradu\u00e7\u00e3o | Traducci\u00f3n<\/h4>\n<p><strong>A: <em>Voc\u00ea acha que essa camiseta ficou boa?<br \/>\n\u200d<\/em><\/strong>\u00bfCrees que me qued\u00f3 buena esa camiseta?<\/p>\n<p><strong>B: <em>Aff, ficou \u00f3tima!<br \/>\n\u200d<\/em><\/strong>Por Dios, \u00a1qued\u00f3 muy buena!<\/p>\n<p><strong>A: <em>Pois \u00e9, mas eu queria ver se tem outras cores.<br \/>\n\u200d<\/em><\/strong>\u00a1Ay, s\u00ed! Pero me gustar\u00eda probarla en otros colores.<\/p>\n<p><strong>B: <em>Pera a\u00ed, vou chamar a vendedora.<br \/>\n\u200d<\/em><\/strong>Espera un momento, voy a buscar a la vendedora.<\/p>\n<p><strong>C: <em>Licen\u00e7a, a sua amiga disse que voc\u00ea queria ver outra cor.<br \/>\n\u200d<\/em><\/strong>Con permiso, tu amiga dijo que quer\u00edas mirar otro color.<\/p>\n<p><strong>A: <em>Ent\u00e3o, n\u00e3o gosto muito de vermelho!<br \/>\n\u200d<\/em><\/strong>\u00a1Es que no me gusta mucho el rojo!<\/p>\n<p><strong>C: <em>Nesse modelo temos preto e branco, cinza, rosa e roxo.<br \/>\n\u200d<\/em><\/strong>En ese modelo tenemos blanco y negro, gris, rosado y morado.<\/p>\n<h4>Expandindo seu vocabul\u00e1rio | Ampliando tu vocabulario<\/h4>\n<p><strong>Usos del verbo <em>ACHA<\/em>R en portugu\u00e9s<\/strong><\/p>\n<p>Este es un verbo muy importante en portugu\u00e9s y lo vas a utilizar much\u00edsimo. Atenci\u00f3n a algunos usos posibles y a los ejemplos, para que lo pongas en pr\u00e1ctica ahora mismo.<\/p>\n<p><strong>1. Cuando quieres preguntar o responder qu\u00e9 te parece algo o alguien.<\/strong><\/p>\n<p><em>Voc\u00ea<\/em><strong><em> acha <\/em><\/strong><em>que essa camiseta ficou boa?<br \/>\n\u200d<\/em>\u00bfTe parece que me qued\u00f3 buena esa camiseta?<\/p>\n<p><strong><em>Acho<\/em><\/strong><em> que ficou perfeita, amiga!<br \/>\n\u200d<\/em>\u00a1Me parece que qued\u00f3 perfecta, amiga!<\/p>\n<p><em>N\u00e3o importa o que n\u00f3s <\/em><strong><em>achamos<\/em><\/strong><em>, a decis\u00e3o est\u00e1 tomada.<br \/>\n\u200d<\/em>No importa qu\u00e9 pensemos, la decisi\u00f3n est\u00e1 tomada.<\/p>\n<p><em>E o que eles <\/em><strong><em>acharam<\/em><\/strong><em> da viagem?<br \/>\n\u200d<\/em>\u00bfY qu\u00e9 les pareci\u00f3 el viaje?.<\/p>\n<p><strong>2. Cuando est\u00e1s buscando alguna cosa o a alguien.<\/strong><\/p>\n<p><em>Voc\u00ea<\/em><strong><em> achou <\/em><\/strong><em>a camiseta vermelha?<br \/>\n\u200d<\/em>\u00bfEncontraste la camiseta roja?<\/p>\n<p><strong><em>Achei <\/em><\/strong><em>as meias azuis que eu queria comprar pra mim.<br \/>\n\u200d<\/em>Encontr\u00e9 los calcetines azules que me quer\u00eda comprar.<\/p>\n<p><em>A Mar\u00eda <\/em><strong><em>achou<\/em><\/strong><em> o dinheiro que ela tinha perdido?<br \/>\n\u200d<\/em>\u00bfMar\u00eda encontr\u00f3 el dinero que hab\u00eda perdido?<\/p>\n<p><em>Quem <\/em><strong><em>achar<\/em><\/strong><em> primeiro, ganha o pr\u00eamio escondido!<br \/>\n\u200d<\/em>\u00a1Quien lo encuentre primero, gana el premio escondido!<\/p>\n<p><strong>Colores en portugu\u00e9s<\/strong><\/p>\n<p>Ya dir\u00edan los Bacilos, \u00a1el mundo ser\u00eda aburrido y triste sin colores!<\/p>\n<p>Ahora podr\u00e1s hablar de ellos en portugu\u00e9s. \ud83d\ude42<\/p>\n<p><em>Eu tenho uma camisa <\/em><strong><em>preta<\/em><\/strong><em>.<br \/>\n\u200d<\/em>Yo tengo una camisa negra.<\/p>\n<p><em>Voc\u00ea prefere as ma\u00e7\u00e3s <\/em><strong><em>verdes<\/em><\/strong><em> ou as <\/em><strong><em>vermelhas<\/em><\/strong><em>?<br \/>\n\u200d<\/em>\u00bfPrefieres las manzanas verdes o las rojas?<\/p>\n<p><em>A Ana fica linda com esmalte <\/em><strong><em>roxo<\/em><\/strong><em>.<br \/>\n\u200d<\/em>Ana queda linda con esmalte morado.<\/p>\n<p><em>As folhas ficam incr\u00edveis no outono, <\/em><strong><em>verde claro<\/em><\/strong><em>, <\/em><strong><em>verde escuro<\/em><\/strong><em> e <\/em><strong><em>marrom<\/em><\/strong><em> s\u00e3o minhas cores preferidas.<br \/>\n\u200d<\/em>Las hojas se vuelven incre\u00edbles en oto\u00f1o, verde claro, verde oscuro y marr\u00f3n son mis colores preferidos.<\/p>\n<p><em>Desta vez, de que cor voc\u00eas v\u00e3o pintar o cabelo? Cinza, lil\u00e1s ou laranja?<br \/>\n\u200d<\/em>Esta vez, \u00bfde qu\u00e9 color se van a te\u00f1ir el pelo? \u00bfGris, lila o naranja?<\/p>\n<p>E a\u00ed, o que <strong>voc\u00ea achou<\/strong> desse conte\u00fado?<\/p>\n<p>\u00a1Puedes aprender mucho m\u00e1s con nosotros ac\u00e1 en Fluency Academy! Inscr\u00edbete en nuestra Lista de Espera y recibe informaci\u00f3n de primera mano sobre la apertura de nuevos cupos, \u00a1solo tienes que hacer clic aqu\u00ed!<\/p>\n<p><em>At\u00e9 logo!<\/em><\/p>\n","protected":false},"excerpt":{"rendered":"<p>Ol\u00e1! Tudo belezinha? Bienvenido, bienvenida a un nuevo episodio de nuestro Walk &#8216;n&#8217; Talk, \u00a1el podcast que te ayudar\u00e1 a hablar portugu\u00e9s de una vez por todas! \u00bfDe qu\u00e9 color es la ropa que usas mientras escuchas este episodio? \u00bfSabes c\u00f3mo decirla en portugu\u00e9s? Di\u00e1logo A: Voc\u00ea acha que essa camiseta ficou boa? B: Aff, [&hellip;]<\/p>\n","protected":false},"author":6,"featured_media":50677,"comment_status":"open","ping_status":"open","sticky":false,"template":"","format":[18],"meta":{"inline_featured_image":false,"footnotes":""},"categories":[10],"tags":[],"class_list":["post-50676","post","type-post","status-publish","format-standard","has-post-thumbnail","hentry","category-gramatica","tipo-podcast-essentials","tipo-podcast-walk-n-talk","format-podcast"],"acf":[],"yoast_head":"<!-- This site is optimized with the Yoast SEO plugin v27.4 - https:\/\/yoast.com\/product\/yoast-seo-wordpress\/ -->\n<title>Walk &#039;n&#039; Talk Essentials Portugu\u00e9s #29 - Ese color no me gusta! \u00bfTienen opciones?<\/title>\n<meta name=\"robots\" content=\"index, follow, max-snippet:-1, max-image-preview:large, max-video-preview:-1\" \/>\n<link rel=\"canonical\" href=\"https:\/\/fluency.io\/es\/blog\/walk-n-talk-29-ese-color-no-me-gusta-tienen-opciones\/\" \/>\n<meta property=\"og:locale\" content=\"es_ES\" \/>\n<meta property=\"og:type\" content=\"article\" \/>\n<meta property=\"og:title\" content=\"Walk &#039;n&#039; Talk Essentials Portugu\u00e9s #29 - Ese color no me gusta! \u00bfTienen opciones?\" \/>\n<meta property=\"og:description\" content=\"Ol\u00e1! Tudo belezinha? Bienvenido, bienvenida a un nuevo episodio de nuestro Walk &#8216;n&#8217; Talk, \u00a1el podcast que te ayudar\u00e1 a hablar portugu\u00e9s de una vez por todas! \u00bfDe qu\u00e9 color es la ropa que usas mientras escuchas este episodio? \u00bfSabes c\u00f3mo decirla en portugu\u00e9s? Di\u00e1logo A: Voc\u00ea acha que essa camiseta ficou boa? B: Aff, [&hellip;]\" \/>\n<meta property=\"og:url\" content=\"https:\/\/fluency.io\/es\/blog\/walk-n-talk-29-ese-color-no-me-gusta-tienen-opciones\/\" \/>\n<meta property=\"og:site_name\" content=\"Fluency.io Espanhol\" \/>\n<meta property=\"article:published_time\" content=\"2023-12-07T00:11:58+00:00\" \/>\n<meta property=\"article:modified_time\" content=\"2024-07-30T17:53:52+00:00\" \/>\n<meta property=\"og:image\" content=\"http:\/\/fluency.io\/es\/wp-content\/uploads\/sites\/2\/2023\/12\/638124eafad0080ce66f8703_POR_WALK_N_TALK_THUMBS_29_PORTAL.jpg\" \/>\n\t<meta property=\"og:image:width\" content=\"1210\" \/>\n\t<meta property=\"og:image:height\" content=\"680\" \/>\n\t<meta property=\"og:image:type\" content=\"image\/jpeg\" \/>\n<meta name=\"twitter:card\" content=\"summary_large_image\" \/>\n<meta name=\"twitter:label1\" content=\"Escrito por\" \/>\n\t<meta name=\"twitter:data1\" content=\"marcelo\" \/>\n\t<meta name=\"twitter:label2\" content=\"Tiempo de lectura\" \/>\n\t<meta name=\"twitter:data2\" content=\"3 minutos\" \/>\n<script type=\"application\/ld+json\" class=\"yoast-schema-graph\">{\"@context\":\"https:\\\/\\\/schema.org\",\"@graph\":[{\"@type\":\"Article\",\"@id\":\"https:\\\/\\\/fluency.io\\\/es\\\/blog\\\/walk-n-talk-29-ese-color-no-me-gusta-tienen-opciones\\\/#article\",\"isPartOf\":{\"@id\":\"https:\\\/\\\/fluency.io\\\/es\\\/blog\\\/walk-n-talk-29-ese-color-no-me-gusta-tienen-opciones\\\/\"},\"author\":{\"name\":\"marcelo\",\"@id\":\"https:\\\/\\\/fluency.io\\\/es\\\/#\\\/schema\\\/person\\\/395d83f1006a72bd4912230eea50ff6f\"},\"headline\":\"Walk &#8216;n&#8217; Talk Essentials Portugu\u00e9s #29 &#8211; Ese color no me gusta! \u00bfTienen opciones?\",\"datePublished\":\"2023-12-07T00:11:58+00:00\",\"dateModified\":\"2024-07-30T17:53:52+00:00\",\"mainEntityOfPage\":{\"@id\":\"https:\\\/\\\/fluency.io\\\/es\\\/blog\\\/walk-n-talk-29-ese-color-no-me-gusta-tienen-opciones\\\/\"},\"wordCount\":630,\"commentCount\":0,\"image\":{\"@id\":\"https:\\\/\\\/fluency.io\\\/es\\\/blog\\\/walk-n-talk-29-ese-color-no-me-gusta-tienen-opciones\\\/#primaryimage\"},\"thumbnailUrl\":\"https:\\\/\\\/homolog.fluency.io\\\/es\\\/wp-content\\\/uploads\\\/sites\\\/2\\\/2023\\\/12\\\/638124eafad0080ce66f8703_POR_WALK_N_TALK_THUMBS_29_PORTAL.jpg\",\"articleSection\":[\"Gram\u00e1tica\"],\"inLanguage\":\"es\",\"potentialAction\":[{\"@type\":\"CommentAction\",\"name\":\"Comment\",\"target\":[\"https:\\\/\\\/fluency.io\\\/es\\\/blog\\\/walk-n-talk-29-ese-color-no-me-gusta-tienen-opciones\\\/#respond\"]}]},{\"@type\":\"WebPage\",\"@id\":\"https:\\\/\\\/fluency.io\\\/es\\\/blog\\\/walk-n-talk-29-ese-color-no-me-gusta-tienen-opciones\\\/\",\"url\":\"https:\\\/\\\/fluency.io\\\/es\\\/blog\\\/walk-n-talk-29-ese-color-no-me-gusta-tienen-opciones\\\/\",\"name\":\"Walk 'n' Talk Essentials Portugu\u00e9s #29 - Ese color no me gusta! \u00bfTienen opciones?\",\"isPartOf\":{\"@id\":\"https:\\\/\\\/fluency.io\\\/es\\\/#website\"},\"primaryImageOfPage\":{\"@id\":\"https:\\\/\\\/fluency.io\\\/es\\\/blog\\\/walk-n-talk-29-ese-color-no-me-gusta-tienen-opciones\\\/#primaryimage\"},\"image\":{\"@id\":\"https:\\\/\\\/fluency.io\\\/es\\\/blog\\\/walk-n-talk-29-ese-color-no-me-gusta-tienen-opciones\\\/#primaryimage\"},\"thumbnailUrl\":\"https:\\\/\\\/homolog.fluency.io\\\/es\\\/wp-content\\\/uploads\\\/sites\\\/2\\\/2023\\\/12\\\/638124eafad0080ce66f8703_POR_WALK_N_TALK_THUMBS_29_PORTAL.jpg\",\"datePublished\":\"2023-12-07T00:11:58+00:00\",\"dateModified\":\"2024-07-30T17:53:52+00:00\",\"author\":{\"@id\":\"https:\\\/\\\/fluency.io\\\/es\\\/#\\\/schema\\\/person\\\/395d83f1006a72bd4912230eea50ff6f\"},\"breadcrumb\":{\"@id\":\"https:\\\/\\\/fluency.io\\\/es\\\/blog\\\/walk-n-talk-29-ese-color-no-me-gusta-tienen-opciones\\\/#breadcrumb\"},\"inLanguage\":\"es\",\"potentialAction\":[{\"@type\":\"ReadAction\",\"target\":[\"https:\\\/\\\/fluency.io\\\/es\\\/blog\\\/walk-n-talk-29-ese-color-no-me-gusta-tienen-opciones\\\/\"]}]},{\"@type\":\"ImageObject\",\"inLanguage\":\"es\",\"@id\":\"https:\\\/\\\/fluency.io\\\/es\\\/blog\\\/walk-n-talk-29-ese-color-no-me-gusta-tienen-opciones\\\/#primaryimage\",\"url\":\"https:\\\/\\\/homolog.fluency.io\\\/es\\\/wp-content\\\/uploads\\\/sites\\\/2\\\/2023\\\/12\\\/638124eafad0080ce66f8703_POR_WALK_N_TALK_THUMBS_29_PORTAL.jpg\",\"contentUrl\":\"https:\\\/\\\/homolog.fluency.io\\\/es\\\/wp-content\\\/uploads\\\/sites\\\/2\\\/2023\\\/12\\\/638124eafad0080ce66f8703_POR_WALK_N_TALK_THUMBS_29_PORTAL.jpg\",\"width\":1210,\"height\":680,\"caption\":\"walk n talk 29 ese color no me gusta tienen opciones\"},{\"@type\":\"BreadcrumbList\",\"@id\":\"https:\\\/\\\/fluency.io\\\/es\\\/blog\\\/walk-n-talk-29-ese-color-no-me-gusta-tienen-opciones\\\/#breadcrumb\",\"itemListElement\":[{\"@type\":\"ListItem\",\"position\":1,\"name\":\"Home\",\"item\":\"https:\\\/\\\/homolog.fluency.io\\\/es\\\/\"},{\"@type\":\"ListItem\",\"position\":2,\"name\":\"Walk &#8216;n&#8217; Talk Essentials Portugu\u00e9s #29 &#8211; Ese color no me gusta! \u00bfTienen opciones?\"}]},{\"@type\":\"WebSite\",\"@id\":\"https:\\\/\\\/fluency.io\\\/es\\\/#website\",\"url\":\"https:\\\/\\\/fluency.io\\\/es\\\/\",\"name\":\"Fluency.io Espanhol\",\"description\":\"\",\"potentialAction\":[{\"@type\":\"SearchAction\",\"target\":{\"@type\":\"EntryPoint\",\"urlTemplate\":\"https:\\\/\\\/fluency.io\\\/es\\\/?s={search_term_string}\"},\"query-input\":{\"@type\":\"PropertyValueSpecification\",\"valueRequired\":true,\"valueName\":\"search_term_string\"}}],\"inLanguage\":\"es\"},{\"@type\":\"Person\",\"@id\":\"https:\\\/\\\/fluency.io\\\/es\\\/#\\\/schema\\\/person\\\/395d83f1006a72bd4912230eea50ff6f\",\"name\":\"marcelo\",\"image\":{\"@type\":\"ImageObject\",\"inLanguage\":\"es\",\"@id\":\"https:\\\/\\\/secure.gravatar.com\\\/avatar\\\/9050681441880d21ef4048d38965a107dc5b77bf302f57fa3939973bdafa41d8?s=96&d=mm&r=g\",\"url\":\"https:\\\/\\\/secure.gravatar.com\\\/avatar\\\/9050681441880d21ef4048d38965a107dc5b77bf302f57fa3939973bdafa41d8?s=96&d=mm&r=g\",\"contentUrl\":\"https:\\\/\\\/secure.gravatar.com\\\/avatar\\\/9050681441880d21ef4048d38965a107dc5b77bf302f57fa3939973bdafa41d8?s=96&d=mm&r=g\",\"caption\":\"marcelo\"},\"url\":\"https:\\\/\\\/homolog.fluency.io\\\/es\\\/author\\\/marcelo\\\/\"}]}<\/script>\n<!-- \/ Yoast SEO plugin. -->","yoast_head_json":{"title":"Walk 'n' Talk Essentials Portugu\u00e9s #29 - Ese color no me gusta! \u00bfTienen opciones?","robots":{"index":"index","follow":"follow","max-snippet":"max-snippet:-1","max-image-preview":"max-image-preview:large","max-video-preview":"max-video-preview:-1"},"canonical":"https:\/\/fluency.io\/es\/blog\/walk-n-talk-29-ese-color-no-me-gusta-tienen-opciones\/","og_locale":"es_ES","og_type":"article","og_title":"Walk 'n' Talk Essentials Portugu\u00e9s #29 - Ese color no me gusta! \u00bfTienen opciones?","og_description":"Ol\u00e1! Tudo belezinha? Bienvenido, bienvenida a un nuevo episodio de nuestro Walk &#8216;n&#8217; Talk, \u00a1el podcast que te ayudar\u00e1 a hablar portugu\u00e9s de una vez por todas! \u00bfDe qu\u00e9 color es la ropa que usas mientras escuchas este episodio? \u00bfSabes c\u00f3mo decirla en portugu\u00e9s? Di\u00e1logo A: Voc\u00ea acha que essa camiseta ficou boa? B: Aff, [&hellip;]","og_url":"https:\/\/fluency.io\/es\/blog\/walk-n-talk-29-ese-color-no-me-gusta-tienen-opciones\/","og_site_name":"Fluency.io Espanhol","article_published_time":"2023-12-07T00:11:58+00:00","article_modified_time":"2024-07-30T17:53:52+00:00","og_image":[{"width":1210,"height":680,"url":"http:\/\/fluency.io\/es\/wp-content\/uploads\/sites\/2\/2023\/12\/638124eafad0080ce66f8703_POR_WALK_N_TALK_THUMBS_29_PORTAL.jpg","type":"image\/jpeg"}],"twitter_card":"summary_large_image","twitter_misc":{"Escrito por":"marcelo","Tiempo de lectura":"3 minutos"},"schema":{"@context":"https:\/\/schema.org","@graph":[{"@type":"Article","@id":"https:\/\/fluency.io\/es\/blog\/walk-n-talk-29-ese-color-no-me-gusta-tienen-opciones\/#article","isPartOf":{"@id":"https:\/\/fluency.io\/es\/blog\/walk-n-talk-29-ese-color-no-me-gusta-tienen-opciones\/"},"author":{"name":"marcelo","@id":"https:\/\/fluency.io\/es\/#\/schema\/person\/395d83f1006a72bd4912230eea50ff6f"},"headline":"Walk &#8216;n&#8217; Talk Essentials Portugu\u00e9s #29 &#8211; Ese color no me gusta! \u00bfTienen opciones?","datePublished":"2023-12-07T00:11:58+00:00","dateModified":"2024-07-30T17:53:52+00:00","mainEntityOfPage":{"@id":"https:\/\/fluency.io\/es\/blog\/walk-n-talk-29-ese-color-no-me-gusta-tienen-opciones\/"},"wordCount":630,"commentCount":0,"image":{"@id":"https:\/\/fluency.io\/es\/blog\/walk-n-talk-29-ese-color-no-me-gusta-tienen-opciones\/#primaryimage"},"thumbnailUrl":"https:\/\/homolog.fluency.io\/es\/wp-content\/uploads\/sites\/2\/2023\/12\/638124eafad0080ce66f8703_POR_WALK_N_TALK_THUMBS_29_PORTAL.jpg","articleSection":["Gram\u00e1tica"],"inLanguage":"es","potentialAction":[{"@type":"CommentAction","name":"Comment","target":["https:\/\/fluency.io\/es\/blog\/walk-n-talk-29-ese-color-no-me-gusta-tienen-opciones\/#respond"]}]},{"@type":"WebPage","@id":"https:\/\/fluency.io\/es\/blog\/walk-n-talk-29-ese-color-no-me-gusta-tienen-opciones\/","url":"https:\/\/fluency.io\/es\/blog\/walk-n-talk-29-ese-color-no-me-gusta-tienen-opciones\/","name":"Walk 'n' Talk Essentials Portugu\u00e9s #29 - Ese color no me gusta! \u00bfTienen opciones?","isPartOf":{"@id":"https:\/\/fluency.io\/es\/#website"},"primaryImageOfPage":{"@id":"https:\/\/fluency.io\/es\/blog\/walk-n-talk-29-ese-color-no-me-gusta-tienen-opciones\/#primaryimage"},"image":{"@id":"https:\/\/fluency.io\/es\/blog\/walk-n-talk-29-ese-color-no-me-gusta-tienen-opciones\/#primaryimage"},"thumbnailUrl":"https:\/\/homolog.fluency.io\/es\/wp-content\/uploads\/sites\/2\/2023\/12\/638124eafad0080ce66f8703_POR_WALK_N_TALK_THUMBS_29_PORTAL.jpg","datePublished":"2023-12-07T00:11:58+00:00","dateModified":"2024-07-30T17:53:52+00:00","author":{"@id":"https:\/\/fluency.io\/es\/#\/schema\/person\/395d83f1006a72bd4912230eea50ff6f"},"breadcrumb":{"@id":"https:\/\/fluency.io\/es\/blog\/walk-n-talk-29-ese-color-no-me-gusta-tienen-opciones\/#breadcrumb"},"inLanguage":"es","potentialAction":[{"@type":"ReadAction","target":["https:\/\/fluency.io\/es\/blog\/walk-n-talk-29-ese-color-no-me-gusta-tienen-opciones\/"]}]},{"@type":"ImageObject","inLanguage":"es","@id":"https:\/\/fluency.io\/es\/blog\/walk-n-talk-29-ese-color-no-me-gusta-tienen-opciones\/#primaryimage","url":"https:\/\/homolog.fluency.io\/es\/wp-content\/uploads\/sites\/2\/2023\/12\/638124eafad0080ce66f8703_POR_WALK_N_TALK_THUMBS_29_PORTAL.jpg","contentUrl":"https:\/\/homolog.fluency.io\/es\/wp-content\/uploads\/sites\/2\/2023\/12\/638124eafad0080ce66f8703_POR_WALK_N_TALK_THUMBS_29_PORTAL.jpg","width":1210,"height":680,"caption":"walk n talk 29 ese color no me gusta tienen opciones"},{"@type":"BreadcrumbList","@id":"https:\/\/fluency.io\/es\/blog\/walk-n-talk-29-ese-color-no-me-gusta-tienen-opciones\/#breadcrumb","itemListElement":[{"@type":"ListItem","position":1,"name":"Home","item":"https:\/\/homolog.fluency.io\/es\/"},{"@type":"ListItem","position":2,"name":"Walk &#8216;n&#8217; Talk Essentials Portugu\u00e9s #29 &#8211; Ese color no me gusta! \u00bfTienen opciones?"}]},{"@type":"WebSite","@id":"https:\/\/fluency.io\/es\/#website","url":"https:\/\/fluency.io\/es\/","name":"Fluency.io Espanhol","description":"","potentialAction":[{"@type":"SearchAction","target":{"@type":"EntryPoint","urlTemplate":"https:\/\/fluency.io\/es\/?s={search_term_string}"},"query-input":{"@type":"PropertyValueSpecification","valueRequired":true,"valueName":"search_term_string"}}],"inLanguage":"es"},{"@type":"Person","@id":"https:\/\/fluency.io\/es\/#\/schema\/person\/395d83f1006a72bd4912230eea50ff6f","name":"marcelo","image":{"@type":"ImageObject","inLanguage":"es","@id":"https:\/\/secure.gravatar.com\/avatar\/9050681441880d21ef4048d38965a107dc5b77bf302f57fa3939973bdafa41d8?s=96&d=mm&r=g","url":"https:\/\/secure.gravatar.com\/avatar\/9050681441880d21ef4048d38965a107dc5b77bf302f57fa3939973bdafa41d8?s=96&d=mm&r=g","contentUrl":"https:\/\/secure.gravatar.com\/avatar\/9050681441880d21ef4048d38965a107dc5b77bf302f57fa3939973bdafa41d8?s=96&d=mm&r=g","caption":"marcelo"},"url":"https:\/\/homolog.fluency.io\/es\/author\/marcelo\/"}]}},"_links":{"self":[{"href":"https:\/\/homolog.fluency.io\/es\/wp-json\/wp\/v2\/posts\/50676","targetHints":{"allow":["GET"]}}],"collection":[{"href":"https:\/\/homolog.fluency.io\/es\/wp-json\/wp\/v2\/posts"}],"about":[{"href":"https:\/\/homolog.fluency.io\/es\/wp-json\/wp\/v2\/types\/post"}],"author":[{"embeddable":true,"href":"https:\/\/homolog.fluency.io\/es\/wp-json\/wp\/v2\/users\/6"}],"replies":[{"embeddable":true,"href":"https:\/\/homolog.fluency.io\/es\/wp-json\/wp\/v2\/comments?post=50676"}],"version-history":[{"count":2,"href":"https:\/\/homolog.fluency.io\/es\/wp-json\/wp\/v2\/posts\/50676\/revisions"}],"predecessor-version":[{"id":53807,"href":"https:\/\/homolog.fluency.io\/es\/wp-json\/wp\/v2\/posts\/50676\/revisions\/53807"}],"wp:featuredmedia":[{"embeddable":true,"href":"https:\/\/homolog.fluency.io\/es\/wp-json\/wp\/v2\/media\/50677"}],"wp:attachment":[{"href":"https:\/\/homolog.fluency.io\/es\/wp-json\/wp\/v2\/media?parent=50676"}],"wp:term":[{"taxonomy":"category","embeddable":true,"href":"https:\/\/homolog.fluency.io\/es\/wp-json\/wp\/v2\/categories?post=50676"},{"taxonomy":"post_tag","embeddable":true,"href":"https:\/\/homolog.fluency.io\/es\/wp-json\/wp\/v2\/tags?post=50676"},{"taxonomy":"format","embeddable":true,"href":"https:\/\/homolog.fluency.io\/es\/wp-json\/wp\/v2\/format?post=50676"}],"curies":[{"name":"wp","href":"https:\/\/api.w.org\/{rel}","templated":true}]}}